{"id":23808,"date":"2018-11-17T15:32:53","date_gmt":"2018-11-17T12:32:53","guid":{"rendered":"http:\/\/arantv.az\/?p=23808"},"modified":"2018-11-17T15:32:53","modified_gmt":"2018-11-17T12:32:53","slug":"prezident-ilham-%c9%99liyev-oman-v%c9%99-latviya-dovl%c9%99t-bascilarini-t%c9%99brik-edib","status":"publish","type":"post","link":"https:\/\/arantv.az\/?p=23808","title":{"rendered":"Prezident \u0130lham \u018fliyev Oman v\u0259 Latviya d\u00f6vl\u0259t ba\u015f\u00e7\u0131lar\u0131n\u0131 t\u0259brik edib"},"content":{"rendered":"<p><strong>Prezident \u0130lham \u018fliyev Oman\u0131n Sultan\u0131 Qabus bin S\u0259id\u0259 t\u0259brik m\u0259ktubu \u00fcnvanlay\u0131b.<\/strong><\/p>\n<p><strong>ARANTV.AZ<\/strong> az\u0259rtac-a istinad\u0259n bildirir ki, t\u0259brik m\u0259ktubunda deyilir:<\/p>\n<p>&#8220;\u018flah\u0259zr\u0259t,<\/p>\n<p>\u00d6lk\u0259nizin milli bayram\u0131 m\u00fcnasib\u0259til\u0259 Sizi v\u0259 Sizin siman\u0131zda b\u00fct\u00fcn xalq\u0131n\u0131z\u0131 \u00f6z ad\u0131mdan v\u0259 Az\u0259rbaycan xalq\u0131 ad\u0131ndan \u00fcr\u0259kd\u0259n t\u0259brik edir\u0259m.<\/p>\n<p>Bu \u0259lam\u0259tdar g\u00fcnd\u0259 Siz\u0259 m\u00f6hk\u0259m cansa\u011fl\u0131\u011f\u0131 v\u0259 xo\u015fb\u0259xtlik, dost Oman xalq\u0131na daim \u0259min-amanl\u0131q v\u0259 rifah dil\u0259yir\u0259m&#8221;.<\/p>\n<p>X X X<\/p>\n<p>Az\u0259rbaycan Prezidenti \u0130lham \u018fliyev Latviya Respublikas\u0131n\u0131n Prezidenti Raymonds Veyonis\u0259 d\u0259 t\u0259brik m\u0259ktubu \u00fcnvanlay\u0131b:<\/p>\n<p>&#8220;H\u00f6rm\u0259tli c\u0259nab Prezident,<\/p>\n<p>Latviya Respublikas\u0131n\u0131n milli bayram\u0131 &#8211; M\u00fcst\u0259qillik G\u00fcn\u00fc m\u00fcnasib\u0259til\u0259 Siz\u0259 v\u0259 xalq\u0131n\u0131za \u015f\u0259xs\u0259n \u00f6z ad\u0131mdan v\u0259 Az\u0259rbaycan xalq\u0131 ad\u0131ndan \u0259n s\u0259mimi t\u0259brikl\u0259rimi yetirir\u0259m.<\/p>\n<p>Az\u0259rbaycan-Latviya m\u00fcnasib\u0259tl\u0259rinin haz\u0131rk\u0131 s\u0259viyy\u0259si m\u0259mnunluq do\u011furur. \u0130nan\u0131ram ki, \u00f6lk\u0259l\u0259rimiz aras\u0131ndak\u0131 siyasi, iqtisadi v\u0259 m\u0259d\u0259ni \u0259laq\u0259l\u0259r xalqlar\u0131m\u0131z\u0131n m\u0259nafel\u0259rin\u0259 uy\u011fun olaraq bundan sonra da inki\u015faf ed\u0259c\u0259k v\u0259 geni\u015fl\u0259n\u0259c\u0259kdir.<\/p>\n<p>Bel\u0259 bir xo\u015f g\u00fcnd\u0259 Siz\u0259 m\u00f6hk\u0259m cansa\u011fl\u0131\u011f\u0131, i\u015fl\u0259rinizd\u0259 u\u011furlar, dost Latviya xalq\u0131na daim \u0259min-amanl\u0131q v\u0259 firavanl\u0131q dil\u0259yir\u0259m&#8221;.<\/p>\n","protected":false},"excerpt":{"rendered":"<p>Prezident \u0130lham \u018fliyev Oman\u0131n Sultan\u0131 Qabus bin S\u0259id\u0259 t\u0259brik m\u0259ktubu \u00fcnvanlay\u0131b. ARANTV.AZ az\u0259rtac-a istinad\u0259n bildirir ki, t\u0259brik m\u0259ktubunda deyilir: &#8220;\u018flah\u0259zr\u0259t, \u00d6lk\u0259nizin milli bayram\u0131 m\u00fcnasib\u0259til\u0259 Sizi v\u0259 Sizin siman\u0131zda b\u00fct\u00fcn xalq\u0131n\u0131z\u0131 \u00f6z ad\u0131mdan v\u0259 Az\u0259rbaycan xalq\u0131 ad\u0131ndan \u00fcr\u0259kd\u0259n t\u0259brik edir\u0259m. Bu \u0259lam\u0259tdar g\u00fcnd\u0259 Siz\u0259 m\u00f6hk\u0259m cansa\u011fl\u0131\u011f\u0131 v\u0259 xo\u015fb\u0259xtlik, dost Oman xalq\u0131na daim \u0259min-amanl\u0131q v\u0259 rifah dil\u0259yir\u0259m&#8221;. X X X Az\u0259rbaycan Prezidenti \u0130lham \u018fliyev Latviya Respublikas\u0131n\u0131n Prezidenti Raymonds Veyonis\u0259 d\u0259 t\u0259brik m\u0259ktubu \u00fcnvanlay\u0131b: &#8220;H\u00f6rm\u0259tli c\u0259nab Prezident, Latviya Respublikas\u0131n\u0131n milli bayram\u0131 &#8211; M\u00fcst\u0259qillik G\u00fcn\u00fc m\u00fcnasib\u0259til\u0259 Siz\u0259 v\u0259 xalq\u0131n\u0131za \u015f\u0259xs\u0259n \u00f6z ad\u0131mdan v\u0259 Az\u0259rbaycan&hellip;<\/p>\n","protected":false},"author":2,"featured_media":23809,"comment_status":"closed","ping_status":"closed","sticky":false,"template":"","format":"standard","meta":{"om_disable_all_campaigns":false,"_monsterinsights_skip_tracking":false,"_monsterinsights_sitenote_active":false,"_monsterinsights_sitenote_note":"","_monsterinsights_sitenote_category":0},"categories":[8],"tags":[],"aioseo_notices":[],"gutentor_comment":0,"rttpg_featured_image_url":{"full":["https:\/\/arantv.az\/wp-content\/uploads\/2018\/11\/2018_ilham_aliyev_01-2.jpg",600,450,false],"landscape":["https:\/\/arantv.az\/wp-content\/uploads\/2018\/11\/2018_ilham_aliyev_01-2.jpg",600,450,false],"portraits":["https:\/\/arantv.az\/wp-content\/uploads\/2018\/11\/2018_ilham_aliyev_01-2.jpg",600,450,false],"thumbnail":["https:\/\/arantv.az\/wp-content\/uploads\/2018\/11\/2018_ilham_aliyev_01-2-150x150.jpg",150,150,true],"medium":["https:\/\/arantv.az\/wp-content\/uploads\/2018\/11\/2018_ilham_aliyev_01-2-300x225.jpg",300,225,true],"large":["https:\/\/arantv.az\/wp-content\/uploads\/2018\/11\/2018_ilham_aliyev_01-2.jpg",600,450,false],"1536x1536":["https:\/\/arantv.az\/wp-content\/uploads\/2018\/11\/2018_ilham_aliyev_01-2.jpg",600,450,false],"2048x2048":["https:\/\/arantv.az\/wp-content\/uploads\/2018\/11\/2018_ilham_aliyev_01-2.jpg",600,450,false],"post-thumbnail":["https:\/\/arantv.az\/wp-content\/uploads\/2018\/11\/2018_ilham_aliyev_01-2-240x172.jpg",240,172,true],"advps-thumb-one":["https:\/\/arantv.az\/wp-content\/uploads\/2018\/11\/2018_ilham_aliyev_01-2.jpg",600,450,false]},"rttpg_author":{"display_name":"V\u00fcsal Rafiqo\u011flu","author_link":"https:\/\/arantv.az\/?author=2"},"rttpg_comment":0,"rttpg_category":"<a href=\"https:\/\/arantv.az\/?cat=8\" rel=\"category\">\u018fsas s\u0259hif\u0259<\/a>","rttpg_excerpt":"Prezident \u0130lham \u018fliyev Oman\u0131n Sultan\u0131 Qabus bin S\u0259id\u0259 t\u0259brik m\u0259ktubu \u00fcnvanlay\u0131b. ARANTV.AZ az\u0259rtac-a istinad\u0259n bildirir ki, t\u0259brik m\u0259ktubunda deyilir: &#8220;\u018flah\u0259zr\u0259t, \u00d6lk\u0259nizin milli bayram\u0131 m\u00fcnasib\u0259til\u0259 Sizi v\u0259 Sizin siman\u0131zda b\u00fct\u00fcn xalq\u0131n\u0131z\u0131 \u00f6z ad\u0131mdan v\u0259 Az\u0259rbaycan xalq\u0131 ad\u0131ndan \u00fcr\u0259kd\u0259n t\u0259brik edir\u0259m. Bu \u0259lam\u0259tdar g\u00fcnd\u0259 Siz\u0259 m\u00f6hk\u0259m cansa\u011fl\u0131\u011f\u0131 v\u0259 xo\u015fb\u0259xtlik, dost Oman xalq\u0131na daim \u0259min-amanl\u0131q v\u0259 rifah dil\u0259yir\u0259m&#8221;.&hellip;","_links":{"self":[{"href":"https:\/\/arantv.az\/index.php?rest_route=\/wp\/v2\/posts\/23808"}],"collection":[{"href":"https:\/\/arantv.az\/index.php?rest_route=\/wp\/v2\/posts"}],"about":[{"href":"https:\/\/arantv.az\/index.php?rest_route=\/wp\/v2\/types\/post"}],"author":[{"embeddable":true,"href":"https:\/\/arantv.az\/index.php?rest_route=\/wp\/v2\/users\/2"}],"replies":[{"embeddable":true,"href":"https:\/\/arantv.az\/index.php?rest_route=%2Fwp%2Fv2%2Fcomments&post=23808"}],"version-history":[{"count":0,"href":"https:\/\/arantv.az\/index.php?rest_route=\/wp\/v2\/posts\/23808\/revisions"}],"wp:featuredmedia":[{"embeddable":true,"href":"https:\/\/arantv.az\/index.php?rest_route=\/wp\/v2\/media\/23809"}],"wp:attachment":[{"href":"https:\/\/arantv.az\/index.php?rest_route=%2Fwp%2Fv2%2Fmedia&parent=23808"}],"wp:term":[{"taxonomy":"category","embeddable":true,"href":"https:\/\/arantv.az\/index.php?rest_route=%2Fwp%2Fv2%2Fcategories&post=23808"},{"taxonomy":"post_tag","embeddable":true,"href":"https:\/\/arantv.az\/index.php?rest_route=%2Fwp%2Fv2%2Ftags&post=23808"}],"curies":[{"name":"wp","href":"https:\/\/api.w.org\/{rel}","templated":true}]}}