{"id":23811,"date":"2018-11-17T15:34:06","date_gmt":"2018-11-17T12:34:06","guid":{"rendered":"http:\/\/arantv.az\/?p=23811"},"modified":"2018-11-17T15:34:06","modified_gmt":"2018-11-17T12:34:06","slug":"nazir-muavini-birinci-xanim-mehriban-%c9%99liyevanin-az%c9%99rbaycan-gimnastika-federasiyasinin-prezidenti-secilm%c9%99sind%c9%99n-sonra-bu-sah%c9%99d%c9%99-boyuk-donus-yaranib","status":"publish","type":"post","link":"https:\/\/arantv.az\/?p=23811","title":{"rendered":"Nazir m\u00fcavini: &#8220;Birinci xan\u0131m Mehriban \u018fliyevan\u0131n Az\u0259rbaycan Gimnastika Federasiyas\u0131n\u0131n prezidenti se\u00e7ilm\u0259sind\u0259n sonra bu sah\u0259d\u0259 b\u00f6y\u00fck d\u00f6n\u00fc\u015f yaran\u0131b&#8221;"},"content":{"rendered":"<blockquote><p><em><strong>Birinci xan\u0131m Mehriban \u018fliyevan\u0131n Az\u0259rbaycan Gimnastika Federasiyas\u0131n\u0131n prezidenti se\u00e7ilm\u0259sind\u0259n sonra bu sah\u0259d\u0259 b\u00f6y\u00fck d\u00f6n\u00fc\u015f yaran\u0131b.<\/strong><\/em><\/p><\/blockquote>\n<p><strong>ARANTV.AZ<\/strong> trend-\u0259 istinad\u0259n bildirir ki, bunu g\u0259ncl\u0259r v\u0259 idman nazirinin m\u00fcavin \u0130smay\u0131l \u0130smay\u0131lov Bak\u0131da ke\u00e7iril\u0259n akrobatika gimnastikas\u0131 \u00fczr\u0259 D\u00fcnya Kuboku yar\u0131\u015flar\u0131n\u0131n a\u00e7\u0131l\u0131\u015f m\u0259rasimind\u0259 \u00e7\u0131x\u0131\u015f\u0131 zaman\u0131 deyib.<\/p>\n<p>Nazir m\u00fcavini qeyd edib: &#8220;Bu g\u00fcn Az\u0259rbaycana daha bir idman bayram\u0131 g\u0259lib. D\u00fcnyan\u0131n \u0259n g\u00fccl\u00fc gimnastlar\u0131 q\u0259dim v\u0259 g\u00f6z\u0259l Bak\u0131 \u015f\u0259h\u0259rin\u0259 topla\u015f\u0131blar. Akrobatika gimnastikas\u0131 \u00fczr\u0259 D\u00fcnya Kuboku yar\u0131\u015flar\u0131nda i\u015ftirak etm\u0259k \u00fc\u00e7\u00fcn Odlar Yurdu Az\u0259rbaycana t\u0259\u015frif g\u0259tirmi\u015f b\u00fct\u00fcn qonaqlar\u0131 s\u0259mimi q\u0259lbd\u0259n salamlay\u0131r v\u0259 h\u0259r biriniz\u0259 &#8220;Az\u0259rbaycana xo\u015f g\u0259lmi\u015fsiniz!&#8221; deyir\u0259m&#8221;.<\/p>\n<p>\u0130.\u0130smay\u0131lov bildirib ki, bu g\u00fcn Az\u0259rbaycan d\u00fcnyada art\u0131q bir idman \u00f6lk\u0259si kimi tan\u0131n\u0131r: &#8220;Az\u0259rbaycan h\u0259r bir t\u0259dbiri, o c\u00fcml\u0259d\u0259n idman t\u0259dbirl\u0259rini y\u00fcks\u0259k s\u0259viyy\u0259d\u0259 ke\u00e7irm\u0259y\u0259 qadirdir v\u0259 bunun s\u00fcbutu olaraq Az\u0259rbaycan\u0131n Birinci vitse-prezidenti Mehriban xan\u0131m \u018fliyevan\u0131n s\u0259dri oldu\u011fu T\u0259\u015fkilat Komit\u0259sinin r\u0259hb\u0259rliyi il\u0259 2015-ci ild\u0259 Bak\u0131 \u015f\u0259h\u0259rind\u0259 ke\u00e7irilmi\u015f ilk Avropa Oyunlar\u0131n\u0131 v\u0259 iki il sonra ke\u00e7irilmi\u015f IV \u0130slam H\u0259mr\u0259yliyi Oyunlar\u0131n\u0131, 2016-c\u0131 ild\u0259 t\u0259\u015fkil edilmi\u015f \u00dcmumd\u00fcnya \u015eahmat Olimpiadas\u0131n\u0131, 2016, 2017 v\u0259 2018-ci ill\u0259rd\u0259 ke\u00e7irilmi\u015f &#8220;Formula-1&#8221; Qran-Pri yar\u0131\u015flar\u0131n\u0131, bir s\u0131ra idman n\u00f6vl\u0259ri \u00fczr\u0259 d\u00fcnya v\u0259 Avropa \u00e7empionatlar\u0131n\u0131, D\u00fcnya Kuboku v\u0259 &#8220;B\u00f6y\u00fck d\u0259bilq\u0259&#8221; yar\u0131\u015flar\u0131n\u0131, y\u00fczl\u0259rl\u0259 beyn\u0259lxalq turniri g\u00f6st\u0259r\u0259 bil\u0259rik. 2019-cu ild\u0259 Bak\u0131 \u015f\u0259h\u0259rind\u0259 ke\u00e7iril\u0259c\u0259k Avropa G\u0259ncl\u0259r Festival\u0131, futbol \u00fczr\u0259 Avropa Liqas\u0131n\u0131n final mat\u00e7\u0131 v\u0259 2020-ci ild\u0259 ke\u00e7iril\u0259c\u0259k futbol \u00fczr\u0259 Avropa \u00e7empionat\u0131n\u0131n qrup oyunlar\u0131 da bu m\u00f6ht\u0259\u015f\u0259m silsil\u0259nin davam\u0131 olacaq&#8221;.<\/p>\n<p>O \u0259lav\u0259 edib ki, bu g\u00fcn Az\u0259rbaycan m\u00fcasir, d\u00fcny\u0259vi, sabit v\u0259 demokratik bir \u00f6lk\u0259dir v\u0259 insanlar\u0131n sa\u011flam h\u0259yat t\u0259rzi s\u00fcrm\u0259si, g\u0259ncl\u0259rin sa\u011flam ruhda b\u00f6y\u00fcm\u0259si \u00fc\u00e7\u00fcn h\u0259r bir \u015f\u0259rait yarad\u0131l\u0131b: &#8220;T\u0259bii ki, b\u00fct\u00fcn bunlar Az\u0259rbaycan xalq\u0131n\u0131n umummilli lideri Heyd\u0259r \u018fliyevin \u0259sas\u0131n\u0131 qoydu\u011fu uzaqg\u00f6r\u0259n siyas\u0259tin n\u0259tic\u0259dir. Ulu \u00f6nd\u0259rin siyas\u0259tini davam etdir\u0259n \u00f6lk\u0259 Prezidenti v\u0259 Milli Olimpiya Komit\u0259sinin prezidenti c\u0259nab \u0130lham \u018fliyevin bilavasit\u0259 \u015f\u0259xsi t\u0259\u015f\u0259bb\u00fcs\u00fc il\u0259 Az\u0259rbaycan\u0131n b\u00fct\u00fcn regionlar\u0131nda 50-y\u0259 yax\u0131n Olimpiya kompleksinin, m\u00f6ht\u0259\u015f\u0259m idman qur\u011fular\u0131n\u0131n a\u00e7\u0131l\u0131b istifad\u0259y\u0259 verilm\u0259si il\u0259, idman\u00e7\u0131lara g\u00f6st\u0259ril\u0259n x\u00fcsusi diqq\u0259t v\u0259 qay\u011f\u0131 n\u0259tic\u0259sind\u0259 \u0259ld\u0259 edil\u0259n nailyy\u0259tl\u0259r m\u00fcqayis\u0259 olunmayacaq d\u0259r\u0259c\u0259d\u0259 art\u0131b. H\u0259l\u0259 ke\u00e7mi\u015f SSR\u0130 d\u00f6vr\u00fcnd\u0259 bel\u0259, Az\u0259rbaycan idman\u00e7\u0131lar\u0131 aras\u0131nda Olimpiya \u00e7empionlar\u0131 v\u0259 m\u00fckafat\u00e7\u0131lar\u0131, d\u00fcnya v\u0259 Avropa \u00e7empionlar\u0131 var idis\u0259 d\u0259, bu g\u00fcn bu \u00e7empionlar\u0131m\u0131z\u0131n say\u0131 h\u0259dsiz d\u0259r\u0259c\u0259d\u0259 y\u00fcks\u0259lib&#8221;.<\/p>\n<p>Nazir m\u00fcavini vur\u011fulay\u0131b ki, Az\u0259rbaycanda \u0259ks\u0259r idman n\u00f6vl\u0259ri il\u0259 b\u0259rab\u0259r, gimnastika idman n\u00f6v\u00fc d\u0259 s\u00fcr\u0259tl\u0259 inki\u015faf etdirilir: &#8220;X\u00fcsusil\u0259 2002-ci ild\u0259 \u00f6lk\u0259mizin birinci xan\u0131m\u0131 Mehriban \u018fliyevan\u0131n Az\u0259rbaycan Gimnastika Federasiyas\u0131n\u0131n prezidenti se\u00e7ilm\u0259sind\u0259n sonra bu sah\u0259d\u0259 b\u00f6y\u00fck d\u00f6n\u00fc\u015f yaran\u0131b. Bu g\u00fcn gimnastlar\u0131m\u0131z d\u00fcnya v\u0259 Avropa \u00e7empionatlar\u0131nda, D\u00fcnya Kuboku v\u0259 Qran-Pri yar\u0131\u015flar\u0131nda art\u0131q d\u00fcnyan\u0131n \u0259n \u00f6nd\u0259 ged\u0259n gimnastlar\u0131n\u0131n \u0259sas r\u0259qibl\u0259rin\u0259 \u00e7evrilib, onlarla ba\u015faba\u015f m\u00fcbariz\u0259 apar\u0131r v\u0259 h\u0259tta onlar\u0131 qabaqlayaraq medallara sahib olurlar.<\/p>\n<p>Akrobatika gimnastikas\u0131 \u00fczr\u0259 D\u00fcnya Kuboku yar\u0131\u015flar\u0131 haz\u0131rda i\u015ftirak etdiyiniz bu g\u00f6z\u0259l v\u0259 m\u00f6ht\u0259\u015f\u0259m sarayda &#8211; Milli Gimnastika Arenas\u0131nda ke\u00e7irilir. Bu m\u00f6t\u0259b\u0259r yar\u0131\u015f\u0131n ke\u00e7irilm\u0259sind\u0259 Az\u0259rbaycana etimad g\u00f6st\u0259rmi\u015f Beyn\u0259lxalq Gimnastika Federasiyas\u0131n\u0131n r\u0259hb\u0259rliyin\u0259 d\u0259rin minn\u0259tdarl\u0131\u011f\u0131m\u0131z\u0131 bildirir, bir daha b\u00fct\u00fcn idman ictimaiyy\u0259tini bu bayram m\u00fcnasib\u0259til\u0259 \u00fcr\u0259kd\u0259n t\u0259brik edir, i\u015ftirak\u00e7\u0131lara u\u011furlar v\u0259 azarke\u015fl\u0259r\u0259 z\u00f6vq b\u0259x\u015f etdir\u0259c\u0259k \u00e7\u0131x\u0131\u015flar n\u00fcmayi\u015f etdirm\u0259yi arzulay\u0131ram!&#8221;<\/p>\n","protected":false},"excerpt":{"rendered":"<p>Birinci xan\u0131m Mehriban \u018fliyevan\u0131n Az\u0259rbaycan Gimnastika Federasiyas\u0131n\u0131n prezidenti se\u00e7ilm\u0259sind\u0259n sonra bu sah\u0259d\u0259 b\u00f6y\u00fck d\u00f6n\u00fc\u015f yaran\u0131b. ARANTV.AZ trend-\u0259 istinad\u0259n bildirir ki, bunu g\u0259ncl\u0259r v\u0259 idman nazirinin m\u00fcavin \u0130smay\u0131l \u0130smay\u0131lov Bak\u0131da ke\u00e7iril\u0259n akrobatika gimnastikas\u0131 \u00fczr\u0259 D\u00fcnya Kuboku yar\u0131\u015flar\u0131n\u0131n a\u00e7\u0131l\u0131\u015f m\u0259rasimind\u0259 \u00e7\u0131x\u0131\u015f\u0131 zaman\u0131 deyib. Nazir m\u00fcavini qeyd edib: &#8220;Bu g\u00fcn Az\u0259rbaycana daha bir idman bayram\u0131 g\u0259lib. D\u00fcnyan\u0131n \u0259n g\u00fccl\u00fc gimnastlar\u0131 q\u0259dim v\u0259 g\u00f6z\u0259l Bak\u0131 \u015f\u0259h\u0259rin\u0259 topla\u015f\u0131blar. Akrobatika gimnastikas\u0131 \u00fczr\u0259 D\u00fcnya Kuboku yar\u0131\u015flar\u0131nda i\u015ftirak etm\u0259k \u00fc\u00e7\u00fcn Odlar Yurdu Az\u0259rbaycana t\u0259\u015frif g\u0259tirmi\u015f b\u00fct\u00fcn qonaqlar\u0131 s\u0259mimi q\u0259lbd\u0259n salamlay\u0131r v\u0259 h\u0259r biriniz\u0259 &#8220;Az\u0259rbaycana xo\u015f g\u0259lmi\u015fsiniz!&#8221; deyir\u0259m&#8221;. \u0130.\u0130smay\u0131lov&hellip;<\/p>\n","protected":false},"author":2,"featured_media":23812,"comment_status":"closed","ping_status":"closed","sticky":false,"template":"","format":"standard","meta":{"om_disable_all_campaigns":false,"_monsterinsights_skip_tracking":false,"_monsterinsights_sitenote_active":false,"_monsterinsights_sitenote_note":"","_monsterinsights_sitenote_category":0},"categories":[4],"tags":[],"aioseo_notices":[],"gutentor_comment":0,"rttpg_featured_image_url":{"full":["https:\/\/arantv.az\/wp-content\/uploads\/2018\/11\/704751_14.jpg",660,440,false],"landscape":["https:\/\/arantv.az\/wp-content\/uploads\/2018\/11\/704751_14.jpg",660,440,false],"portraits":["https:\/\/arantv.az\/wp-content\/uploads\/2018\/11\/704751_14.jpg",660,440,false],"thumbnail":["https:\/\/arantv.az\/wp-content\/uploads\/2018\/11\/704751_14-150x150.jpg",150,150,true],"medium":["https:\/\/arantv.az\/wp-content\/uploads\/2018\/11\/704751_14-300x200.jpg",300,200,true],"large":["https:\/\/arantv.az\/wp-content\/uploads\/2018\/11\/704751_14.jpg",640,427,false],"1536x1536":["https:\/\/arantv.az\/wp-content\/uploads\/2018\/11\/704751_14.jpg",660,440,false],"2048x2048":["https:\/\/arantv.az\/wp-content\/uploads\/2018\/11\/704751_14.jpg",660,440,false],"post-thumbnail":["https:\/\/arantv.az\/wp-content\/uploads\/2018\/11\/704751_14-240x172.jpg",240,172,true],"advps-thumb-one":["https:\/\/arantv.az\/wp-content\/uploads\/2018\/11\/704751_14.jpg",660,440,false]},"rttpg_author":{"display_name":"V\u00fcsal Rafiqo\u011flu","author_link":"https:\/\/arantv.az\/?author=2"},"rttpg_comment":0,"rttpg_category":"<a href=\"https:\/\/arantv.az\/?cat=4\" rel=\"category\">Siyas\u0259t<\/a>","rttpg_excerpt":"Birinci xan\u0131m Mehriban \u018fliyevan\u0131n Az\u0259rbaycan Gimnastika Federasiyas\u0131n\u0131n prezidenti se\u00e7ilm\u0259sind\u0259n sonra bu sah\u0259d\u0259 b\u00f6y\u00fck d\u00f6n\u00fc\u015f yaran\u0131b. ARANTV.AZ trend-\u0259 istinad\u0259n bildirir ki, bunu g\u0259ncl\u0259r v\u0259 idman nazirinin m\u00fcavin \u0130smay\u0131l \u0130smay\u0131lov Bak\u0131da ke\u00e7iril\u0259n akrobatika gimnastikas\u0131 \u00fczr\u0259 D\u00fcnya Kuboku yar\u0131\u015flar\u0131n\u0131n a\u00e7\u0131l\u0131\u015f m\u0259rasimind\u0259 \u00e7\u0131x\u0131\u015f\u0131 zaman\u0131 deyib. Nazir m\u00fcavini qeyd edib: &#8220;Bu g\u00fcn Az\u0259rbaycana daha bir idman bayram\u0131 g\u0259lib. D\u00fcnyan\u0131n \u0259n&hellip;","_links":{"self":[{"href":"https:\/\/arantv.az\/index.php?rest_route=\/wp\/v2\/posts\/23811"}],"collection":[{"href":"https:\/\/arantv.az\/index.php?rest_route=\/wp\/v2\/posts"}],"about":[{"href":"https:\/\/arantv.az\/index.php?rest_route=\/wp\/v2\/types\/post"}],"author":[{"embeddable":true,"href":"https:\/\/arantv.az\/index.php?rest_route=\/wp\/v2\/users\/2"}],"replies":[{"embeddable":true,"href":"https:\/\/arantv.az\/index.php?rest_route=%2Fwp%2Fv2%2Fcomments&post=23811"}],"version-history":[{"count":0,"href":"https:\/\/arantv.az\/index.php?rest_route=\/wp\/v2\/posts\/23811\/revisions"}],"wp:featuredmedia":[{"embeddable":true,"href":"https:\/\/arantv.az\/index.php?rest_route=\/wp\/v2\/media\/23812"}],"wp:attachment":[{"href":"https:\/\/arantv.az\/index.php?rest_route=%2Fwp%2Fv2%2Fmedia&parent=23811"}],"wp:term":[{"taxonomy":"category","embeddable":true,"href":"https:\/\/arantv.az\/index.php?rest_route=%2Fwp%2Fv2%2Fcategories&post=23811"},{"taxonomy":"post_tag","embeddable":true,"href":"https:\/\/arantv.az\/index.php?rest_route=%2Fwp%2Fv2%2Ftags&post=23811"}],"curies":[{"name":"wp","href":"https:\/\/api.w.org\/{rel}","templated":true}]}}