{"id":23814,"date":"2018-11-17T15:35:01","date_gmt":"2018-11-17T12:35:01","guid":{"rendered":"http:\/\/arantv.az\/?p=23814"},"modified":"2018-11-17T15:35:01","modified_gmt":"2018-11-17T12:35:01","slug":"at%c9%99t-in-minsk-qrupu-isgalci-erm%c9%99nistana-t%c9%99zyiq-gost%c9%99rm%c9%99k-ucun-butun-al%c9%99tl%c9%99rd%c9%99n-maksimum-istifad%c9%99-etm%c9%99lidir","status":"publish","type":"post","link":"https:\/\/arantv.az\/?p=23814","title":{"rendered":"&#8220;AT\u018fT-in Minsk qrupu i\u015f\u011fal\u00e7\u0131 Erm\u0259nistana t\u0259zyiq g\u00f6st\u0259rm\u0259k \u00fc\u00e7\u00fcn b\u00fct\u00fcn al\u0259tl\u0259rd\u0259n maksimum istifad\u0259 etm\u0259lidir&#8221;"},"content":{"rendered":"<blockquote><p><em><strong>Erm\u0259nistan\u0131n Az\u0259rbaycan\u0131n i\u015f\u011fal olunmu\u015f \u0259razil\u0259rind\u0259 qanunsuz f\u0259aliyy\u0259ti \u0259sas probleml\u0259rd\u0259n biridir v\u0259 bu m\u0259s\u0259l\u0259ni n\u0259inki \u00f6lk\u0259 daxilind\u0259 t\u0259\u015fkil edilmi\u015f t\u0259dbirl\u0259r \u00e7\u0259r\u00e7iv\u0259sind\u0259, el\u0259c\u0259 d\u0259 xaricd\u0259 m\u00fczakir\u0259 etm\u0259k laz\u0131md\u0131r.<\/strong><\/em><\/p><\/blockquote>\n<p><strong>ARANTV.AZ<\/strong> trend-\u0259 istinad\u0259n bildirir ki, bunu Milli M\u0259clisin Beyn\u0259lxalq m\u00fcnasib\u0259tl\u0259r v\u0259 parlamentl\u0259raras\u0131 \u0259laq\u0259l\u0259r komit\u0259sini s\u0259dri S\u0259m\u0259d Seyidov Bak\u0131da ke\u00e7iril\u0259n &#8220;\u0130\u015f\u011fal olunmu\u015f Az\u0259rbaycan \u0259razil\u0259rind\u0259 qeyri-qanuni f\u0259aliyy\u0259tl\u0259r v\u0259 \u00fc\u00e7\u00fcnc\u00fc t\u0259r\u0259fl\u0259rin m\u0259suliyy\u0259ti&#8221; m\u00f6vzusunda beyn\u0259lxalq konfransda deyib.<\/p>\n<p>Onun s\u00f6zl\u0259rin\u0259 g\u00f6r\u0259, Az\u0259rbaycan n\u00fcmay\u0259nd\u0259 hey\u0259ti diqq\u0259ti i\u015f\u011fal olunmu\u015f \u0259razil\u0259rimizd\u0259ki v\u0259ziyy\u0259t\u0259 c\u0259lb etm\u0259k \u00fc\u00e7\u00fcn bu m\u0259s\u0259l\u0259ni m\u00fct\u0259madi olaraq beyn\u0259lxalq qurumlar s\u0259viyy\u0259sind\u0259 qald\u0131r\u0131r:<\/p>\n<p>&#8220;Bu g\u00fcn bu m\u0259s\u0259l\u0259 Avropa \u015euras\u0131n\u0131n m\u00fczakir\u0259sin\u0259 \u00e7\u0131xar\u0131l\u0131b v\u0259 m\u0259n hesab edir\u0259m ki, beyn\u0259lxalq qurumlarda, Avropada az\u0259rbaycanl\u0131 parlamentaril\u0259rin m\u00fcmk\u00fcn i\u015ftirak\u0131 il\u0259 bug\u00fcnk\u00fc s\u0259viyy\u0259d\u0259 konfrans ke\u00e7irm\u0259k laz\u0131md\u0131r. D\u00fc\u015f\u00fcn\u00fcr\u0259m ki, bu t\u0259rkibd\u0259 \u00e7oxt\u0259r\u0259fli formatda konfrans\u0131n t\u0259\u015fkili son d\u0259r\u0259c\u0259 vacibdir. Bu, h\u0259min qlobal problemin h\u0259lli mexanizml\u0259rinin axtar\u0131\u015f\u0131 \u00fc\u00e7\u00fcn daha s\u0259m\u0259r\u0259li vasit\u0259 ola bil\u0259r&#8221;.<\/p>\n<p>Komit\u0259 s\u0259dri bildirib ki, bu problem\u0259 AT\u018fT-in Minsk qrupu da x\u00fcsusi diqq\u0259t ay\u0131rmal\u0131d\u0131r: &#8220;Minsk qrupu h\u0259r il n\u00fcmayi\u015f etdirdiyi kimi passiv f\u0259aliyy\u0259t g\u00f6st\u0259rm\u0259m\u0259lidir, \u0259ksin\u0259, i\u015f\u011fal\u00e7\u0131 \u00f6lk\u0259 olan Erm\u0259nistana t\u0259zyiq g\u00f6st\u0259rm\u0259k \u00fc\u00e7\u00fcn b\u00fct\u00fcn al\u0259tl\u0259rd\u0259n maksimum istifad\u0259 etm\u0259lidir&#8221;.<\/p>\n","protected":false},"excerpt":{"rendered":"<p>Erm\u0259nistan\u0131n Az\u0259rbaycan\u0131n i\u015f\u011fal olunmu\u015f \u0259razil\u0259rind\u0259 qanunsuz f\u0259aliyy\u0259ti \u0259sas probleml\u0259rd\u0259n biridir v\u0259 bu m\u0259s\u0259l\u0259ni n\u0259inki \u00f6lk\u0259 daxilind\u0259 t\u0259\u015fkil edilmi\u015f t\u0259dbirl\u0259r \u00e7\u0259r\u00e7iv\u0259sind\u0259, el\u0259c\u0259 d\u0259 xaricd\u0259 m\u00fczakir\u0259 etm\u0259k laz\u0131md\u0131r. ARANTV.AZ trend-\u0259 istinad\u0259n bildirir ki, bunu Milli M\u0259clisin Beyn\u0259lxalq m\u00fcnasib\u0259tl\u0259r v\u0259 parlamentl\u0259raras\u0131 \u0259laq\u0259l\u0259r komit\u0259sini s\u0259dri S\u0259m\u0259d Seyidov Bak\u0131da ke\u00e7iril\u0259n &#8220;\u0130\u015f\u011fal olunmu\u015f Az\u0259rbaycan \u0259razil\u0259rind\u0259 qeyri-qanuni f\u0259aliyy\u0259tl\u0259r v\u0259 \u00fc\u00e7\u00fcnc\u00fc t\u0259r\u0259fl\u0259rin m\u0259suliyy\u0259ti&#8221; m\u00f6vzusunda beyn\u0259lxalq konfransda deyib. Onun s\u00f6zl\u0259rin\u0259 g\u00f6r\u0259, Az\u0259rbaycan n\u00fcmay\u0259nd\u0259 hey\u0259ti diqq\u0259ti i\u015f\u011fal olunmu\u015f \u0259razil\u0259rimizd\u0259ki v\u0259ziyy\u0259t\u0259 c\u0259lb etm\u0259k \u00fc\u00e7\u00fcn bu m\u0259s\u0259l\u0259ni m\u00fct\u0259madi olaraq beyn\u0259lxalq qurumlar s\u0259viyy\u0259sind\u0259 qald\u0131r\u0131r: &#8220;Bu g\u00fcn bu m\u0259s\u0259l\u0259 Avropa \u015euras\u0131n\u0131n m\u00fczakir\u0259sin\u0259 \u00e7\u0131xar\u0131l\u0131b v\u0259&hellip;<\/p>\n","protected":false},"author":2,"featured_media":23815,"comment_status":"closed","ping_status":"closed","sticky":false,"template":"","format":"standard","meta":{"om_disable_all_campaigns":false,"_monsterinsights_skip_tracking":false,"_monsterinsights_sitenote_active":false,"_monsterinsights_sitenote_note":"","_monsterinsights_sitenote_category":0},"categories":[4],"tags":[],"aioseo_notices":[],"gutentor_comment":0,"rttpg_featured_image_url":{"full":["https:\/\/arantv.az\/wp-content\/uploads\/2018\/11\/semed_seyidov_041.jpg",800,600,false],"landscape":["https:\/\/arantv.az\/wp-content\/uploads\/2018\/11\/semed_seyidov_041.jpg",800,600,false],"portraits":["https:\/\/arantv.az\/wp-content\/uploads\/2018\/11\/semed_seyidov_041.jpg",800,600,false],"thumbnail":["https:\/\/arantv.az\/wp-content\/uploads\/2018\/11\/semed_seyidov_041-150x150.jpg",150,150,true],"medium":["https:\/\/arantv.az\/wp-content\/uploads\/2018\/11\/semed_seyidov_041-300x225.jpg",300,225,true],"large":["https:\/\/arantv.az\/wp-content\/uploads\/2018\/11\/semed_seyidov_041.jpg",640,480,false],"1536x1536":["https:\/\/arantv.az\/wp-content\/uploads\/2018\/11\/semed_seyidov_041.jpg",800,600,false],"2048x2048":["https:\/\/arantv.az\/wp-content\/uploads\/2018\/11\/semed_seyidov_041.jpg",800,600,false],"post-thumbnail":["https:\/\/arantv.az\/wp-content\/uploads\/2018\/11\/semed_seyidov_041-240x172.jpg",240,172,true],"advps-thumb-one":["https:\/\/arantv.az\/wp-content\/uploads\/2018\/11\/semed_seyidov_041.jpg",800,600,false]},"rttpg_author":{"display_name":"V\u00fcsal Rafiqo\u011flu","author_link":"https:\/\/arantv.az\/?author=2"},"rttpg_comment":0,"rttpg_category":"<a href=\"https:\/\/arantv.az\/?cat=4\" rel=\"category\">Siyas\u0259t<\/a>","rttpg_excerpt":"Erm\u0259nistan\u0131n Az\u0259rbaycan\u0131n i\u015f\u011fal olunmu\u015f \u0259razil\u0259rind\u0259 qanunsuz f\u0259aliyy\u0259ti \u0259sas probleml\u0259rd\u0259n biridir v\u0259 bu m\u0259s\u0259l\u0259ni n\u0259inki \u00f6lk\u0259 daxilind\u0259 t\u0259\u015fkil edilmi\u015f t\u0259dbirl\u0259r \u00e7\u0259r\u00e7iv\u0259sind\u0259, el\u0259c\u0259 d\u0259 xaricd\u0259 m\u00fczakir\u0259 etm\u0259k laz\u0131md\u0131r. ARANTV.AZ trend-\u0259 istinad\u0259n bildirir ki, bunu Milli M\u0259clisin Beyn\u0259lxalq m\u00fcnasib\u0259tl\u0259r v\u0259 parlamentl\u0259raras\u0131 \u0259laq\u0259l\u0259r komit\u0259sini s\u0259dri S\u0259m\u0259d Seyidov Bak\u0131da ke\u00e7iril\u0259n &#8220;\u0130\u015f\u011fal olunmu\u015f Az\u0259rbaycan \u0259razil\u0259rind\u0259 qeyri-qanuni f\u0259aliyy\u0259tl\u0259r v\u0259 \u00fc\u00e7\u00fcnc\u00fc t\u0259r\u0259fl\u0259rin m\u0259suliyy\u0259ti&#8221;&hellip;","_links":{"self":[{"href":"https:\/\/arantv.az\/index.php?rest_route=\/wp\/v2\/posts\/23814"}],"collection":[{"href":"https:\/\/arantv.az\/index.php?rest_route=\/wp\/v2\/posts"}],"about":[{"href":"https:\/\/arantv.az\/index.php?rest_route=\/wp\/v2\/types\/post"}],"author":[{"embeddable":true,"href":"https:\/\/arantv.az\/index.php?rest_route=\/wp\/v2\/users\/2"}],"replies":[{"embeddable":true,"href":"https:\/\/arantv.az\/index.php?rest_route=%2Fwp%2Fv2%2Fcomments&post=23814"}],"version-history":[{"count":0,"href":"https:\/\/arantv.az\/index.php?rest_route=\/wp\/v2\/posts\/23814\/revisions"}],"wp:featuredmedia":[{"embeddable":true,"href":"https:\/\/arantv.az\/index.php?rest_route=\/wp\/v2\/media\/23815"}],"wp:attachment":[{"href":"https:\/\/arantv.az\/index.php?rest_route=%2Fwp%2Fv2%2Fmedia&parent=23814"}],"wp:term":[{"taxonomy":"category","embeddable":true,"href":"https:\/\/arantv.az\/index.php?rest_route=%2Fwp%2Fv2%2Fcategories&post=23814"},{"taxonomy":"post_tag","embeddable":true,"href":"https:\/\/arantv.az\/index.php?rest_route=%2Fwp%2Fv2%2Ftags&post=23814"}],"curies":[{"name":"wp","href":"https:\/\/api.w.org\/{rel}","templated":true}]}}