{"id":23823,"date":"2018-11-17T16:15:09","date_gmt":"2018-11-17T13:15:09","guid":{"rendered":"http:\/\/arantv.az\/?p=23823"},"modified":"2018-11-17T16:15:09","modified_gmt":"2018-11-17T13:15:09","slug":"nazird%c9%99n-45500-pensiyaciya-sad-x%c9%99b%c9%99r-t%c9%99qaudl%c9%99ri-38-faiz-artacaq","status":"publish","type":"post","link":"https:\/\/arantv.az\/?p=23823","title":{"rendered":"Nazird\u0259n 45500 pensiya\u00e7\u0131ya \u015eAD X\u018fB\u018fR: t\u0259qa\u00fcdl\u0259ri 38 faiz artacaq"},"content":{"rendered":"<p><strong>&#8220;2019-cu ild\u0259 45 500 insan\u0131n pensiyas\u0131 35 faiz artacaq&#8221;.<\/strong><\/p>\n<p><strong>ARANTV.AZ<\/strong>-\u0131n &#8220;Report&#8221;a istinad\u0259n x\u0259b\u0259r verir ki, bunu m\u0259tbuat konfrans\u0131nda \u0259m\u0259k v\u0259 \u0259halinin sosial m\u00fcdafi\u0259si naziri Sahil Babayev deyib.<\/p>\n<p>O bildirib ki, g\u0259l\u0259n il h\u0259m\u00e7inin 38 min \u015f\u0259xsin ayl\u0131q g\u0259liri 48% artacaq: &#8220;Pensiya t\u0259yinat\u0131n\u0131n avtomatla\u015fd\u0131r\u0131lmas\u0131 h\u0259r il 67 min pensiya alan \u015f\u0259xsin h\u0259yat\u0131n\u0131 y\u00fcng\u00fcll\u0259\u015fdir\u0259c\u0259k. Art\u0131q pensiyalar\u0131n t\u0259yin olunmas\u0131 avtomatik qaydada apar\u0131lacaq, v\u0259t\u0259nda\u015flar\u0131m\u0131z\u0131n D\u00f6vl\u0259t Sosial M\u00fcdafi\u0259 Fondunun yerli \u015f\u00f6b\u0259l\u0259rin\u0259 getm\u0259l\u0259rin\u0259 ehtiyac qalmayacaq&#8221;.<\/p>\n","protected":false},"excerpt":{"rendered":"<p>&#8220;2019-cu ild\u0259 45 500 insan\u0131n pensiyas\u0131 35 faiz artacaq&#8221;. ARANTV.AZ-\u0131n &#8220;Report&#8221;a istinad\u0259n x\u0259b\u0259r verir ki, bunu m\u0259tbuat konfrans\u0131nda \u0259m\u0259k v\u0259 \u0259halinin sosial m\u00fcdafi\u0259si naziri Sahil Babayev deyib. O bildirib ki, g\u0259l\u0259n il h\u0259m\u00e7inin 38 min \u015f\u0259xsin ayl\u0131q g\u0259liri 48% artacaq: &#8220;Pensiya t\u0259yinat\u0131n\u0131n avtomatla\u015fd\u0131r\u0131lmas\u0131 h\u0259r il 67 min pensiya alan \u015f\u0259xsin h\u0259yat\u0131n\u0131 y\u00fcng\u00fcll\u0259\u015fdir\u0259c\u0259k. Art\u0131q pensiyalar\u0131n t\u0259yin olunmas\u0131 avtomatik qaydada apar\u0131lacaq, v\u0259t\u0259nda\u015flar\u0131m\u0131z\u0131n D\u00f6vl\u0259t Sosial M\u00fcdafi\u0259 Fondunun yerli \u015f\u00f6b\u0259l\u0259rin\u0259 getm\u0259l\u0259rin\u0259 ehtiyac qalmayacaq&#8221;.<\/p>\n","protected":false},"author":2,"featured_media":23824,"comment_status":"closed","ping_status":"closed","sticky":false,"template":"","format":"standard","meta":{"om_disable_all_campaigns":false,"_monsterinsights_skip_tracking":false,"_monsterinsights_sitenote_active":false,"_monsterinsights_sitenote_note":"","_monsterinsights_sitenote_category":0},"categories":[1],"tags":[],"aioseo_notices":[],"gutentor_comment":0,"rttpg_featured_image_url":{"full":["https:\/\/arantv.az\/wp-content\/uploads\/2018\/11\/46492954_261823494521725_2956940367452176384_n.jpg",800,450,false],"landscape":["https:\/\/arantv.az\/wp-content\/uploads\/2018\/11\/46492954_261823494521725_2956940367452176384_n.jpg",800,450,false],"portraits":["https:\/\/arantv.az\/wp-content\/uploads\/2018\/11\/46492954_261823494521725_2956940367452176384_n.jpg",800,450,false],"thumbnail":["https:\/\/arantv.az\/wp-content\/uploads\/2018\/11\/46492954_261823494521725_2956940367452176384_n-150x150.jpg",150,150,true],"medium":["https:\/\/arantv.az\/wp-content\/uploads\/2018\/11\/46492954_261823494521725_2956940367452176384_n-300x169.jpg",300,169,true],"large":["https:\/\/arantv.az\/wp-content\/uploads\/2018\/11\/46492954_261823494521725_2956940367452176384_n.jpg",640,360,false],"1536x1536":["https:\/\/arantv.az\/wp-content\/uploads\/2018\/11\/46492954_261823494521725_2956940367452176384_n.jpg",800,450,false],"2048x2048":["https:\/\/arantv.az\/wp-content\/uploads\/2018\/11\/46492954_261823494521725_2956940367452176384_n.jpg",800,450,false],"post-thumbnail":["https:\/\/arantv.az\/wp-content\/uploads\/2018\/11\/46492954_261823494521725_2956940367452176384_n-240x172.jpg",240,172,true],"advps-thumb-one":["https:\/\/arantv.az\/wp-content\/uploads\/2018\/11\/46492954_261823494521725_2956940367452176384_n.jpg",800,450,false]},"rttpg_author":{"display_name":"V\u00fcsal Rafiqo\u011flu","author_link":"https:\/\/arantv.az\/?author=2"},"rttpg_comment":0,"rttpg_category":"<a href=\"https:\/\/arantv.az\/?cat=1\" rel=\"category\">C\u0259miyy\u0259t<\/a>","rttpg_excerpt":"&#8220;2019-cu ild\u0259 45 500 insan\u0131n pensiyas\u0131 35 faiz artacaq&#8221;. ARANTV.AZ-\u0131n &#8220;Report&#8221;a istinad\u0259n x\u0259b\u0259r verir ki, bunu m\u0259tbuat konfrans\u0131nda \u0259m\u0259k v\u0259 \u0259halinin sosial m\u00fcdafi\u0259si naziri Sahil Babayev deyib. O bildirib ki, g\u0259l\u0259n il h\u0259m\u00e7inin 38 min \u015f\u0259xsin ayl\u0131q g\u0259liri 48% artacaq: &#8220;Pensiya t\u0259yinat\u0131n\u0131n avtomatla\u015fd\u0131r\u0131lmas\u0131 h\u0259r il 67 min pensiya alan \u015f\u0259xsin h\u0259yat\u0131n\u0131 y\u00fcng\u00fcll\u0259\u015fdir\u0259c\u0259k. Art\u0131q pensiyalar\u0131n t\u0259yin&hellip;","_links":{"self":[{"href":"https:\/\/arantv.az\/index.php?rest_route=\/wp\/v2\/posts\/23823"}],"collection":[{"href":"https:\/\/arantv.az\/index.php?rest_route=\/wp\/v2\/posts"}],"about":[{"href":"https:\/\/arantv.az\/index.php?rest_route=\/wp\/v2\/types\/post"}],"author":[{"embeddable":true,"href":"https:\/\/arantv.az\/index.php?rest_route=\/wp\/v2\/users\/2"}],"replies":[{"embeddable":true,"href":"https:\/\/arantv.az\/index.php?rest_route=%2Fwp%2Fv2%2Fcomments&post=23823"}],"version-history":[{"count":0,"href":"https:\/\/arantv.az\/index.php?rest_route=\/wp\/v2\/posts\/23823\/revisions"}],"wp:featuredmedia":[{"embeddable":true,"href":"https:\/\/arantv.az\/index.php?rest_route=\/wp\/v2\/media\/23824"}],"wp:attachment":[{"href":"https:\/\/arantv.az\/index.php?rest_route=%2Fwp%2Fv2%2Fmedia&parent=23823"}],"wp:term":[{"taxonomy":"category","embeddable":true,"href":"https:\/\/arantv.az\/index.php?rest_route=%2Fwp%2Fv2%2Fcategories&post=23823"},{"taxonomy":"post_tag","embeddable":true,"href":"https:\/\/arantv.az\/index.php?rest_route=%2Fwp%2Fv2%2Ftags&post=23823"}],"curies":[{"name":"wp","href":"https:\/\/api.w.org\/{rel}","templated":true}]}}