{"id":23829,"date":"2018-11-17T16:18:50","date_gmt":"2018-11-17T13:18:50","guid":{"rendered":"http:\/\/arantv.az\/?p=23829"},"modified":"2018-11-17T16:18:50","modified_gmt":"2018-11-17T13:18:50","slug":"r%c9%99smi-minskd%c9%99n-cavab-pasinyan-kuc%c9%99-demokratiyasi-qaydalarinin-boyuk-siyas%c9%99td%c9%99-q%c9%99buledilm%c9%99z-oldugunu-h%c9%99l%c9%99-anlamayib","status":"publish","type":"post","link":"https:\/\/arantv.az\/?p=23829","title":{"rendered":"R\u0259smi Minskd\u0259n CAVAB: &#8220;Pa\u015finyan &#8220;k\u00fc\u00e7\u0259 demokratiyas\u0131&#8221; qaydalar\u0131n\u0131n b\u00f6y\u00fck siyas\u0259td\u0259 q\u0259buledilm\u0259z oldu\u011funu h\u0259l\u0259 anlamay\u0131b&#8221;"},"content":{"rendered":"<p>Belarus Xarici \u0130\u015fl\u0259r Nazirliyinin (X\u0130N) m\u0259tbuat katibi &#8211; \u0130nformasiya v\u0259 R\u0259q\u0259msal Diplomatiya \u0130dar\u0259sinin r\u0259isi Anatoli Qlaz Erm\u0259nistan\u0131n ba\u015f naziri v\u0259zif\u0259sini icra ed\u0259n Nikol Pa\u015finyan\u0131n b\u0259yanat\u0131n\u0131 \u015f\u0259rh edib.<\/p>\n<p><strong>ARANTV.AZ<\/strong> trend-\u0259 istinad\u0259n bildirir ki, Belarus X\u0130N-in sayt\u0131nda d\u0259rc olunan \u015f\u0259rhd\u0259 deyilir:<\/p>\n<p>&#8220;Dey\u0259s\u0259n, Erm\u0259nistan\u0131n ba\u015f naziri v\u0259zif\u0259sini icra ed\u0259n Nikol Pa\u015finyan \u00f6z\u00fcn\u00fc c\u0259zaland\u0131ran v\u0259 ya ba\u011f\u0131\u015flayan beyn\u0259lxalq prokuror z\u0259nn edib. Bunun Kollektiv T\u0259hl\u00fck\u0259sizlik M\u00fcqavil\u0259si T\u0259\u015fkilat\u0131n\u0131n sabiq ba\u015f katibi &#8211; Erm\u0259nistan v\u0259t\u0259nda\u015f\u0131 Yuri Xa\u00e7aturovla ba\u011fl\u0131 v\u0259ziyy\u0259td\u0259 m\u0259qbul olmas\u0131 m\u00fcmk\u00fcn ola bil\u0259r, lakin d\u00f6vl\u0259tl\u0259raras\u0131 m\u00fcnasib\u0259tl\u0259rd\u0259 tamamil\u0259 d\u0259qiq protokol v\u0259 etiket normalar\u0131 m\u00f6vcuddur.<\/p>\n<p>Y\u0259qin ki, Pa\u015finyan &#8220;k\u00fc\u00e7\u0259 demokratiyas\u0131&#8221; qaydalar\u0131n\u0131n b\u00f6y\u00fck siyas\u0259td\u0259 q\u0259buledilm\u0259z oldu\u011funu h\u0259l\u0259 anlamay\u0131b&#8221;.<\/p>\n<p>Qeyd ed\u0259k ki, N.Pa\u015finyan qeyri-pe\u015f\u0259karl\u0131\u011f\u0131n\u0131 v\u0259 s\u0259ri\u015ft\u0259sizliyini n\u00fcmayi\u015f etdir\u0259r\u0259k, Erm\u0259nistan\u0131n Belarus v\u0259 Qazax\u0131standan prezidentl\u0259r s\u0259viyy\u0259sind\u0259 izahat t\u0259l\u0259b ed\u0259c\u0259yini deyib. O bildirib: &#8220;He\u00e7 kimin bu q\u0259bild\u0259n olan b\u0259yanatlarla \u00e7\u0131x\u0131\u015f etm\u0259y\u0259 haqq\u0131 yoxdur, \u00e7\u00fcnki Kollektiv T\u0259hl\u00fck\u0259sizlik M\u00fcqavil\u0259si T\u0259\u015fkilat\u0131nda q\u0259rarlar konsensus vasit\u0259sil\u0259 q\u0259bul olunur v\u0259 biz bununla \u0259laq\u0259dar m\u00f6vqeyimizi bildirmi\u015fik&#8221;.<\/p>\n<div id=\"AdributorNativeVideo0\" class=\"AdributorNativeVideo\"><\/div>\n<p>Bundan \u0259vv\u0259l Erm\u0259nistan Xarici \u0130\u015fl\u0259r Nazirliyinin m\u0259tbuat xidm\u0259tinin r\u0259hb\u0259ri t\u0259r\u0259find\u0259n Belarus Prezidentinin KTMT-nin ba\u015f katibi il\u0259 \u0259laq\u0259dar verdiyi a\u00e7\u0131qlamas\u0131 &#8220;qeyri-korrekt&#8221; adland\u0131r\u0131lm\u0131\u015fd\u0131.<\/p>\n<p>Erm\u0259nistan Belarus v\u0259 Qazax\u0131stanla Kollektiv T\u0259hl\u00fck\u0259sizlik M\u00fcqavil\u0259si T\u0259\u015fkilat\u0131nda m\u00fctt\u0259fiq d\u00f6vl\u0259t olmas\u0131na baxmayaraq, ciddi t\u0259r\u0259fda\u015f kimi q\u0259bul olunmur. KTMT-nin ba\u015f katibi m\u0259s\u0259l\u0259si Erm\u0259nistanla m\u00fczakir\u0259 olunmur.<\/p>\n<p>Erm\u0259nistan\u0131n \u0259sas narahatl\u0131\u011f\u0131, q\u0131sqancl\u0131\u011f\u0131 KTMT-nin \u00fczv d\u00f6vl\u0259tl\u0259ri olan Qazax\u0131stan v\u0259 Belarusun Az\u0259rbaycana h\u00f6rm\u0259ti v\u0259 r\u0259\u011fb\u0259ti, Az\u0259rbaycanla bu \u00f6lk\u0259l\u0259r aras\u0131nda d\u00f6vl\u0259t ba\u015f\u00e7\u0131lar\u0131 s\u0259viyy\u0259sind\u0259 olan etimadl\u0131 dost m\u00fcnasib\u0259tl\u0259rdir.<\/p>\n","protected":false},"excerpt":{"rendered":"<p>Belarus Xarici \u0130\u015fl\u0259r Nazirliyinin (X\u0130N) m\u0259tbuat katibi &#8211; \u0130nformasiya v\u0259 R\u0259q\u0259msal Diplomatiya \u0130dar\u0259sinin r\u0259isi Anatoli Qlaz Erm\u0259nistan\u0131n ba\u015f naziri v\u0259zif\u0259sini icra ed\u0259n Nikol Pa\u015finyan\u0131n b\u0259yanat\u0131n\u0131 \u015f\u0259rh edib. ARANTV.AZ trend-\u0259 istinad\u0259n bildirir ki, Belarus X\u0130N-in sayt\u0131nda d\u0259rc olunan \u015f\u0259rhd\u0259 deyilir: &#8220;Dey\u0259s\u0259n, Erm\u0259nistan\u0131n ba\u015f naziri v\u0259zif\u0259sini icra ed\u0259n Nikol Pa\u015finyan \u00f6z\u00fcn\u00fc c\u0259zaland\u0131ran v\u0259 ya ba\u011f\u0131\u015flayan beyn\u0259lxalq prokuror z\u0259nn edib. Bunun Kollektiv T\u0259hl\u00fck\u0259sizlik M\u00fcqavil\u0259si T\u0259\u015fkilat\u0131n\u0131n sabiq ba\u015f katibi &#8211; Erm\u0259nistan v\u0259t\u0259nda\u015f\u0131 Yuri Xa\u00e7aturovla ba\u011fl\u0131 v\u0259ziyy\u0259td\u0259 m\u0259qbul olmas\u0131 m\u00fcmk\u00fcn ola bil\u0259r, lakin d\u00f6vl\u0259tl\u0259raras\u0131 m\u00fcnasib\u0259tl\u0259rd\u0259 tamamil\u0259 d\u0259qiq protokol v\u0259 etiket normalar\u0131 m\u00f6vcuddur. Y\u0259qin ki, Pa\u015finyan&hellip;<\/p>\n","protected":false},"author":2,"featured_media":23830,"comment_status":"closed","ping_status":"closed","sticky":false,"template":"","format":"standard","meta":{"om_disable_all_campaigns":false,"_monsterinsights_skip_tracking":false,"_monsterinsights_sitenote_active":false,"_monsterinsights_sitenote_note":"","_monsterinsights_sitenote_category":0},"categories":[7],"tags":[],"aioseo_notices":[],"gutentor_comment":0,"rttpg_featured_image_url":{"full":["https:\/\/arantv.az\/wp-content\/uploads\/2018\/11\/704765_4.jpg",468,294,false],"landscape":["https:\/\/arantv.az\/wp-content\/uploads\/2018\/11\/704765_4.jpg",468,294,false],"portraits":["https:\/\/arantv.az\/wp-content\/uploads\/2018\/11\/704765_4.jpg",468,294,false],"thumbnail":["https:\/\/arantv.az\/wp-content\/uploads\/2018\/11\/704765_4-150x150.jpg",150,150,true],"medium":["https:\/\/arantv.az\/wp-content\/uploads\/2018\/11\/704765_4-300x188.jpg",300,188,true],"large":["https:\/\/arantv.az\/wp-content\/uploads\/2018\/11\/704765_4.jpg",468,294,false],"1536x1536":["https:\/\/arantv.az\/wp-content\/uploads\/2018\/11\/704765_4.jpg",468,294,false],"2048x2048":["https:\/\/arantv.az\/wp-content\/uploads\/2018\/11\/704765_4.jpg",468,294,false],"post-thumbnail":["https:\/\/arantv.az\/wp-content\/uploads\/2018\/11\/704765_4-240x172.jpg",240,172,true],"advps-thumb-one":["https:\/\/arantv.az\/wp-content\/uploads\/2018\/11\/704765_4.jpg",468,294,false]},"rttpg_author":{"display_name":"V\u00fcsal Rafiqo\u011flu","author_link":"https:\/\/arantv.az\/?author=2"},"rttpg_comment":0,"rttpg_category":"<a href=\"https:\/\/arantv.az\/?cat=7\" rel=\"category\">D\u00fcnya<\/a>","rttpg_excerpt":"Belarus Xarici \u0130\u015fl\u0259r Nazirliyinin (X\u0130N) m\u0259tbuat katibi &#8211; \u0130nformasiya v\u0259 R\u0259q\u0259msal Diplomatiya \u0130dar\u0259sinin r\u0259isi Anatoli Qlaz Erm\u0259nistan\u0131n ba\u015f naziri v\u0259zif\u0259sini icra ed\u0259n Nikol Pa\u015finyan\u0131n b\u0259yanat\u0131n\u0131 \u015f\u0259rh edib. ARANTV.AZ trend-\u0259 istinad\u0259n bildirir ki, Belarus X\u0130N-in sayt\u0131nda d\u0259rc olunan \u015f\u0259rhd\u0259 deyilir: &#8220;Dey\u0259s\u0259n, Erm\u0259nistan\u0131n ba\u015f naziri v\u0259zif\u0259sini icra ed\u0259n Nikol Pa\u015finyan \u00f6z\u00fcn\u00fc c\u0259zaland\u0131ran v\u0259 ya ba\u011f\u0131\u015flayan beyn\u0259lxalq prokuror&hellip;","_links":{"self":[{"href":"https:\/\/arantv.az\/index.php?rest_route=\/wp\/v2\/posts\/23829"}],"collection":[{"href":"https:\/\/arantv.az\/index.php?rest_route=\/wp\/v2\/posts"}],"about":[{"href":"https:\/\/arantv.az\/index.php?rest_route=\/wp\/v2\/types\/post"}],"author":[{"embeddable":true,"href":"https:\/\/arantv.az\/index.php?rest_route=\/wp\/v2\/users\/2"}],"replies":[{"embeddable":true,"href":"https:\/\/arantv.az\/index.php?rest_route=%2Fwp%2Fv2%2Fcomments&post=23829"}],"version-history":[{"count":0,"href":"https:\/\/arantv.az\/index.php?rest_route=\/wp\/v2\/posts\/23829\/revisions"}],"wp:featuredmedia":[{"embeddable":true,"href":"https:\/\/arantv.az\/index.php?rest_route=\/wp\/v2\/media\/23830"}],"wp:attachment":[{"href":"https:\/\/arantv.az\/index.php?rest_route=%2Fwp%2Fv2%2Fmedia&parent=23829"}],"wp:term":[{"taxonomy":"category","embeddable":true,"href":"https:\/\/arantv.az\/index.php?rest_route=%2Fwp%2Fv2%2Fcategories&post=23829"},{"taxonomy":"post_tag","embeddable":true,"href":"https:\/\/arantv.az\/index.php?rest_route=%2Fwp%2Fv2%2Ftags&post=23829"}],"curies":[{"name":"wp","href":"https:\/\/api.w.org\/{rel}","templated":true}]}}