{"id":238320,"date":"2020-11-18T09:53:52","date_gmt":"2020-11-18T06:53:52","guid":{"rendered":"http:\/\/arantv.az\/?p=238320"},"modified":"2020-11-18T09:53:52","modified_gmt":"2020-11-18T06:53:52","slug":"az%c9%99rbaycan-investisiya-holdinqinin-f%c9%99aliyy%c9%99tinin-t%c9%99min-edilm%c9%99si-bar%c9%99d%c9%99-q%c9%99rar","status":"publish","type":"post","link":"https:\/\/arantv.az\/?p=238320","title":{"rendered":"Az\u0259rbaycan \u0130nvestisiya Holdinqinin f\u0259aliyy\u0259tinin t\u0259min edilm\u0259si bar\u0259d\u0259 Q\u018fRAR"},"content":{"rendered":"<p>\u201cAz\u0259rbaycan \u0130nvestisiya Holdinqinin f\u0259aliyy\u0259tinin t\u0259min edilm\u0259si haqq\u0131nda\u201d Az\u0259rbaycan Respublikas\u0131 Prezidentinin 2020-ci il 5 noyabr tarixli f\u0259rman\u0131n\u0131n icras\u0131n\u0131n t\u0259min edilm\u0259si bar\u0259d\u0259\u00a0<a href=\"https:\/\/nk.gov.az\/az\/document\/4914\/\" target=\"_blank\" rel=\"noopener\">q\u0259rar<\/a>\u00a0q\u0259bul edilib.<\/p>\n<p>Nazirl\u0259r Kabinetinin m\u0259lumat\u0131na \u0259sas\u0259n, Az\u0259rbaycan Respublikas\u0131n\u0131n \u018fdliyy\u0259 Nazirliyi, Az\u0259rbaycan Respublikas\u0131n\u0131n Maliyy\u0259 Nazirliyi, Az\u0259rbaycan Respublikas\u0131n\u0131n \u0130qtisadiyyat Nazirliyi, Az\u0259rbaycan \u0130nvestisiya Holdinqi v\u0259 icra prosesind\u0259 m\u00fc\u0259yy\u0259n edil\u0259c\u0259k dig\u0259r aidiyy\u0259ti d\u00f6vl\u0259t orqanlar\u0131 il\u0259 raz\u0131la\u015fd\u0131rmaqla m\u00fcvafiq f\u0259rmana uy\u011funla\u015fd\u0131r\u0131lma il\u0259 ba\u011fl\u0131 t\u0259klifl\u0259r iki ay m\u00fcdd\u0259tind\u0259 Az\u0259rbaycan Respublikas\u0131n\u0131n Nazirl\u0259r Kabinetin\u0259 t\u0259qdim edilm\u0259lidir.<\/p>\n<p>El\u0259c\u0259 d\u0259, Az\u0259rbaycan Respublikas\u0131 Nazirl\u0259r Kabinetinin normativ h\u00fcquqi aktlar\u0131n\u0131n f\u0259rmana uy\u011funla\u015fd\u0131r\u0131lmas\u0131 il\u0259 ba\u011fl\u0131 t\u0259klifl\u0259r iki ay m\u00fcdd\u0259tind\u0259 Az\u0259rbaycan Respublikas\u0131n\u0131n Nazirl\u0259r Kabinetin\u0259 t\u0259qdim edilm\u0259lidir.<\/p>\n<div id=\"AdviadNativeVideo0\" class=\"AdviadNativeVideo\"><\/div>\n<p>Raz\u0131la\u015fd\u0131rma prosesinin i\u015ftirak\u00e7\u0131lar\u0131 bu s\u0259r\u0259ncam\u0131n icras\u0131 il\u0259 ba\u011fl\u0131 normayaratma v\u0259zif\u0259l\u0259rind\u0259n ir\u0259li g\u0259l\u0259n m\u0259s\u0259l\u0259l\u0259r \u00fczr\u0259 m\u00fcvafiq t\u0259dbirl\u0259r g\u00f6r\u00fcb icra v\u0259ziyy\u0259ti t\u0259l\u0259b etdikd\u0259, m\u0259lumatlar\u0131 icra \u00fc\u00e7\u00fcn ayr\u0131lm\u0131\u015f m\u00fcdd\u0259tin birinci yar\u0131s\u0131 ba\u015fa \u00e7atanad\u0259k Az\u0259rbaycan Respublikas\u0131n\u0131n Nazirl\u0259r Kabinetin\u0259 t\u0259qdim edilm\u0259lidir.<\/p>\n<p>Q\u0259rara \u0259sas\u0259n m\u0259rk\u0259zi icra hakimiyy\u0259ti orqanlar\u0131 \u00fc\u00e7 aydan gec olmayaraq, f\u0259rman\u0131n icras\u0131n\u0131 t\u0259min etm\u0259k m\u0259qs\u0259dil\u0259 \u00f6z s\u0259lahiyy\u0259tl\u0259ri daxilind\u0259 normayaratma v\u0259zif\u0259l\u0259rind\u0259n ir\u0259li g\u0259l\u0259n t\u0259dbirl\u0259r g\u00f6r\u00fcb, normativ h\u00fcquqi aktlar\u0131n\u0131 v\u0259 ya t\u0259klifl\u0259rinin olmad\u0131\u011f\u0131 bar\u0259d\u0259 m\u0259lumat\u0131 Az\u0259rbaycan Respublikas\u0131n\u0131n \u018fdliyy\u0259 Nazirliyin\u0259 t\u0259qdim etm\u0259li v\u0259 icra v\u0259ziyy\u0259ti t\u0259l\u0259b etdikd\u0259, Az\u0259rbaycan Respublikas\u0131n\u0131n Nazirl\u0259r Kabinetin\u0259 m\u0259lumat verm\u0259lidirl\u0259r.<\/p>\n<p>Az\u0259rbaycan Respublikas\u0131n\u0131n \u018fdliyy\u0259 Nazirliyi m\u0259rk\u0259zi icra hakimiyy\u0259ti orqanlar\u0131n\u0131n normativ h\u00fcquqi aktlar\u0131n\u0131n v\u0259 normativ xarakterli aktlar\u0131n f\u0259rmana uy\u011funla\u015fd\u0131r\u0131lmas\u0131n\u0131 t\u0259min edib, bu bar\u0259d\u0259 d\u00f6rd ay m\u00fcdd\u0259tind\u0259 Az\u0259rbaycan Respublikas\u0131n\u0131n Nazirl\u0259r Kabinetin\u0259 m\u0259lumat verm\u0259lidir.<\/p>\n<p>Bu s\u0259r\u0259ncam\u0131n icras\u0131 Az\u0259rbaycan Respublikas\u0131 Nazirl\u0259r Kabineti Aparat\u0131n\u0131n H\u00fcquq v\u0259 qanunvericilik \u015f\u00f6b\u0259sin\u0259 h\u0259val\u0259 edilib v\u0259 imzalad\u0131\u011f\u0131 g\u00fcnd\u0259n q\u00fcvv\u0259y\u0259 minir.<\/p>\n","protected":false},"excerpt":{"rendered":"<p>\u201cAz\u0259rbaycan \u0130nvestisiya Holdinqinin f\u0259aliyy\u0259tinin t\u0259min edilm\u0259si haqq\u0131nda\u201d Az\u0259rbaycan Respublikas\u0131 Prezidentinin 2020-ci il 5 noyabr tarixli f\u0259rman\u0131n\u0131n icras\u0131n\u0131n t\u0259min edilm\u0259si bar\u0259d\u0259\u00a0q\u0259rar\u00a0q\u0259bul edilib. Nazirl\u0259r Kabinetinin m\u0259lumat\u0131na \u0259sas\u0259n, Az\u0259rbaycan Respublikas\u0131n\u0131n \u018fdliyy\u0259 Nazirliyi, Az\u0259rbaycan Respublikas\u0131n\u0131n Maliyy\u0259 Nazirliyi, Az\u0259rbaycan Respublikas\u0131n\u0131n \u0130qtisadiyyat Nazirliyi, Az\u0259rbaycan \u0130nvestisiya Holdinqi v\u0259 icra prosesind\u0259 m\u00fc\u0259yy\u0259n edil\u0259c\u0259k dig\u0259r aidiyy\u0259ti d\u00f6vl\u0259t orqanlar\u0131 il\u0259 raz\u0131la\u015fd\u0131rmaqla m\u00fcvafiq f\u0259rmana uy\u011funla\u015fd\u0131r\u0131lma il\u0259 ba\u011fl\u0131 t\u0259klifl\u0259r iki ay m\u00fcdd\u0259tind\u0259 Az\u0259rbaycan Respublikas\u0131n\u0131n Nazirl\u0259r Kabinetin\u0259 t\u0259qdim edilm\u0259lidir. El\u0259c\u0259 d\u0259, Az\u0259rbaycan Respublikas\u0131 Nazirl\u0259r Kabinetinin normativ h\u00fcquqi aktlar\u0131n\u0131n f\u0259rmana uy\u011funla\u015fd\u0131r\u0131lmas\u0131 il\u0259 ba\u011fl\u0131 t\u0259klifl\u0259r iki ay m\u00fcdd\u0259tind\u0259 Az\u0259rbaycan Respublikas\u0131n\u0131n Nazirl\u0259r Kabinetin\u0259 t\u0259qdim edilm\u0259lidir. Raz\u0131la\u015fd\u0131rma&hellip;<\/p>\n","protected":false},"author":2,"featured_media":238321,"comment_status":"closed","ping_status":"closed","sticky":false,"template":"","format":"standard","meta":{"om_disable_all_campaigns":false,"_monsterinsights_skip_tracking":false,"_monsterinsights_sitenote_active":false,"_monsterinsights_sitenote_note":"","_monsterinsights_sitenote_category":0},"categories":[19],"tags":[],"aioseo_notices":[],"gutentor_comment":0,"rttpg_featured_image_url":{"full":["https:\/\/arantv.az\/wp-content\/uploads\/2020\/11\/modern.az_nazirler_kabineti_9470503936_n_249.jpg",620,424,false],"landscape":["https:\/\/arantv.az\/wp-content\/uploads\/2020\/11\/modern.az_nazirler_kabineti_9470503936_n_249.jpg",620,424,false],"portraits":["https:\/\/arantv.az\/wp-content\/uploads\/2020\/11\/modern.az_nazirler_kabineti_9470503936_n_249.jpg",620,424,false],"thumbnail":["https:\/\/arantv.az\/wp-content\/uploads\/2020\/11\/modern.az_nazirler_kabineti_9470503936_n_249-150x150.jpg",150,150,true],"medium":["https:\/\/arantv.az\/wp-content\/uploads\/2020\/11\/modern.az_nazirler_kabineti_9470503936_n_249-300x205.jpg",300,205,true],"large":["https:\/\/arantv.az\/wp-content\/uploads\/2020\/11\/modern.az_nazirler_kabineti_9470503936_n_249.jpg",620,424,false],"1536x1536":["https:\/\/arantv.az\/wp-content\/uploads\/2020\/11\/modern.az_nazirler_kabineti_9470503936_n_249.jpg",620,424,false],"2048x2048":["https:\/\/arantv.az\/wp-content\/uploads\/2020\/11\/modern.az_nazirler_kabineti_9470503936_n_249.jpg",620,424,false],"post-thumbnail":["https:\/\/arantv.az\/wp-content\/uploads\/2020\/11\/modern.az_nazirler_kabineti_9470503936_n_249-240x172.jpg",240,172,true],"advps-thumb-one":["https:\/\/arantv.az\/wp-content\/uploads\/2020\/11\/modern.az_nazirler_kabineti_9470503936_n_249.jpg",620,424,false]},"rttpg_author":{"display_name":"V\u00fcsal Rafiqo\u011flu","author_link":"https:\/\/arantv.az\/?author=2"},"rttpg_comment":0,"rttpg_category":"<a href=\"https:\/\/arantv.az\/?cat=19\" rel=\"category\">G\u00fcnd\u0259m<\/a>","rttpg_excerpt":"\u201cAz\u0259rbaycan \u0130nvestisiya Holdinqinin f\u0259aliyy\u0259tinin t\u0259min edilm\u0259si haqq\u0131nda\u201d Az\u0259rbaycan Respublikas\u0131 Prezidentinin 2020-ci il 5 noyabr tarixli f\u0259rman\u0131n\u0131n icras\u0131n\u0131n t\u0259min edilm\u0259si bar\u0259d\u0259\u00a0q\u0259rar\u00a0q\u0259bul edilib. Nazirl\u0259r Kabinetinin m\u0259lumat\u0131na \u0259sas\u0259n, Az\u0259rbaycan Respublikas\u0131n\u0131n \u018fdliyy\u0259 Nazirliyi, Az\u0259rbaycan Respublikas\u0131n\u0131n Maliyy\u0259 Nazirliyi, Az\u0259rbaycan Respublikas\u0131n\u0131n \u0130qtisadiyyat Nazirliyi, Az\u0259rbaycan \u0130nvestisiya Holdinqi v\u0259 icra prosesind\u0259 m\u00fc\u0259yy\u0259n edil\u0259c\u0259k dig\u0259r aidiyy\u0259ti d\u00f6vl\u0259t orqanlar\u0131 il\u0259 raz\u0131la\u015fd\u0131rmaqla m\u00fcvafiq f\u0259rmana uy\u011funla\u015fd\u0131r\u0131lma il\u0259&hellip;","_links":{"self":[{"href":"https:\/\/arantv.az\/index.php?rest_route=\/wp\/v2\/posts\/238320"}],"collection":[{"href":"https:\/\/arantv.az\/index.php?rest_route=\/wp\/v2\/posts"}],"about":[{"href":"https:\/\/arantv.az\/index.php?rest_route=\/wp\/v2\/types\/post"}],"author":[{"embeddable":true,"href":"https:\/\/arantv.az\/index.php?rest_route=\/wp\/v2\/users\/2"}],"replies":[{"embeddable":true,"href":"https:\/\/arantv.az\/index.php?rest_route=%2Fwp%2Fv2%2Fcomments&post=238320"}],"version-history":[{"count":0,"href":"https:\/\/arantv.az\/index.php?rest_route=\/wp\/v2\/posts\/238320\/revisions"}],"wp:featuredmedia":[{"embeddable":true,"href":"https:\/\/arantv.az\/index.php?rest_route=\/wp\/v2\/media\/238321"}],"wp:attachment":[{"href":"https:\/\/arantv.az\/index.php?rest_route=%2Fwp%2Fv2%2Fmedia&parent=238320"}],"wp:term":[{"taxonomy":"category","embeddable":true,"href":"https:\/\/arantv.az\/index.php?rest_route=%2Fwp%2Fv2%2Fcategories&post=238320"},{"taxonomy":"post_tag","embeddable":true,"href":"https:\/\/arantv.az\/index.php?rest_route=%2Fwp%2Fv2%2Ftags&post=238320"}],"curies":[{"name":"wp","href":"https:\/\/api.w.org\/{rel}","templated":true}]}}