{"id":238396,"date":"2020-11-18T10:31:40","date_gmt":"2020-11-18T07:31:40","guid":{"rendered":"http:\/\/arantv.az\/?p=238396"},"modified":"2020-11-18T10:31:40","modified_gmt":"2020-11-18T07:31:40","slug":"prezidentin-surduyu-avtomobilin-oz%c9%99llikl%c9%99ri-video","status":"publish","type":"post","link":"https:\/\/arantv.az\/?p=238396","title":{"rendered":"Prezidentin s\u00fcrd\u00fcy\u00fc avtomobilin \u00f6z\u0259llikl\u0259ri &#8211; Video"},"content":{"rendered":"<div id=\"xeber_yazi\">\n<p><strong>Art\u0131q bir ne\u00e7\u0259 g\u00fcnd\u00fcr ki, sosial \u015f\u0259b\u0259k\u0259d\u0259 Prezident \u0130lham \u018fliyev v\u0259 birinci xan\u0131m Mehriban \u018fliyevan\u0131n i\u015f\u011faldan azad edilmi\u015f F\u00fczuli v\u0259 C\u0259bray\u0131l rayonlar\u0131na s\u0259f\u0259r zaman\u0131 zaman\u0131 istifad\u0259 etdiyi avtomobil maraq do\u011furub.<\/strong><\/p>\n<div id=\"AdviadNativeVideo0\" class=\"AdviadNativeVideo\"><\/div>\n<p><strong>ARANTV.AZ<\/strong>\u00a0 x\u0259b\u0259r verir ki, &#8220;Birinci studiya&#8221; proqram\u0131nda s\u00f6z\u00fcged\u0259n ma\u015f\u0131nla ba\u011fl\u0131 s\u00fcjet yay\u0131mlan\u0131b.\u00a0Bildirilib ki,\u00a0&#8220;AzCan&#8221; t\u0259hl\u00fck\u0259sizlik sah\u0259sind\u0259 m\u00fc\u015ft\u0259r\u0259k Az\u0259rbaycan-Kanada m\u00fc\u0259ssis\u0259sidir v\u0259 avtomobil h\u0259min m\u00fc\u0259ssis\u0259d\u0259 haz\u0131rlan\u0131r. Ma\u015f\u0131n 8 n\u0259f\u0259rlik hey\u0259ti da\u015f\u0131maq \u00fc\u00e7\u00fcn n\u0259z\u0259rd\u0259 tutulub v\u0259 \u00fcz\u0259rind\u0259 m\u00fcxt\u0259lif n\u00f6v silahlar\u0131 qura\u015fd\u0131rmaq m\u00fcmk\u00fcnd\u00fcr.<\/p>\n<p>17 ton a\u011f\u0131rl\u0131\u011f\u0131nda olan &#8220;AzCan Sentry&#8221; 362 at g\u00fcc\u00fcnd\u0259, 6-7 litrlik dizel m\u00fch\u0259rrikin\u0259 sahibdir v\u0259 tank \u0259leyhin\u0259 minalara davaml\u0131d\u0131r.<\/p>\n<p>Zirehli avtomobil iki modeld\u0259 istehsal edilir v\u0259 20 kilometr m\u0259saf\u0259d\u0259 h\u0259r\u0259k\u0259ti m\u00fc\u0259yy\u0259n ed\u0259 bil\u0259r.<\/p>\n<p><iframe loading=\"lazy\" src=\"https:\/\/ok.ru\/videoembed\/2083259288276\" width=\"780\" height=\"450\" data-mce-fragment=\"1\"><\/iframe><\/div>\n<div class=\"postDetails row-margin-top10\">\n<div class=\"col-md-3\">\n<div class=\"col-md-4\"><\/div>\n<\/div>\n<\/div>\n","protected":false},"excerpt":{"rendered":"<p>Art\u0131q bir ne\u00e7\u0259 g\u00fcnd\u00fcr ki, sosial \u015f\u0259b\u0259k\u0259d\u0259 Prezident \u0130lham \u018fliyev v\u0259 birinci xan\u0131m Mehriban \u018fliyevan\u0131n i\u015f\u011faldan azad edilmi\u015f F\u00fczuli v\u0259 C\u0259bray\u0131l rayonlar\u0131na s\u0259f\u0259r zaman\u0131 zaman\u0131 istifad\u0259 etdiyi avtomobil maraq do\u011furub. ARANTV.AZ\u00a0 x\u0259b\u0259r verir ki, &#8220;Birinci studiya&#8221; proqram\u0131nda s\u00f6z\u00fcged\u0259n ma\u015f\u0131nla ba\u011fl\u0131 s\u00fcjet yay\u0131mlan\u0131b.\u00a0Bildirilib ki,\u00a0&#8220;AzCan&#8221; t\u0259hl\u00fck\u0259sizlik sah\u0259sind\u0259 m\u00fc\u015ft\u0259r\u0259k Az\u0259rbaycan-Kanada m\u00fc\u0259ssis\u0259sidir v\u0259 avtomobil h\u0259min m\u00fc\u0259ssis\u0259d\u0259 haz\u0131rlan\u0131r. Ma\u015f\u0131n 8 n\u0259f\u0259rlik hey\u0259ti da\u015f\u0131maq \u00fc\u00e7\u00fcn n\u0259z\u0259rd\u0259 tutulub v\u0259 \u00fcz\u0259rind\u0259 m\u00fcxt\u0259lif n\u00f6v silahlar\u0131 qura\u015fd\u0131rmaq m\u00fcmk\u00fcnd\u00fcr. 17 ton a\u011f\u0131rl\u0131\u011f\u0131nda olan &#8220;AzCan Sentry&#8221; 362 at g\u00fcc\u00fcnd\u0259, 6-7 litrlik dizel m\u00fch\u0259rrikin\u0259 sahibdir v\u0259 tank \u0259leyhin\u0259 minalara davaml\u0131d\u0131r. Zirehli avtomobil iki&hellip;<\/p>\n","protected":false},"author":2,"featured_media":238397,"comment_status":"closed","ping_status":"closed","sticky":false,"template":"","format":"standard","meta":{"om_disable_all_campaigns":false,"_monsterinsights_skip_tracking":false,"_monsterinsights_sitenote_active":false,"_monsterinsights_sitenote_note":"","_monsterinsights_sitenote_category":0},"categories":[19],"tags":[],"aioseo_notices":[],"gutentor_comment":0,"rttpg_featured_image_url":{"full":["https:\/\/arantv.az\/wp-content\/uploads\/2020\/11\/210640_74k0mls6zo.jpg",1000,617,false],"landscape":["https:\/\/arantv.az\/wp-content\/uploads\/2020\/11\/210640_74k0mls6zo.jpg",1000,617,false],"portraits":["https:\/\/arantv.az\/wp-content\/uploads\/2020\/11\/210640_74k0mls6zo.jpg",1000,617,false],"thumbnail":["https:\/\/arantv.az\/wp-content\/uploads\/2020\/11\/210640_74k0mls6zo-150x150.jpg",150,150,true],"medium":["https:\/\/arantv.az\/wp-content\/uploads\/2020\/11\/210640_74k0mls6zo-300x185.jpg",300,185,true],"large":["https:\/\/arantv.az\/wp-content\/uploads\/2020\/11\/210640_74k0mls6zo.jpg",640,395,false],"1536x1536":["https:\/\/arantv.az\/wp-content\/uploads\/2020\/11\/210640_74k0mls6zo.jpg",1000,617,false],"2048x2048":["https:\/\/arantv.az\/wp-content\/uploads\/2020\/11\/210640_74k0mls6zo.jpg",1000,617,false],"post-thumbnail":["https:\/\/arantv.az\/wp-content\/uploads\/2020\/11\/210640_74k0mls6zo-240x172.jpg",240,172,true],"advps-thumb-one":["https:\/\/arantv.az\/wp-content\/uploads\/2020\/11\/210640_74k0mls6zo.jpg",1000,617,false]},"rttpg_author":{"display_name":"V\u00fcsal Rafiqo\u011flu","author_link":"https:\/\/arantv.az\/?author=2"},"rttpg_comment":0,"rttpg_category":"<a href=\"https:\/\/arantv.az\/?cat=19\" rel=\"category\">G\u00fcnd\u0259m<\/a>","rttpg_excerpt":"Art\u0131q bir ne\u00e7\u0259 g\u00fcnd\u00fcr ki, sosial \u015f\u0259b\u0259k\u0259d\u0259 Prezident \u0130lham \u018fliyev v\u0259 birinci xan\u0131m Mehriban \u018fliyevan\u0131n i\u015f\u011faldan azad edilmi\u015f F\u00fczuli v\u0259 C\u0259bray\u0131l rayonlar\u0131na s\u0259f\u0259r zaman\u0131 zaman\u0131 istifad\u0259 etdiyi avtomobil maraq do\u011furub. ARANTV.AZ\u00a0 x\u0259b\u0259r verir ki, &#8220;Birinci studiya&#8221; proqram\u0131nda s\u00f6z\u00fcged\u0259n ma\u015f\u0131nla ba\u011fl\u0131 s\u00fcjet yay\u0131mlan\u0131b.\u00a0Bildirilib ki,\u00a0&#8220;AzCan&#8221; t\u0259hl\u00fck\u0259sizlik sah\u0259sind\u0259 m\u00fc\u015ft\u0259r\u0259k Az\u0259rbaycan-Kanada m\u00fc\u0259ssis\u0259sidir v\u0259 avtomobil h\u0259min m\u00fc\u0259ssis\u0259d\u0259 haz\u0131rlan\u0131r. Ma\u015f\u0131n 8&hellip;","_links":{"self":[{"href":"https:\/\/arantv.az\/index.php?rest_route=\/wp\/v2\/posts\/238396"}],"collection":[{"href":"https:\/\/arantv.az\/index.php?rest_route=\/wp\/v2\/posts"}],"about":[{"href":"https:\/\/arantv.az\/index.php?rest_route=\/wp\/v2\/types\/post"}],"author":[{"embeddable":true,"href":"https:\/\/arantv.az\/index.php?rest_route=\/wp\/v2\/users\/2"}],"replies":[{"embeddable":true,"href":"https:\/\/arantv.az\/index.php?rest_route=%2Fwp%2Fv2%2Fcomments&post=238396"}],"version-history":[{"count":0,"href":"https:\/\/arantv.az\/index.php?rest_route=\/wp\/v2\/posts\/238396\/revisions"}],"wp:featuredmedia":[{"embeddable":true,"href":"https:\/\/arantv.az\/index.php?rest_route=\/wp\/v2\/media\/238397"}],"wp:attachment":[{"href":"https:\/\/arantv.az\/index.php?rest_route=%2Fwp%2Fv2%2Fmedia&parent=238396"}],"wp:term":[{"taxonomy":"category","embeddable":true,"href":"https:\/\/arantv.az\/index.php?rest_route=%2Fwp%2Fv2%2Fcategories&post=238396"},{"taxonomy":"post_tag","embeddable":true,"href":"https:\/\/arantv.az\/index.php?rest_route=%2Fwp%2Fv2%2Ftags&post=238396"}],"curies":[{"name":"wp","href":"https:\/\/api.w.org\/{rel}","templated":true}]}}