{"id":238404,"date":"2020-11-18T10:39:12","date_gmt":"2020-11-18T07:39:12","guid":{"rendered":"http:\/\/arantv.az\/?p=238404"},"modified":"2020-11-18T10:39:12","modified_gmt":"2020-11-18T07:39:12","slug":"kamil-zeynalli-bu-qazinin-ayaqlarini-opdu-video","status":"publish","type":"post","link":"https:\/\/arantv.az\/?p=238404","title":{"rendered":"Kamil Zeynall\u0131 BU QAZ\u0130N\u0130N ayaqlar\u0131n\u0131 \u00d6PD\u00dc-V\u0130DEO"},"content":{"rendered":"<p>\u0130dman\u00e7\u0131 Kamil Zeynall\u0131 Qubadl\u0131 u\u011frunda ged\u0259n d\u00f6y\u00fc\u015fl\u0259rd\u0259 h\u0259r iki aya\u011f\u0131n\u0131 itir\u0259n qazimiz, kapitan Polad Rzayevin evind\u0259 olub.<\/p>\n<p>O, &#8220;\u0130nstagram&#8221; s\u0259hif\u0259sind\u0259 payla\u015fd\u0131\u011f\u0131 videoya bu \u015f\u0259rhi yaz\u0131b:<\/p>\n<div id=\"AdviadNativeVideo0\" class=\"AdviadNativeVideo\"><\/div>\n<p>&#8220;Qubadl\u0131n\u0131 d\u00fc\u015fm\u0259nd\u0259n geri alark\u0259n iki minaya d\u00fc\u015f\u0259r\u0259k, QAZ\u0130 ad\u0131n\u0131 qazan\u0131b Polad\u0131m\u0131z.<\/p>\n<p>Atas\u0131 1993-c\u00fc ild\u0259 V\u0259t\u0259n u\u011frunda q\u0259hr\u0259mancas\u0131na \u015f\u0259hid olub.<\/p>\n<p>Allah r\u0259hm\u0259t etsin!<\/p>\n<p>Ayaq \u00fcst\u0259 dayanan Qazi qarda\u015f\u0131m\u0131z Arzu da aprel d\u00f6y\u00fc\u015fl\u0259rind\u0259 V\u0259t\u0259n u\u011frunda qolunu itirmi\u015fdi.<\/p>\n<p>Haqq\u0131n\u0131z \u00f6d\u0259nm\u0259z!&#8221;<\/p>\n<div class=\"embed-responsive embed-responsive-16by9\"><iframe loading=\"lazy\" id=\"nmqembedid\" class=\"embed-responsive-item\" title=\"video player\" src=\"https:\/\/izle.az\/embed\/09cvLy_Xy8wrLklML0rM1UvOz9UvKdN39iguTzQwyPAvtNS3Ly3JjS_OLy1KTrXNTI8vT02KT84vqIzPyczLBgA~\" width=\"600\" height=\"340\" frameborder=\"0\" scrolling=\"no\" allowfullscreen=\"allowfullscreen\" data-mce-fragment=\"1\"><\/iframe><\/div>\n<p>&nbsp;<\/p>\n","protected":false},"excerpt":{"rendered":"<p>\u0130dman\u00e7\u0131 Kamil Zeynall\u0131 Qubadl\u0131 u\u011frunda ged\u0259n d\u00f6y\u00fc\u015fl\u0259rd\u0259 h\u0259r iki aya\u011f\u0131n\u0131 itir\u0259n qazimiz, kapitan Polad Rzayevin evind\u0259 olub. O, &#8220;\u0130nstagram&#8221; s\u0259hif\u0259sind\u0259 payla\u015fd\u0131\u011f\u0131 videoya bu \u015f\u0259rhi yaz\u0131b: &#8220;Qubadl\u0131n\u0131 d\u00fc\u015fm\u0259nd\u0259n geri alark\u0259n iki minaya d\u00fc\u015f\u0259r\u0259k, QAZ\u0130 ad\u0131n\u0131 qazan\u0131b Polad\u0131m\u0131z. Atas\u0131 1993-c\u00fc ild\u0259 V\u0259t\u0259n u\u011frunda q\u0259hr\u0259mancas\u0131na \u015f\u0259hid olub. Allah r\u0259hm\u0259t etsin! Ayaq \u00fcst\u0259 dayanan Qazi qarda\u015f\u0131m\u0131z Arzu da aprel d\u00f6y\u00fc\u015fl\u0259rind\u0259 V\u0259t\u0259n u\u011frunda qolunu itirmi\u015fdi. Haqq\u0131n\u0131z \u00f6d\u0259nm\u0259z!&#8221; &nbsp;<\/p>\n","protected":false},"author":2,"featured_media":238405,"comment_status":"closed","ping_status":"closed","sticky":false,"template":"","format":"standard","meta":{"om_disable_all_campaigns":false,"_monsterinsights_skip_tracking":false,"_monsterinsights_sitenote_active":false,"_monsterinsights_sitenote_note":"","_monsterinsights_sitenote_category":0},"categories":[26],"tags":[],"aioseo_notices":[],"gutentor_comment":0,"rttpg_featured_image_url":{"full":["https:\/\/arantv.az\/wp-content\/uploads\/2020\/11\/zeynalli.jpg",637,400,false],"landscape":["https:\/\/arantv.az\/wp-content\/uploads\/2020\/11\/zeynalli.jpg",637,400,false],"portraits":["https:\/\/arantv.az\/wp-content\/uploads\/2020\/11\/zeynalli.jpg",637,400,false],"thumbnail":["https:\/\/arantv.az\/wp-content\/uploads\/2020\/11\/zeynalli-150x150.jpg",150,150,true],"medium":["https:\/\/arantv.az\/wp-content\/uploads\/2020\/11\/zeynalli-300x188.jpg",300,188,true],"large":["https:\/\/arantv.az\/wp-content\/uploads\/2020\/11\/zeynalli.jpg",637,400,false],"1536x1536":["https:\/\/arantv.az\/wp-content\/uploads\/2020\/11\/zeynalli.jpg",637,400,false],"2048x2048":["https:\/\/arantv.az\/wp-content\/uploads\/2020\/11\/zeynalli.jpg",637,400,false],"post-thumbnail":["https:\/\/arantv.az\/wp-content\/uploads\/2020\/11\/zeynalli-240x172.jpg",240,172,true],"advps-thumb-one":["https:\/\/arantv.az\/wp-content\/uploads\/2020\/11\/zeynalli.jpg",637,400,false]},"rttpg_author":{"display_name":"V\u00fcsal Rafiqo\u011flu","author_link":"https:\/\/arantv.az\/?author=2"},"rttpg_comment":0,"rttpg_category":"<a href=\"https:\/\/arantv.az\/?cat=26\" rel=\"category\">Sosial<\/a>","rttpg_excerpt":"\u0130dman\u00e7\u0131 Kamil Zeynall\u0131 Qubadl\u0131 u\u011frunda ged\u0259n d\u00f6y\u00fc\u015fl\u0259rd\u0259 h\u0259r iki aya\u011f\u0131n\u0131 itir\u0259n qazimiz, kapitan Polad Rzayevin evind\u0259 olub. O, &#8220;\u0130nstagram&#8221; s\u0259hif\u0259sind\u0259 payla\u015fd\u0131\u011f\u0131 videoya bu \u015f\u0259rhi yaz\u0131b: &#8220;Qubadl\u0131n\u0131 d\u00fc\u015fm\u0259nd\u0259n geri alark\u0259n iki minaya d\u00fc\u015f\u0259r\u0259k, QAZ\u0130 ad\u0131n\u0131 qazan\u0131b Polad\u0131m\u0131z. Atas\u0131 1993-c\u00fc ild\u0259 V\u0259t\u0259n u\u011frunda q\u0259hr\u0259mancas\u0131na \u015f\u0259hid olub. Allah r\u0259hm\u0259t etsin! Ayaq \u00fcst\u0259 dayanan Qazi qarda\u015f\u0131m\u0131z Arzu da aprel&hellip;","_links":{"self":[{"href":"https:\/\/arantv.az\/index.php?rest_route=\/wp\/v2\/posts\/238404"}],"collection":[{"href":"https:\/\/arantv.az\/index.php?rest_route=\/wp\/v2\/posts"}],"about":[{"href":"https:\/\/arantv.az\/index.php?rest_route=\/wp\/v2\/types\/post"}],"author":[{"embeddable":true,"href":"https:\/\/arantv.az\/index.php?rest_route=\/wp\/v2\/users\/2"}],"replies":[{"embeddable":true,"href":"https:\/\/arantv.az\/index.php?rest_route=%2Fwp%2Fv2%2Fcomments&post=238404"}],"version-history":[{"count":0,"href":"https:\/\/arantv.az\/index.php?rest_route=\/wp\/v2\/posts\/238404\/revisions"}],"wp:featuredmedia":[{"embeddable":true,"href":"https:\/\/arantv.az\/index.php?rest_route=\/wp\/v2\/media\/238405"}],"wp:attachment":[{"href":"https:\/\/arantv.az\/index.php?rest_route=%2Fwp%2Fv2%2Fmedia&parent=238404"}],"wp:term":[{"taxonomy":"category","embeddable":true,"href":"https:\/\/arantv.az\/index.php?rest_route=%2Fwp%2Fv2%2Fcategories&post=238404"},{"taxonomy":"post_tag","embeddable":true,"href":"https:\/\/arantv.az\/index.php?rest_route=%2Fwp%2Fv2%2Ftags&post=238404"}],"curies":[{"name":"wp","href":"https:\/\/api.w.org\/{rel}","templated":true}]}}