{"id":238408,"date":"2020-11-18T10:40:13","date_gmt":"2020-11-18T07:40:13","guid":{"rendered":"http:\/\/arantv.az\/?p=238408"},"modified":"2020-11-18T10:40:13","modified_gmt":"2020-11-18T07:40:13","slug":"erm%c9%99nistanda-v%c9%99ziyy%c9%99t-g%c9%99rgindir-video","status":"publish","type":"post","link":"https:\/\/arantv.az\/?p=238408","title":{"rendered":"Erm\u0259nistanda V\u018fZ\u0130YY\u018fT G\u018fRG\u0130ND\u0130R &#8211; V\u0130DEO"},"content":{"rendered":"<p>Erm\u0259nistan\u0131n paytaxt\u0131 \u0130r\u0259van \u015f\u0259h\u0259rind\u0259 k\u00fctl\u0259vi etiraz aksiyas\u0131 ba\u015flay\u0131b.<\/p>\n<p><strong>ARANTV.AZ <\/strong>\u00a0<a title=\"xeberler son xeberler 2020\" href=\"https:\/\/big.az\/\" target=\"_blank\" rel=\"noopener\">x\u0259b\u0259r<\/a>\u00a0verir ki, bir qrup v\u0259t\u0259nda\u015f Milli M\u0259clisin giri\u015find\u0259 etiraz aksiyas\u0131 ke\u00e7ir\u0259r\u0259k deputatlar\u0131n Ba\u015f nazirin istefas\u0131 t\u0259l\u0259bin\u0259 qo\u015fulmalar\u0131n\u0131 t\u0259l\u0259b edirl\u0259r.<\/p>\n<div id=\"AdviadNativeVideo0\" class=\"AdviadNativeVideo\"><\/div>\n<p>H\u0259m\u00e7inin d\u0259 v\u0259t\u0259nda\u015flar &#8220;\u00f6lk\u0259ni bu v\u0259ziyy\u0259t\u0259 g\u0259tir\u0259n h\u00f6k\u00fcm\u0259tdir&#8221; \u015f\u00fcar\u0131 il\u0259 etirazlar\u0131n\u0131 bildirirl\u0259r. \/Unikal.org<\/p>\n<div class=\"embed-responsive embed-responsive-16by9\"><iframe loading=\"lazy\" id=\"nmqembedid\" class=\"embed-responsive-item\" title=\"video player\" src=\"https:\/\/izle.az\/embed\/qyyxNc8zjiityiqK9M8GAA~~\" width=\"600\" height=\"340\" frameborder=\"0\" scrolling=\"no\" allowfullscreen=\"allowfullscreen\" data-mce-fragment=\"1\"><\/iframe><\/div>\n<p>&nbsp;<\/p>\n","protected":false},"excerpt":{"rendered":"<p>Erm\u0259nistan\u0131n paytaxt\u0131 \u0130r\u0259van \u015f\u0259h\u0259rind\u0259 k\u00fctl\u0259vi etiraz aksiyas\u0131 ba\u015flay\u0131b. ARANTV.AZ \u00a0x\u0259b\u0259r\u00a0verir ki, bir qrup v\u0259t\u0259nda\u015f Milli M\u0259clisin giri\u015find\u0259 etiraz aksiyas\u0131 ke\u00e7ir\u0259r\u0259k deputatlar\u0131n Ba\u015f nazirin istefas\u0131 t\u0259l\u0259bin\u0259 qo\u015fulmalar\u0131n\u0131 t\u0259l\u0259b edirl\u0259r. H\u0259m\u00e7inin d\u0259 v\u0259t\u0259nda\u015flar &#8220;\u00f6lk\u0259ni bu v\u0259ziyy\u0259t\u0259 g\u0259tir\u0259n h\u00f6k\u00fcm\u0259tdir&#8221; \u015f\u00fcar\u0131 il\u0259 etirazlar\u0131n\u0131 bildirirl\u0259r. \/Unikal.org &nbsp;<\/p>\n","protected":false},"author":2,"featured_media":238409,"comment_status":"closed","ping_status":"closed","sticky":false,"template":"","format":"standard","meta":{"om_disable_all_campaigns":false,"_monsterinsights_skip_tracking":false,"_monsterinsights_sitenote_active":false,"_monsterinsights_sitenote_note":"","_monsterinsights_sitenote_category":0},"categories":[7],"tags":[],"aioseo_notices":[],"gutentor_comment":0,"rttpg_featured_image_url":{"full":["https:\/\/arantv.az\/wp-content\/uploads\/2020\/11\/aksiya_11605684807.jpg",512,288,false],"landscape":["https:\/\/arantv.az\/wp-content\/uploads\/2020\/11\/aksiya_11605684807.jpg",512,288,false],"portraits":["https:\/\/arantv.az\/wp-content\/uploads\/2020\/11\/aksiya_11605684807.jpg",512,288,false],"thumbnail":["https:\/\/arantv.az\/wp-content\/uploads\/2020\/11\/aksiya_11605684807-150x150.jpg",150,150,true],"medium":["https:\/\/arantv.az\/wp-content\/uploads\/2020\/11\/aksiya_11605684807-300x169.jpg",300,169,true],"large":["https:\/\/arantv.az\/wp-content\/uploads\/2020\/11\/aksiya_11605684807.jpg",512,288,false],"1536x1536":["https:\/\/arantv.az\/wp-content\/uploads\/2020\/11\/aksiya_11605684807.jpg",512,288,false],"2048x2048":["https:\/\/arantv.az\/wp-content\/uploads\/2020\/11\/aksiya_11605684807.jpg",512,288,false],"post-thumbnail":["https:\/\/arantv.az\/wp-content\/uploads\/2020\/11\/aksiya_11605684807-240x172.jpg",240,172,true],"advps-thumb-one":["https:\/\/arantv.az\/wp-content\/uploads\/2020\/11\/aksiya_11605684807.jpg",512,288,false]},"rttpg_author":{"display_name":"V\u00fcsal Rafiqo\u011flu","author_link":"https:\/\/arantv.az\/?author=2"},"rttpg_comment":0,"rttpg_category":"<a href=\"https:\/\/arantv.az\/?cat=7\" rel=\"category\">D\u00fcnya<\/a>","rttpg_excerpt":"Erm\u0259nistan\u0131n paytaxt\u0131 \u0130r\u0259van \u015f\u0259h\u0259rind\u0259 k\u00fctl\u0259vi etiraz aksiyas\u0131 ba\u015flay\u0131b. ARANTV.AZ \u00a0x\u0259b\u0259r\u00a0verir ki, bir qrup v\u0259t\u0259nda\u015f Milli M\u0259clisin giri\u015find\u0259 etiraz aksiyas\u0131 ke\u00e7ir\u0259r\u0259k deputatlar\u0131n Ba\u015f nazirin istefas\u0131 t\u0259l\u0259bin\u0259 qo\u015fulmalar\u0131n\u0131 t\u0259l\u0259b edirl\u0259r. H\u0259m\u00e7inin d\u0259 v\u0259t\u0259nda\u015flar &#8220;\u00f6lk\u0259ni bu v\u0259ziyy\u0259t\u0259 g\u0259tir\u0259n h\u00f6k\u00fcm\u0259tdir&#8221; \u015f\u00fcar\u0131 il\u0259 etirazlar\u0131n\u0131 bildirirl\u0259r. \/Unikal.org &nbsp;","_links":{"self":[{"href":"https:\/\/arantv.az\/index.php?rest_route=\/wp\/v2\/posts\/238408"}],"collection":[{"href":"https:\/\/arantv.az\/index.php?rest_route=\/wp\/v2\/posts"}],"about":[{"href":"https:\/\/arantv.az\/index.php?rest_route=\/wp\/v2\/types\/post"}],"author":[{"embeddable":true,"href":"https:\/\/arantv.az\/index.php?rest_route=\/wp\/v2\/users\/2"}],"replies":[{"embeddable":true,"href":"https:\/\/arantv.az\/index.php?rest_route=%2Fwp%2Fv2%2Fcomments&post=238408"}],"version-history":[{"count":0,"href":"https:\/\/arantv.az\/index.php?rest_route=\/wp\/v2\/posts\/238408\/revisions"}],"wp:featuredmedia":[{"embeddable":true,"href":"https:\/\/arantv.az\/index.php?rest_route=\/wp\/v2\/media\/238409"}],"wp:attachment":[{"href":"https:\/\/arantv.az\/index.php?rest_route=%2Fwp%2Fv2%2Fmedia&parent=238408"}],"wp:term":[{"taxonomy":"category","embeddable":true,"href":"https:\/\/arantv.az\/index.php?rest_route=%2Fwp%2Fv2%2Fcategories&post=238408"},{"taxonomy":"post_tag","embeddable":true,"href":"https:\/\/arantv.az\/index.php?rest_route=%2Fwp%2Fv2%2Ftags&post=238408"}],"curies":[{"name":"wp","href":"https:\/\/api.w.org\/{rel}","templated":true}]}}