{"id":238412,"date":"2020-11-18T11:08:55","date_gmt":"2020-11-18T08:08:55","guid":{"rendered":"http:\/\/arantv.az\/?p=238412"},"modified":"2020-11-18T11:08:55","modified_gmt":"2020-11-18T08:08:55","slug":"iki-ovladini-s%c9%99hid-ver%c9%99n-ana-bir-oglumu-d%c9%99fn-edib-g%c9%99l%c9%99nd%c9%99n-sonra-dig%c9%99rinin-n%c9%99sini-g%c9%99tirdil%c9%99r-video","status":"publish","type":"post","link":"https:\/\/arantv.az\/?p=238412","title":{"rendered":"\u0130ki \u00f6vlad\u0131n\u0131 \u015f\u0259hid ver\u0259n ana: \u201cBir o\u011flumu d\u0259fn edib g\u0259l\u0259nd\u0259n sonra dig\u0259rinin n\u0259\u015fini g\u0259tirdil\u0259r\u201d &#8211; V\u0130DEO"},"content":{"rendered":"<p>Ming\u0259\u00e7evird\u0259n olan iki qarda\u015f &#8211; \u018fli v\u0259 \u0130slam \u018fhm\u0259dovlar II Qaraba\u011f M\u00fcharib\u0259sind\u0259 A\u011fd\u0259r\u0259 rayonu istiqam\u0259tind\u0259 ged\u0259n d\u00f6y\u00fc\u015fl\u0259rd\u0259 eyni g\u00fcnd\u0259 \u015f\u0259hidlik zirv\u0259sin\u0259 ucal\u0131blar.<\/p>\n<p>\u015e\u0259hidl\u0259rin anas\u0131 Sevinc \u018fhm\u0259dova bildirib ki, qarda\u015flar mill\u0259tini, xalq\u0131n\u0131 \u00e7ox sevirdi:<\/p>\n<article class=\"news\">\n<div class=\"news-inner\">\n<p>Anan\u0131n s\u00f6zl\u0259rin\u0259 g\u00f6r\u0259, V\u0259t\u0259n M\u00fcharib\u0259sinin ilk g\u00fcn\u00fc \u0259vv\u0259l ki\u00e7ik, bir ne\u00e7\u0259 saat sonra is\u0259 b\u00f6y\u00fck o\u011flunun \u015f\u0259hid x\u0259b\u0259rini al\u0131b:<\/p>\n<p>\u201cBirinci \u0130slam \u015f\u0259hid olub, sonra \u018fli. Amma birinci \u018fli g\u0259lib, b\u00f6y\u00fck qarda\u015f\u0131 \u0130slama yol verib ki, qoy birinci b\u00f6y\u00fck qarda\u015f\u0131m getsin. \u018flini d\u0259fn edib g\u0259l\u0259nd\u0259n sonra \u0130slam\u0131 g\u0259tirdil\u0259r.<\/p>\n<p>\u0130slam subay idi, \u018fliy\u0259 ni\u015fan etmi\u015fdik. Evi t\u0259mir edirdik. Yanvar\u0131n 5-d\u0259 \u018flinin ad g\u00fcn\u00fc idi, dedik, onda el\u0259 toyunu da ed\u0259rik\u201d.<\/p>\n<div><iframe loading=\"lazy\" src=\"https:\/\/www.youtube.com\/embed\/b092Hcuj2-c\" width=\"560\" height=\"315\" frameborder=\"0\" allowfullscreen=\"allowfullscreen\" data-mce-fragment=\"1\"><\/iframe><\/div>\n<\/div>\n<\/article>\n<h2 class=\"news-share-title\"><\/h2>\n","protected":false},"excerpt":{"rendered":"<p>Ming\u0259\u00e7evird\u0259n olan iki qarda\u015f &#8211; \u018fli v\u0259 \u0130slam \u018fhm\u0259dovlar II Qaraba\u011f M\u00fcharib\u0259sind\u0259 A\u011fd\u0259r\u0259 rayonu istiqam\u0259tind\u0259 ged\u0259n d\u00f6y\u00fc\u015fl\u0259rd\u0259 eyni g\u00fcnd\u0259 \u015f\u0259hidlik zirv\u0259sin\u0259 ucal\u0131blar. \u015e\u0259hidl\u0259rin anas\u0131 Sevinc \u018fhm\u0259dova bildirib ki, qarda\u015flar mill\u0259tini, xalq\u0131n\u0131 \u00e7ox sevirdi: Anan\u0131n s\u00f6zl\u0259rin\u0259 g\u00f6r\u0259, V\u0259t\u0259n M\u00fcharib\u0259sinin ilk g\u00fcn\u00fc \u0259vv\u0259l ki\u00e7ik, bir ne\u00e7\u0259 saat sonra is\u0259 b\u00f6y\u00fck o\u011flunun \u015f\u0259hid x\u0259b\u0259rini al\u0131b: \u201cBirinci \u0130slam \u015f\u0259hid olub, sonra \u018fli. Amma birinci \u018fli g\u0259lib, b\u00f6y\u00fck qarda\u015f\u0131 \u0130slama yol verib ki, qoy birinci b\u00f6y\u00fck qarda\u015f\u0131m getsin. \u018flini d\u0259fn edib g\u0259l\u0259nd\u0259n sonra \u0130slam\u0131 g\u0259tirdil\u0259r. \u0130slam subay idi, \u018fliy\u0259 ni\u015fan etmi\u015fdik. Evi t\u0259mir edirdik. Yanvar\u0131n&hellip;<\/p>\n","protected":false},"author":2,"featured_media":238415,"comment_status":"closed","ping_status":"closed","sticky":false,"template":"","format":"standard","meta":{"om_disable_all_campaigns":false,"_monsterinsights_skip_tracking":false,"_monsterinsights_sitenote_active":false,"_monsterinsights_sitenote_note":"","_monsterinsights_sitenote_category":0},"categories":[19],"tags":[],"aioseo_notices":[],"gutentor_comment":0,"rttpg_featured_image_url":{"full":["https:\/\/arantv.az\/wp-content\/uploads\/2020\/11\/hqdefault.jpg",480,360,false],"landscape":["https:\/\/arantv.az\/wp-content\/uploads\/2020\/11\/hqdefault.jpg",480,360,false],"portraits":["https:\/\/arantv.az\/wp-content\/uploads\/2020\/11\/hqdefault.jpg",480,360,false],"thumbnail":["https:\/\/arantv.az\/wp-content\/uploads\/2020\/11\/hqdefault-150x150.jpg",150,150,true],"medium":["https:\/\/arantv.az\/wp-content\/uploads\/2020\/11\/hqdefault-300x225.jpg",300,225,true],"large":["https:\/\/arantv.az\/wp-content\/uploads\/2020\/11\/hqdefault.jpg",480,360,false],"1536x1536":["https:\/\/arantv.az\/wp-content\/uploads\/2020\/11\/hqdefault.jpg",480,360,false],"2048x2048":["https:\/\/arantv.az\/wp-content\/uploads\/2020\/11\/hqdefault.jpg",480,360,false],"post-thumbnail":["https:\/\/arantv.az\/wp-content\/uploads\/2020\/11\/hqdefault-240x172.jpg",240,172,true],"advps-thumb-one":["https:\/\/arantv.az\/wp-content\/uploads\/2020\/11\/hqdefault.jpg",480,360,false]},"rttpg_author":{"display_name":"V\u00fcsal Rafiqo\u011flu","author_link":"https:\/\/arantv.az\/?author=2"},"rttpg_comment":0,"rttpg_category":"<a href=\"https:\/\/arantv.az\/?cat=19\" rel=\"category\">G\u00fcnd\u0259m<\/a>","rttpg_excerpt":"Ming\u0259\u00e7evird\u0259n olan iki qarda\u015f &#8211; \u018fli v\u0259 \u0130slam \u018fhm\u0259dovlar II Qaraba\u011f M\u00fcharib\u0259sind\u0259 A\u011fd\u0259r\u0259 rayonu istiqam\u0259tind\u0259 ged\u0259n d\u00f6y\u00fc\u015fl\u0259rd\u0259 eyni g\u00fcnd\u0259 \u015f\u0259hidlik zirv\u0259sin\u0259 ucal\u0131blar. \u015e\u0259hidl\u0259rin anas\u0131 Sevinc \u018fhm\u0259dova bildirib ki, qarda\u015flar mill\u0259tini, xalq\u0131n\u0131 \u00e7ox sevirdi: Anan\u0131n s\u00f6zl\u0259rin\u0259 g\u00f6r\u0259, V\u0259t\u0259n M\u00fcharib\u0259sinin ilk g\u00fcn\u00fc \u0259vv\u0259l ki\u00e7ik, bir ne\u00e7\u0259 saat sonra is\u0259 b\u00f6y\u00fck o\u011flunun \u015f\u0259hid x\u0259b\u0259rini al\u0131b: \u201cBirinci \u0130slam \u015f\u0259hid&hellip;","_links":{"self":[{"href":"https:\/\/arantv.az\/index.php?rest_route=\/wp\/v2\/posts\/238412"}],"collection":[{"href":"https:\/\/arantv.az\/index.php?rest_route=\/wp\/v2\/posts"}],"about":[{"href":"https:\/\/arantv.az\/index.php?rest_route=\/wp\/v2\/types\/post"}],"author":[{"embeddable":true,"href":"https:\/\/arantv.az\/index.php?rest_route=\/wp\/v2\/users\/2"}],"replies":[{"embeddable":true,"href":"https:\/\/arantv.az\/index.php?rest_route=%2Fwp%2Fv2%2Fcomments&post=238412"}],"version-history":[{"count":0,"href":"https:\/\/arantv.az\/index.php?rest_route=\/wp\/v2\/posts\/238412\/revisions"}],"wp:featuredmedia":[{"embeddable":true,"href":"https:\/\/arantv.az\/index.php?rest_route=\/wp\/v2\/media\/238415"}],"wp:attachment":[{"href":"https:\/\/arantv.az\/index.php?rest_route=%2Fwp%2Fv2%2Fmedia&parent=238412"}],"wp:term":[{"taxonomy":"category","embeddable":true,"href":"https:\/\/arantv.az\/index.php?rest_route=%2Fwp%2Fv2%2Fcategories&post=238412"},{"taxonomy":"post_tag","embeddable":true,"href":"https:\/\/arantv.az\/index.php?rest_route=%2Fwp%2Fv2%2Ftags&post=238412"}],"curies":[{"name":"wp","href":"https:\/\/api.w.org\/{rel}","templated":true}]}}