{"id":23876,"date":"2018-11-19T08:38:37","date_gmt":"2018-11-19T05:38:37","guid":{"rendered":"http:\/\/arantv.az\/?p=23876"},"modified":"2018-11-19T08:38:37","modified_gmt":"2018-11-19T05:38:37","slug":"s%c9%99fir-az%c9%99rbaycanla-pakistan-arasinda-olan-strateji-t%c9%99r%c9%99fdasliq-munasib%c9%99tl%c9%99ri-butun-sah%c9%99l%c9%99rd%c9%99-%c9%99m%c9%99kdasliga-oz-tohf%c9%99sini-verir","status":"publish","type":"post","link":"https:\/\/arantv.az\/?p=23876","title":{"rendered":"S\u0259fir: &#8220;Az\u0259rbaycanla Pakistan aras\u0131nda olan strateji t\u0259r\u0259fda\u015fl\u0131q m\u00fcnasib\u0259tl\u0259ri b\u00fct\u00fcn sah\u0259l\u0259rd\u0259 \u0259m\u0259kda\u015fl\u0131\u011fa \u00f6z t\u00f6hf\u0259sini verir&#8221;"},"content":{"rendered":"<blockquote><p><em><strong>Az\u0259rbaycan\u0131n Pakistan \u0130slam Respublikas\u0131ndak\u0131 f\u00f6vq\u0259lad\u0259 v\u0259 s\u0259lahiyy\u0259tli s\u0259firi \u018fli \u018flizad\u0259 Pakistan\u0131n bax\u0131ml\u0131 televiziya kanallar\u0131ndan biri olan Kay2TV-nin Biznes-Raund proqram\u0131n\u0131n qona\u011f\u0131 olub.<\/strong><\/em><\/p><\/blockquote>\n<p><strong>ARANTV.AZ<\/strong> x\u0259b\u0259r verir ki, Az\u0259rbaycan\u0131n Pakistandak\u0131 S\u0259firliyind\u0259n trend-\u0259 veril\u0259n m\u0259lumata g\u00f6r\u0259, daha \u00e7ox Az\u0259rbaycan v\u0259 Pakistan\u0131n iqtisadi-ticari \u0259laq\u0259l\u0259rinin inki\u015faf\u0131 perspektivl\u0259rin\u0259 yer veril\u0259n proqramda Az\u0259rbaycan\u0131n Pakistanla bu sah\u0259d\u0259 d\u0259 \u0259m\u0259kda\u015fl\u0131\u011f\u0131n\u0131n art\u0131r\u0131lmas\u0131nda maraql\u0131 oldu\u011fu, cari ild\u0259 iki \u00f6lk\u0259 aras\u0131nda bir \u00e7ox birg\u0259 layih\u0259l\u0259rin, s\u0259rgi, biznes forum v\u0259 g\u00f6r\u00fc\u015fl\u0259rin, qar\u015f\u0131l\u0131ql\u0131 s\u0259f\u0259rl\u0259rin ba\u015f tutdu\u011funu, cari ild\u0259 ticar\u0259t d\u00f6vriyy\u0259sind\u0259 art\u0131m\u0131n m\u00fc\u015fahid\u0259 olundu\u011fu bildirilib.<\/p>\n<p>S\u0259fir, h\u0259m\u00e7inin\u00a0Az\u0259rbaycanda xarici investorlar \u00fc\u00e7\u00fcn yarad\u0131lan m\u00fcnbit \u015f\u0259rait, k\u0259nd t\u0259s\u0259rr\u00fcfat\u0131, s\u0259naye v\u0259 texnoloji parklar\u0131n, iqtisadi zonalar\u0131n f\u0259aliyy\u0259tl\u0259ri haqq\u0131nda m\u0259lumat verib, Az\u0259rbaycanla Pakistan aras\u0131nda olan strateji t\u0259r\u0259fda\u015fl\u0131q m\u00fcnasib\u0259tl\u0259rinin iqtisadi, ticari, h\u0259rbi-texniki, enerji, turizm v\u0259 dig\u0259r sah\u0259l\u0259rd\u0259 d\u0259 \u0259m\u0259kda\u015fl\u0131\u011fa \u00f6z t\u00f6hf\u0259sini verdiyini, 2017-ci ild\u0259 iqtisadi-ticari v\u0259 k\u0259nd t\u0259s\u0259rr\u00fcfat\u0131 sah\u0259sind\u0259 \u0259m\u0259kda\u015fl\u0131\u011f\u0131n geni\u015fl\u0259ndirilm\u0259si \u00fc\u00e7\u00fcn iki birg\u0259 i\u015f\u00e7i qruplar\u0131n\u0131n yarad\u0131ld\u0131\u011f\u0131n\u0131, viza rejiminin Pakistan v\u0259t\u0259nda\u015flar\u0131 \u00fc\u00e7\u00fcn sad\u0259l\u0259\u015fdirildiyini v\u0259 qar\u015f\u0131l\u0131ql\u0131 investisiya \u00fc\u00e7\u00fcn imkanlar\u0131n artd\u0131\u011f\u0131n\u0131 qeyd edib.<\/p>\n<p>S\u0259fir \u018fli \u018flizad\u0259, h\u0259m\u00e7inin\u00a0Az\u0259rbaycan-Pakistan siyasi m\u00fcnasib\u0259tl\u0259rinin daim inki\u015faf\u0131, h\u0259r iki \u00f6lk\u0259nin bir-birin\u0259 g\u00f6st\u0259rdiyi d\u0259st\u0259k, t\u0259hsil sah\u0259sind\u0259 h\u0259yata ke\u00e7iril\u0259n i\u015fl\u0259r, Az\u0259rbaycan\u0131n turizm potensial\u0131, m\u0259d\u0259niyy\u0259ti, terrorla m\u00fcbariz\u0259 sah\u0259sind\u0259 Pakistanla h\u0259yata ke\u00e7iril\u0259n i\u015fl\u0259r, Erm\u0259nistan-Az\u0259rbaycan Da\u011fl\u0131q Qaraba\u011f m\u00fcnaqi\u015f\u0259si, Erm\u0259nistan\u0131n i\u015f\u011fal\u00e7\u0131l\u0131q v\u0259 etnik t\u0259mizl\u0259m\u0259 siyas\u0259ti, t\u0259xribatlar\u0131 haqq\u0131nda da tama\u015fa\u00e7\u0131lar\u0131 m\u0259lumatland\u0131r\u0131b.<\/p>\n","protected":false},"excerpt":{"rendered":"<p>Az\u0259rbaycan\u0131n Pakistan \u0130slam Respublikas\u0131ndak\u0131 f\u00f6vq\u0259lad\u0259 v\u0259 s\u0259lahiyy\u0259tli s\u0259firi \u018fli \u018flizad\u0259 Pakistan\u0131n bax\u0131ml\u0131 televiziya kanallar\u0131ndan biri olan Kay2TV-nin Biznes-Raund proqram\u0131n\u0131n qona\u011f\u0131 olub. ARANTV.AZ x\u0259b\u0259r verir ki, Az\u0259rbaycan\u0131n Pakistandak\u0131 S\u0259firliyind\u0259n trend-\u0259 veril\u0259n m\u0259lumata g\u00f6r\u0259, daha \u00e7ox Az\u0259rbaycan v\u0259 Pakistan\u0131n iqtisadi-ticari \u0259laq\u0259l\u0259rinin inki\u015faf\u0131 perspektivl\u0259rin\u0259 yer veril\u0259n proqramda Az\u0259rbaycan\u0131n Pakistanla bu sah\u0259d\u0259 d\u0259 \u0259m\u0259kda\u015fl\u0131\u011f\u0131n\u0131n art\u0131r\u0131lmas\u0131nda maraql\u0131 oldu\u011fu, cari ild\u0259 iki \u00f6lk\u0259 aras\u0131nda bir \u00e7ox birg\u0259 layih\u0259l\u0259rin, s\u0259rgi, biznes forum v\u0259 g\u00f6r\u00fc\u015fl\u0259rin, qar\u015f\u0131l\u0131ql\u0131 s\u0259f\u0259rl\u0259rin ba\u015f tutdu\u011funu, cari ild\u0259 ticar\u0259t d\u00f6vriyy\u0259sind\u0259 art\u0131m\u0131n m\u00fc\u015fahid\u0259 olundu\u011fu bildirilib. S\u0259fir, h\u0259m\u00e7inin\u00a0Az\u0259rbaycanda xarici investorlar \u00fc\u00e7\u00fcn yarad\u0131lan m\u00fcnbit \u015f\u0259rait, k\u0259nd t\u0259s\u0259rr\u00fcfat\u0131, s\u0259naye&hellip;<\/p>\n","protected":false},"author":2,"featured_media":23877,"comment_status":"closed","ping_status":"closed","sticky":false,"template":"","format":"standard","meta":{"om_disable_all_campaigns":false,"_monsterinsights_skip_tracking":false,"_monsterinsights_sitenote_active":false,"_monsterinsights_sitenote_note":"","_monsterinsights_sitenote_category":0},"categories":[4],"tags":[],"aioseo_notices":[],"gutentor_comment":0,"rttpg_featured_image_url":{"full":["https:\/\/arantv.az\/wp-content\/uploads\/2018\/11\/705115.jpg",800,600,false],"landscape":["https:\/\/arantv.az\/wp-content\/uploads\/2018\/11\/705115.jpg",800,600,false],"portraits":["https:\/\/arantv.az\/wp-content\/uploads\/2018\/11\/705115.jpg",800,600,false],"thumbnail":["https:\/\/arantv.az\/wp-content\/uploads\/2018\/11\/705115-150x150.jpg",150,150,true],"medium":["https:\/\/arantv.az\/wp-content\/uploads\/2018\/11\/705115-300x225.jpg",300,225,true],"large":["https:\/\/arantv.az\/wp-content\/uploads\/2018\/11\/705115.jpg",640,480,false],"1536x1536":["https:\/\/arantv.az\/wp-content\/uploads\/2018\/11\/705115.jpg",800,600,false],"2048x2048":["https:\/\/arantv.az\/wp-content\/uploads\/2018\/11\/705115.jpg",800,600,false],"post-thumbnail":["https:\/\/arantv.az\/wp-content\/uploads\/2018\/11\/705115-240x172.jpg",240,172,true],"advps-thumb-one":["https:\/\/arantv.az\/wp-content\/uploads\/2018\/11\/705115.jpg",800,600,false]},"rttpg_author":{"display_name":"V\u00fcsal Rafiqo\u011flu","author_link":"https:\/\/arantv.az\/?author=2"},"rttpg_comment":0,"rttpg_category":"<a href=\"https:\/\/arantv.az\/?cat=4\" rel=\"category\">Siyas\u0259t<\/a>","rttpg_excerpt":"Az\u0259rbaycan\u0131n Pakistan \u0130slam Respublikas\u0131ndak\u0131 f\u00f6vq\u0259lad\u0259 v\u0259 s\u0259lahiyy\u0259tli s\u0259firi \u018fli \u018flizad\u0259 Pakistan\u0131n bax\u0131ml\u0131 televiziya kanallar\u0131ndan biri olan Kay2TV-nin Biznes-Raund proqram\u0131n\u0131n qona\u011f\u0131 olub. ARANTV.AZ x\u0259b\u0259r verir ki, Az\u0259rbaycan\u0131n Pakistandak\u0131 S\u0259firliyind\u0259n trend-\u0259 veril\u0259n m\u0259lumata g\u00f6r\u0259, daha \u00e7ox Az\u0259rbaycan v\u0259 Pakistan\u0131n iqtisadi-ticari \u0259laq\u0259l\u0259rinin inki\u015faf\u0131 perspektivl\u0259rin\u0259 yer veril\u0259n proqramda Az\u0259rbaycan\u0131n Pakistanla bu sah\u0259d\u0259 d\u0259 \u0259m\u0259kda\u015fl\u0131\u011f\u0131n\u0131n art\u0131r\u0131lmas\u0131nda maraql\u0131 oldu\u011fu, cari ild\u0259&hellip;","_links":{"self":[{"href":"https:\/\/arantv.az\/index.php?rest_route=\/wp\/v2\/posts\/23876"}],"collection":[{"href":"https:\/\/arantv.az\/index.php?rest_route=\/wp\/v2\/posts"}],"about":[{"href":"https:\/\/arantv.az\/index.php?rest_route=\/wp\/v2\/types\/post"}],"author":[{"embeddable":true,"href":"https:\/\/arantv.az\/index.php?rest_route=\/wp\/v2\/users\/2"}],"replies":[{"embeddable":true,"href":"https:\/\/arantv.az\/index.php?rest_route=%2Fwp%2Fv2%2Fcomments&post=23876"}],"version-history":[{"count":0,"href":"https:\/\/arantv.az\/index.php?rest_route=\/wp\/v2\/posts\/23876\/revisions"}],"wp:featuredmedia":[{"embeddable":true,"href":"https:\/\/arantv.az\/index.php?rest_route=\/wp\/v2\/media\/23877"}],"wp:attachment":[{"href":"https:\/\/arantv.az\/index.php?rest_route=%2Fwp%2Fv2%2Fmedia&parent=23876"}],"wp:term":[{"taxonomy":"category","embeddable":true,"href":"https:\/\/arantv.az\/index.php?rest_route=%2Fwp%2Fv2%2Fcategories&post=23876"},{"taxonomy":"post_tag","embeddable":true,"href":"https:\/\/arantv.az\/index.php?rest_route=%2Fwp%2Fv2%2Ftags&post=23876"}],"curies":[{"name":"wp","href":"https:\/\/api.w.org\/{rel}","templated":true}]}}