{"id":23920,"date":"2018-11-19T09:57:22","date_gmt":"2018-11-19T06:57:22","guid":{"rendered":"http:\/\/arantv.az\/?p=23920"},"modified":"2018-11-19T09:57:22","modified_gmt":"2018-11-19T06:57:22","slug":"az%c9%99rbaycan-v%c9%99-belarus-turkiy%c9%99d%c9%99-birg%c9%99-zavod-acacaq","status":"publish","type":"post","link":"https:\/\/arantv.az\/?p=23920","title":{"rendered":"Az\u0259rbaycan v\u0259 Belarus T\u00fcrkiy\u0259d\u0259 birg\u0259 zavod a\u00e7acaq"},"content":{"rendered":"<p>Az\u0259rbaycan v\u0259 Belarus T\u00fcrkiy\u0259d\u0259 birg\u0259 traktor zavodu a\u00e7acaq.\u00a0Bu bar\u0259d\u0259 Minskd\u0259 iki \u00f6lk\u0259nin h\u00f6kum\u0259tl\u0259raras\u0131 iclas\u0131nda m\u0259lumat verilib.<\/p>\n<p><b>ARANTV.AZ <\/b>oxu.az-a<b>\u00a0<\/b>istinad\u0259n x\u0259b\u0259r verir ki, zavodun tikintisi art\u0131q ba\u015fa \u00e7atd\u0131r\u0131l\u0131b.<\/p>\n<p>G\u00f6r\u00fc\u015f i\u015ftirak\u00e7\u0131lar\u0131 qeyd edibl\u0259r ki, ilk traktorlar\u00a0bu ilin birinci r\u00fcb\u00fcnd\u0259 y\u0131\u011f\u0131lacaq. \u00dcmumilikd\u0259, 2018-ci ilin yekununa g\u00f6r\u0259, iki \u00f6lk\u0259 aras\u0131nda ticar\u0259t d\u00f6vriyy\u0259si \u00fc\u00e7\u00a0d\u0259f\u0259 artaraq 160 milyon dollardan \u00e7ox t\u0259\u015fkil edib.<\/p>\n<div id=\"AdributorNativeVideo0\" class=\"AdributorNativeVideo\"><\/div>\n<p>\u201cBiz dig\u0259r sah\u0259l\u0259rd\u0259 d\u0259 \u0259m\u0259kda\u015fl\u0131\u011f\u0131 geni\u015fl\u0259ndirm\u0259liyik. S\u0259naye v\u0259 k\u0259nd t\u0259s\u0259rr\u00fcfat\u0131 sah\u0259l\u0259rind\u0259 \u0259m\u0259kda\u015fl\u0131\u011f\u0131n geni\u015fl\u0259ndirilm\u0259sin\u0259 b\u00f6y\u00fck \u0259h\u0259miyy\u0259t veririk\u201d, &#8211;\u00a0dey\u0259 Belarus Respublikas\u0131n\u0131n ba\u015f nazirinin m\u00fcavini\u00a0<strong>Mixail Rus\u0131y<\/strong>\u00a0bildirib.<\/p>\n<p>\u0130clasda qeyd edilib ki, Belarus bu il Az\u0259rbaycana 300 traktor v\u0259 30 kombayn g\u00f6nd\u0259r\u0259c\u0259k.<\/p>\n","protected":false},"excerpt":{"rendered":"<p>Az\u0259rbaycan v\u0259 Belarus T\u00fcrkiy\u0259d\u0259 birg\u0259 traktor zavodu a\u00e7acaq.\u00a0Bu bar\u0259d\u0259 Minskd\u0259 iki \u00f6lk\u0259nin h\u00f6kum\u0259tl\u0259raras\u0131 iclas\u0131nda m\u0259lumat verilib. ARANTV.AZ oxu.az-a\u00a0istinad\u0259n x\u0259b\u0259r verir ki, zavodun tikintisi art\u0131q ba\u015fa \u00e7atd\u0131r\u0131l\u0131b. G\u00f6r\u00fc\u015f i\u015ftirak\u00e7\u0131lar\u0131 qeyd edibl\u0259r ki, ilk traktorlar\u00a0bu ilin birinci r\u00fcb\u00fcnd\u0259 y\u0131\u011f\u0131lacaq. \u00dcmumilikd\u0259, 2018-ci ilin yekununa g\u00f6r\u0259, iki \u00f6lk\u0259 aras\u0131nda ticar\u0259t d\u00f6vriyy\u0259si \u00fc\u00e7\u00a0d\u0259f\u0259 artaraq 160 milyon dollardan \u00e7ox t\u0259\u015fkil edib. \u201cBiz dig\u0259r sah\u0259l\u0259rd\u0259 d\u0259 \u0259m\u0259kda\u015fl\u0131\u011f\u0131 geni\u015fl\u0259ndirm\u0259liyik. S\u0259naye v\u0259 k\u0259nd t\u0259s\u0259rr\u00fcfat\u0131 sah\u0259l\u0259rind\u0259 \u0259m\u0259kda\u015fl\u0131\u011f\u0131n geni\u015fl\u0259ndirilm\u0259sin\u0259 b\u00f6y\u00fck \u0259h\u0259miyy\u0259t veririk\u201d, &#8211;\u00a0dey\u0259 Belarus Respublikas\u0131n\u0131n ba\u015f nazirinin m\u00fcavini\u00a0Mixail Rus\u0131y\u00a0bildirib. \u0130clasda qeyd edilib ki, Belarus bu il Az\u0259rbaycana 300 traktor v\u0259 30&hellip;<\/p>\n","protected":false},"author":2,"featured_media":23921,"comment_status":"closed","ping_status":"closed","sticky":false,"template":"","format":"standard","meta":{"om_disable_all_campaigns":false,"_monsterinsights_skip_tracking":false,"_monsterinsights_sitenote_active":false,"_monsterinsights_sitenote_note":"","_monsterinsights_sitenote_category":0},"categories":[19],"tags":[],"aioseo_notices":[],"gutentor_comment":0,"rttpg_featured_image_url":{"full":["https:\/\/arantv.az\/wp-content\/uploads\/2018\/11\/0151b9ada1289cdf7525622192db0f01.jpg",620,413,false],"landscape":["https:\/\/arantv.az\/wp-content\/uploads\/2018\/11\/0151b9ada1289cdf7525622192db0f01.jpg",620,413,false],"portraits":["https:\/\/arantv.az\/wp-content\/uploads\/2018\/11\/0151b9ada1289cdf7525622192db0f01.jpg",620,413,false],"thumbnail":["https:\/\/arantv.az\/wp-content\/uploads\/2018\/11\/0151b9ada1289cdf7525622192db0f01-150x150.jpg",150,150,true],"medium":["https:\/\/arantv.az\/wp-content\/uploads\/2018\/11\/0151b9ada1289cdf7525622192db0f01-300x200.jpg",300,200,true],"large":["https:\/\/arantv.az\/wp-content\/uploads\/2018\/11\/0151b9ada1289cdf7525622192db0f01.jpg",620,413,false],"1536x1536":["https:\/\/arantv.az\/wp-content\/uploads\/2018\/11\/0151b9ada1289cdf7525622192db0f01.jpg",620,413,false],"2048x2048":["https:\/\/arantv.az\/wp-content\/uploads\/2018\/11\/0151b9ada1289cdf7525622192db0f01.jpg",620,413,false],"post-thumbnail":["https:\/\/arantv.az\/wp-content\/uploads\/2018\/11\/0151b9ada1289cdf7525622192db0f01-240x172.jpg",240,172,true],"advps-thumb-one":["https:\/\/arantv.az\/wp-content\/uploads\/2018\/11\/0151b9ada1289cdf7525622192db0f01.jpg",620,413,false]},"rttpg_author":{"display_name":"V\u00fcsal Rafiqo\u011flu","author_link":"https:\/\/arantv.az\/?author=2"},"rttpg_comment":0,"rttpg_category":"<a href=\"https:\/\/arantv.az\/?cat=19\" rel=\"category\">G\u00fcnd\u0259m<\/a>","rttpg_excerpt":"Az\u0259rbaycan v\u0259 Belarus T\u00fcrkiy\u0259d\u0259 birg\u0259 traktor zavodu a\u00e7acaq.\u00a0Bu bar\u0259d\u0259 Minskd\u0259 iki \u00f6lk\u0259nin h\u00f6kum\u0259tl\u0259raras\u0131 iclas\u0131nda m\u0259lumat verilib. ARANTV.AZ oxu.az-a\u00a0istinad\u0259n x\u0259b\u0259r verir ki, zavodun tikintisi art\u0131q ba\u015fa \u00e7atd\u0131r\u0131l\u0131b. G\u00f6r\u00fc\u015f i\u015ftirak\u00e7\u0131lar\u0131 qeyd edibl\u0259r ki, ilk traktorlar\u00a0bu ilin birinci r\u00fcb\u00fcnd\u0259 y\u0131\u011f\u0131lacaq. \u00dcmumilikd\u0259, 2018-ci ilin yekununa g\u00f6r\u0259, iki \u00f6lk\u0259 aras\u0131nda ticar\u0259t d\u00f6vriyy\u0259si \u00fc\u00e7\u00a0d\u0259f\u0259 artaraq 160 milyon dollardan \u00e7ox t\u0259\u015fkil edib.&hellip;","_links":{"self":[{"href":"https:\/\/arantv.az\/index.php?rest_route=\/wp\/v2\/posts\/23920"}],"collection":[{"href":"https:\/\/arantv.az\/index.php?rest_route=\/wp\/v2\/posts"}],"about":[{"href":"https:\/\/arantv.az\/index.php?rest_route=\/wp\/v2\/types\/post"}],"author":[{"embeddable":true,"href":"https:\/\/arantv.az\/index.php?rest_route=\/wp\/v2\/users\/2"}],"replies":[{"embeddable":true,"href":"https:\/\/arantv.az\/index.php?rest_route=%2Fwp%2Fv2%2Fcomments&post=23920"}],"version-history":[{"count":0,"href":"https:\/\/arantv.az\/index.php?rest_route=\/wp\/v2\/posts\/23920\/revisions"}],"wp:featuredmedia":[{"embeddable":true,"href":"https:\/\/arantv.az\/index.php?rest_route=\/wp\/v2\/media\/23921"}],"wp:attachment":[{"href":"https:\/\/arantv.az\/index.php?rest_route=%2Fwp%2Fv2%2Fmedia&parent=23920"}],"wp:term":[{"taxonomy":"category","embeddable":true,"href":"https:\/\/arantv.az\/index.php?rest_route=%2Fwp%2Fv2%2Fcategories&post=23920"},{"taxonomy":"post_tag","embeddable":true,"href":"https:\/\/arantv.az\/index.php?rest_route=%2Fwp%2Fv2%2Ftags&post=23920"}],"curies":[{"name":"wp","href":"https:\/\/api.w.org\/{rel}","templated":true}]}}