{"id":23926,"date":"2018-11-19T11:11:56","date_gmt":"2018-11-19T08:11:56","guid":{"rendered":"http:\/\/arantv.az\/?p=23926"},"modified":"2018-11-19T11:11:56","modified_gmt":"2018-11-19T08:11:56","slug":"abseronda-83-yasli-kisi-ozunu-bicaqlayaraq-oldurdu","status":"publish","type":"post","link":"https:\/\/arantv.az\/?p=23926","title":{"rendered":"Ab\u015feronda 83 ya\u015fl\u0131 ki\u015fi \u00f6z\u00fcn\u00fc b\u0131\u00e7aqlayaraq \u00f6ld\u00fcrd\u00fc"},"content":{"rendered":"<p><strong>Ab\u015feron rayonunda qoca ki\u015fi \u00f6z\u00fcn\u00fc b\u0131\u00e7aqlayaraq \u00f6ld\u00fcr\u00fcb.\u00a0<\/strong><\/p>\n<p><strong>ARANTV.AZ<\/strong> report-a istinad\u0259n x\u0259b\u0259r verir ki, hadis\u0259 rayonun Saray q\u0259s\u0259b\u0259si \u0259razisind\u0259 ba\u015f verib.<\/p>\n<p>Bel\u0259 ki, \u0259sl\u0259n h\u0259min q\u0259s\u0259b\u0259d\u0259 ya\u015fayan, 1935-ci il t\u0259v\u0259ll\u00fcdl\u00fc V\u0259li \u0130smay\u0131lov ya\u015fad\u0131\u011f\u0131 evd\u0259 \u00f6z\u00fcn\u00fc b\u0131\u00e7aqlayaraq intihar edib.<\/p>\n<p>Bu bar\u0259d\u0259 h\u00fcquq m\u00fchafiz\u0259 orqanlar\u0131na m\u0259lumat verilib. Meyit m\u00fcayin\u0259 olunmas\u0131 \u00fc\u00e7\u00fcn aidiyy\u0259ti\u00a0\u00fczr\u0259 t\u0259hvil verilib.<\/p>\n<p>Qeyd ed\u0259k ki, 83 ya\u015fl\u0131 ki\u015fi bir m\u00fcdd\u0259t \u0259vv\u0259l o\u011flu v\u0259 g\u0259lini il\u0259 bir yerd\u0259 ya\u015fay\u0131b. Yax\u0131nlar\u0131 bildiribl\u0259r ki, son vaxtlarda ki\u015finin psixoloji problemi olub.<\/p>\n<p>Faktla ba\u011fl\u0131 Ab\u015feron Rayon Prokurorlu\u011funda ara\u015fd\u0131rma apar\u0131l\u0131r.<\/p>\n","protected":false},"excerpt":{"rendered":"<p>Ab\u015feron rayonunda qoca ki\u015fi \u00f6z\u00fcn\u00fc b\u0131\u00e7aqlayaraq \u00f6ld\u00fcr\u00fcb.\u00a0 ARANTV.AZ report-a istinad\u0259n x\u0259b\u0259r verir ki, hadis\u0259 rayonun Saray q\u0259s\u0259b\u0259si \u0259razisind\u0259 ba\u015f verib. Bel\u0259 ki, \u0259sl\u0259n h\u0259min q\u0259s\u0259b\u0259d\u0259 ya\u015fayan, 1935-ci il t\u0259v\u0259ll\u00fcdl\u00fc V\u0259li \u0130smay\u0131lov ya\u015fad\u0131\u011f\u0131 evd\u0259 \u00f6z\u00fcn\u00fc b\u0131\u00e7aqlayaraq intihar edib. Bu bar\u0259d\u0259 h\u00fcquq m\u00fchafiz\u0259 orqanlar\u0131na m\u0259lumat verilib. Meyit m\u00fcayin\u0259 olunmas\u0131 \u00fc\u00e7\u00fcn aidiyy\u0259ti\u00a0\u00fczr\u0259 t\u0259hvil verilib. Qeyd ed\u0259k ki, 83 ya\u015fl\u0131 ki\u015fi bir m\u00fcdd\u0259t \u0259vv\u0259l o\u011flu v\u0259 g\u0259lini il\u0259 bir yerd\u0259 ya\u015fay\u0131b. Yax\u0131nlar\u0131 bildiribl\u0259r ki, son vaxtlarda ki\u015finin psixoloji problemi olub. Faktla ba\u011fl\u0131 Ab\u015feron Rayon Prokurorlu\u011funda ara\u015fd\u0131rma apar\u0131l\u0131r.<\/p>\n","protected":false},"author":2,"featured_media":23927,"comment_status":"closed","ping_status":"closed","sticky":false,"template":"","format":"standard","meta":{"om_disable_all_campaigns":false,"_monsterinsights_skip_tracking":false,"_monsterinsights_sitenote_active":false,"_monsterinsights_sitenote_note":"","_monsterinsights_sitenote_category":0},"categories":[3],"tags":[],"aioseo_notices":[],"gutentor_comment":0,"rttpg_featured_image_url":{"full":["https:\/\/arantv.az\/wp-content\/uploads\/2018\/11\/meyid_0188888.jpg",482,361,false],"landscape":["https:\/\/arantv.az\/wp-content\/uploads\/2018\/11\/meyid_0188888.jpg",482,361,false],"portraits":["https:\/\/arantv.az\/wp-content\/uploads\/2018\/11\/meyid_0188888.jpg",482,361,false],"thumbnail":["https:\/\/arantv.az\/wp-content\/uploads\/2018\/11\/meyid_0188888-150x150.jpg",150,150,true],"medium":["https:\/\/arantv.az\/wp-content\/uploads\/2018\/11\/meyid_0188888-300x225.jpg",300,225,true],"large":["https:\/\/arantv.az\/wp-content\/uploads\/2018\/11\/meyid_0188888.jpg",482,361,false],"1536x1536":["https:\/\/arantv.az\/wp-content\/uploads\/2018\/11\/meyid_0188888.jpg",482,361,false],"2048x2048":["https:\/\/arantv.az\/wp-content\/uploads\/2018\/11\/meyid_0188888.jpg",482,361,false],"post-thumbnail":["https:\/\/arantv.az\/wp-content\/uploads\/2018\/11\/meyid_0188888-240x172.jpg",240,172,true],"advps-thumb-one":["https:\/\/arantv.az\/wp-content\/uploads\/2018\/11\/meyid_0188888.jpg",482,361,false]},"rttpg_author":{"display_name":"V\u00fcsal Rafiqo\u011flu","author_link":"https:\/\/arantv.az\/?author=2"},"rttpg_comment":0,"rttpg_category":"<a href=\"https:\/\/arantv.az\/?cat=3\" rel=\"category\">Kriminal<\/a>","rttpg_excerpt":"Ab\u015feron rayonunda qoca ki\u015fi \u00f6z\u00fcn\u00fc b\u0131\u00e7aqlayaraq \u00f6ld\u00fcr\u00fcb.\u00a0 ARANTV.AZ report-a istinad\u0259n x\u0259b\u0259r verir ki, hadis\u0259 rayonun Saray q\u0259s\u0259b\u0259si \u0259razisind\u0259 ba\u015f verib. Bel\u0259 ki, \u0259sl\u0259n h\u0259min q\u0259s\u0259b\u0259d\u0259 ya\u015fayan, 1935-ci il t\u0259v\u0259ll\u00fcdl\u00fc V\u0259li \u0130smay\u0131lov ya\u015fad\u0131\u011f\u0131 evd\u0259 \u00f6z\u00fcn\u00fc b\u0131\u00e7aqlayaraq intihar edib. Bu bar\u0259d\u0259 h\u00fcquq m\u00fchafiz\u0259 orqanlar\u0131na m\u0259lumat verilib. Meyit m\u00fcayin\u0259 olunmas\u0131 \u00fc\u00e7\u00fcn aidiyy\u0259ti\u00a0\u00fczr\u0259 t\u0259hvil verilib. Qeyd ed\u0259k ki, 83&hellip;","_links":{"self":[{"href":"https:\/\/arantv.az\/index.php?rest_route=\/wp\/v2\/posts\/23926"}],"collection":[{"href":"https:\/\/arantv.az\/index.php?rest_route=\/wp\/v2\/posts"}],"about":[{"href":"https:\/\/arantv.az\/index.php?rest_route=\/wp\/v2\/types\/post"}],"author":[{"embeddable":true,"href":"https:\/\/arantv.az\/index.php?rest_route=\/wp\/v2\/users\/2"}],"replies":[{"embeddable":true,"href":"https:\/\/arantv.az\/index.php?rest_route=%2Fwp%2Fv2%2Fcomments&post=23926"}],"version-history":[{"count":0,"href":"https:\/\/arantv.az\/index.php?rest_route=\/wp\/v2\/posts\/23926\/revisions"}],"wp:featuredmedia":[{"embeddable":true,"href":"https:\/\/arantv.az\/index.php?rest_route=\/wp\/v2\/media\/23927"}],"wp:attachment":[{"href":"https:\/\/arantv.az\/index.php?rest_route=%2Fwp%2Fv2%2Fmedia&parent=23926"}],"wp:term":[{"taxonomy":"category","embeddable":true,"href":"https:\/\/arantv.az\/index.php?rest_route=%2Fwp%2Fv2%2Fcategories&post=23926"},{"taxonomy":"post_tag","embeddable":true,"href":"https:\/\/arantv.az\/index.php?rest_route=%2Fwp%2Fv2%2Ftags&post=23926"}],"curies":[{"name":"wp","href":"https:\/\/api.w.org\/{rel}","templated":true}]}}