{"id":23932,"date":"2018-11-19T11:14:45","date_gmt":"2018-11-19T08:14:45","guid":{"rendered":"http:\/\/arantv.az\/?p=23932"},"modified":"2018-11-19T11:14:45","modified_gmt":"2018-11-19T08:14:45","slug":"geyiml%c9%99rimi-xususi-hazirlatdiriram-mill%c9%99t-v%c9%99kili","status":"publish","type":"post","link":"https:\/\/arantv.az\/?p=23932","title":{"rendered":"Geyiml\u0259rimi x\u00fcsusi haz\u0131rlatd\u0131r\u0131ram \u2013 Mill\u0259t v\u0259kili"},"content":{"rendered":"<p><strong>Daha \u00e7ox \u00f6z \u00fcz\u0259rimd\u0259 i\u015fl\u0259nmi\u015f geyiml\u0259r\u0259 \u00fcst\u00fcnl\u00fck verir\u0259m. Geyiml\u0259rimi x\u00fcsusi olaraq haz\u0131rlatd\u0131rma\u011f\u0131 daha \u00e7ox sevir\u0259m.<\/strong><\/p>\n<p><strong>ARANTV.AZ<\/strong> x\u0259b\u0259r verir ki, bu s\u00f6zl\u0259ri Milli M\u0259clisin s\u0259dr m\u00fcavini Bahar Muradova\u00a0<a href=\"http:\/\/modern.az\/\" target=\"_blank\" rel=\"noopener\">Modern.az<\/a>-\u0131n m\u0259\u015fhurlar\u0131n yerli, yoxsa xarici brend geyiml\u0259r\u0259 \u00fcst\u00fcnl\u00fck verm\u0259sil\u0259 ba\u011fl\u0131 ke\u00e7irdiyi sor\u011funu cavabland\u0131rark\u0259n deyib.<\/p>\n<p>B.Muradova bildirib ki, geyiml\u0259rini x\u00fcsusi olaraq haz\u0131rlatd\u0131rmaq onu daha \u00e7ox qane edir:<\/p>\n<p>\u201cM\u0259n orta ixtisas t\u0259hsilli modelyer-texnoloqam. Bu i\u015fin texnologiyas\u0131n\u0131 bilir\u0259m. G\u0259ncliyimd\u0259 geyiml\u0259rin dizayn\u0131n\u0131 s\u0131naqdan ke\u00e7irm\u0259k ist\u0259kl\u0259rim d\u0259 olub. \u00d6hd\u0259sind\u0259n d\u0259 pis g\u0259lm\u0259mi\u015f\u0259m.<\/p>\n<p>Amma indi buna kifay\u0259t q\u0259d\u0259r vaxt\u0131m yoxdur. Ona g\u00f6r\u0259 d\u0259 bu i\u015fi yax\u015f\u0131 bacaran d\u0259rzil\u0259rin k\u00f6m\u0259yind\u0259n istifad\u0259 edir\u0259m. T\u0259bii ki, h\u0259rd\u0259n d\u0259 m\u00fc\u0259yy\u0259n haz\u0131r geyiml\u0259r almaq qism\u0259tim\u0259 d\u00fc\u015f\u00fcr.<\/p>\n<p>Amma daha \u00e7ox \u00f6z \u00fcz\u0259rimd\u0259 i\u015fl\u0259nmi\u015f geyiml\u0259r\u0259 \u00fcst\u00fcnl\u00fck verir\u0259m. Bu m\u0259ni daha \u00e7ox qane edir\u201d.<\/p>\n","protected":false},"excerpt":{"rendered":"<p>Daha \u00e7ox \u00f6z \u00fcz\u0259rimd\u0259 i\u015fl\u0259nmi\u015f geyiml\u0259r\u0259 \u00fcst\u00fcnl\u00fck verir\u0259m. Geyiml\u0259rimi x\u00fcsusi olaraq haz\u0131rlatd\u0131rma\u011f\u0131 daha \u00e7ox sevir\u0259m. ARANTV.AZ x\u0259b\u0259r verir ki, bu s\u00f6zl\u0259ri Milli M\u0259clisin s\u0259dr m\u00fcavini Bahar Muradova\u00a0Modern.az-\u0131n m\u0259\u015fhurlar\u0131n yerli, yoxsa xarici brend geyiml\u0259r\u0259 \u00fcst\u00fcnl\u00fck verm\u0259sil\u0259 ba\u011fl\u0131 ke\u00e7irdiyi sor\u011funu cavabland\u0131rark\u0259n deyib. B.Muradova bildirib ki, geyiml\u0259rini x\u00fcsusi olaraq haz\u0131rlatd\u0131rmaq onu daha \u00e7ox qane edir: \u201cM\u0259n orta ixtisas t\u0259hsilli modelyer-texnoloqam. Bu i\u015fin texnologiyas\u0131n\u0131 bilir\u0259m. G\u0259ncliyimd\u0259 geyiml\u0259rin dizayn\u0131n\u0131 s\u0131naqdan ke\u00e7irm\u0259k ist\u0259kl\u0259rim d\u0259 olub. \u00d6hd\u0259sind\u0259n d\u0259 pis g\u0259lm\u0259mi\u015f\u0259m. Amma indi buna kifay\u0259t q\u0259d\u0259r vaxt\u0131m yoxdur. Ona g\u00f6r\u0259 d\u0259 bu i\u015fi yax\u015f\u0131 bacaran d\u0259rzil\u0259rin k\u00f6m\u0259yind\u0259n istifad\u0259&hellip;<\/p>\n","protected":false},"author":2,"featured_media":23933,"comment_status":"closed","ping_status":"closed","sticky":false,"template":"","format":"standard","meta":{"om_disable_all_campaigns":false,"_monsterinsights_skip_tracking":false,"_monsterinsights_sitenote_active":false,"_monsterinsights_sitenote_note":"","_monsterinsights_sitenote_category":0},"categories":[1],"tags":[],"aioseo_notices":[],"gutentor_comment":0,"rttpg_featured_image_url":{"full":["https:\/\/arantv.az\/wp-content\/uploads\/2018\/11\/bahar_muradova.jpg",250,158,false],"landscape":["https:\/\/arantv.az\/wp-content\/uploads\/2018\/11\/bahar_muradova.jpg",250,158,false],"portraits":["https:\/\/arantv.az\/wp-content\/uploads\/2018\/11\/bahar_muradova.jpg",250,158,false],"thumbnail":["https:\/\/arantv.az\/wp-content\/uploads\/2018\/11\/bahar_muradova-150x150.jpg",150,150,true],"medium":["https:\/\/arantv.az\/wp-content\/uploads\/2018\/11\/bahar_muradova.jpg",250,158,false],"large":["https:\/\/arantv.az\/wp-content\/uploads\/2018\/11\/bahar_muradova.jpg",250,158,false],"1536x1536":["https:\/\/arantv.az\/wp-content\/uploads\/2018\/11\/bahar_muradova.jpg",250,158,false],"2048x2048":["https:\/\/arantv.az\/wp-content\/uploads\/2018\/11\/bahar_muradova.jpg",250,158,false],"post-thumbnail":["https:\/\/arantv.az\/wp-content\/uploads\/2018\/11\/bahar_muradova-240x158.jpg",240,158,true],"advps-thumb-one":["https:\/\/arantv.az\/wp-content\/uploads\/2018\/11\/bahar_muradova.jpg",250,158,false]},"rttpg_author":{"display_name":"V\u00fcsal Rafiqo\u011flu","author_link":"https:\/\/arantv.az\/?author=2"},"rttpg_comment":0,"rttpg_category":"<a href=\"https:\/\/arantv.az\/?cat=1\" rel=\"category\">C\u0259miyy\u0259t<\/a>","rttpg_excerpt":"Daha \u00e7ox \u00f6z \u00fcz\u0259rimd\u0259 i\u015fl\u0259nmi\u015f geyiml\u0259r\u0259 \u00fcst\u00fcnl\u00fck verir\u0259m. Geyiml\u0259rimi x\u00fcsusi olaraq haz\u0131rlatd\u0131rma\u011f\u0131 daha \u00e7ox sevir\u0259m. ARANTV.AZ x\u0259b\u0259r verir ki, bu s\u00f6zl\u0259ri Milli M\u0259clisin s\u0259dr m\u00fcavini Bahar Muradova\u00a0Modern.az-\u0131n m\u0259\u015fhurlar\u0131n yerli, yoxsa xarici brend geyiml\u0259r\u0259 \u00fcst\u00fcnl\u00fck verm\u0259sil\u0259 ba\u011fl\u0131 ke\u00e7irdiyi sor\u011funu cavabland\u0131rark\u0259n deyib. B.Muradova bildirib ki, geyiml\u0259rini x\u00fcsusi olaraq haz\u0131rlatd\u0131rmaq onu daha \u00e7ox qane edir: \u201cM\u0259n orta ixtisas&hellip;","_links":{"self":[{"href":"https:\/\/arantv.az\/index.php?rest_route=\/wp\/v2\/posts\/23932"}],"collection":[{"href":"https:\/\/arantv.az\/index.php?rest_route=\/wp\/v2\/posts"}],"about":[{"href":"https:\/\/arantv.az\/index.php?rest_route=\/wp\/v2\/types\/post"}],"author":[{"embeddable":true,"href":"https:\/\/arantv.az\/index.php?rest_route=\/wp\/v2\/users\/2"}],"replies":[{"embeddable":true,"href":"https:\/\/arantv.az\/index.php?rest_route=%2Fwp%2Fv2%2Fcomments&post=23932"}],"version-history":[{"count":0,"href":"https:\/\/arantv.az\/index.php?rest_route=\/wp\/v2\/posts\/23932\/revisions"}],"wp:featuredmedia":[{"embeddable":true,"href":"https:\/\/arantv.az\/index.php?rest_route=\/wp\/v2\/media\/23933"}],"wp:attachment":[{"href":"https:\/\/arantv.az\/index.php?rest_route=%2Fwp%2Fv2%2Fmedia&parent=23932"}],"wp:term":[{"taxonomy":"category","embeddable":true,"href":"https:\/\/arantv.az\/index.php?rest_route=%2Fwp%2Fv2%2Fcategories&post=23932"},{"taxonomy":"post_tag","embeddable":true,"href":"https:\/\/arantv.az\/index.php?rest_route=%2Fwp%2Fv2%2Ftags&post=23932"}],"curies":[{"name":"wp","href":"https:\/\/api.w.org\/{rel}","templated":true}]}}