{"id":23944,"date":"2018-11-19T11:37:26","date_gmt":"2018-11-19T08:37:26","guid":{"rendered":"http:\/\/arantv.az\/?p=23944"},"modified":"2018-11-19T11:37:26","modified_gmt":"2018-11-19T08:37:26","slug":"bakida-gull%c9%99l%c9%99n%c9%99r%c9%99k-oldurul%c9%99n-avtos-ki%cc%87mdi%cc%87r-video","status":"publish","type":"post","link":"https:\/\/arantv.az\/?p=23944","title":{"rendered":"Bak\u0131da g\u00fcll\u0259l\u0259n\u0259r\u0259k \u00f6ld\u00fcr\u00fcl\u0259n &#8220;avto\u015f&#8221; ki\u0307mdi\u0307r? \u2014 V\u0130DEO"},"content":{"rendered":"<div class=\"spot\">Bak\u0131da \u00f6ld\u00fcr\u00fcl\u0259n m\u0259\u015fhur &#8220;avto\u015f\u201dun fotolar\u0131 yay\u0131l\u0131b.<\/div>\n<p>Noyabr\u0131n 17-si g\u00fcnorta saatlar\u0131nda X\u0259z\u0259r rayonu, \u015e\u00fcv\u0259lan q\u0259s\u0259b\u0259sind\u0259 g\u00fcll\u0259l\u0259n\u0259n &#8220;avto\u015f\u201d Cabirin fotolar\u0131 yay\u0131l\u0131b.<\/p>\n<p><strong>ARANTV.AZ\u00a0<\/strong> femida.az-a istinad\u0259n x\u0259b\u0259r verir ki, &#8220;Avto\u015f 012\u201d l\u0259q\u0259bi il\u0259 tan\u0131nan Cabir Babayev Bak\u0131da m\u00fcxt\u0259lif VAZ markal\u0131 avtomobill\u0259rl\u0259 avtoxuliqanl\u0131q etm\u0259kl\u0259 tan\u0131n\u0131b. Bir ne\u00e7\u0259 il \u00f6nc\u0259 o, paytaxt k\u00fc\u00e7\u0259l\u0259rind\u0259n birind\u0259 yolayr\u0131c\u0131n\u0131 Yol-Patrul Xidm\u0259ti avtobilinin qar\u015f\u0131s\u0131ndan maximum s\u00fcr\u0259t h\u0259ddi il\u0259 ke\u00e7diyin\u0259 g\u00f6r\u0259 dill\u0259r \u0259zb\u0259rin\u0259 \u00e7evrilmi\u015fdi.<\/p>\n<p>&nbsp;<\/p>\n<p><iframe loading=\"lazy\" src=\"http:\/\/bax.tv\/player\/46997.html\" width=\"640\" height=\"360\" frameborder=\"0\" scrolling=\"no\" data-mce-fragment=\"1\"><\/iframe><\/p>\n<p>Bel\u0259 ki, 10 YP 334 d\u00f6vl\u0259t n\u00f6mr\u0259 ni\u015fanl\u0131 YPX avtomobilinin qar\u015f\u0131s\u0131ndan y\u00fcks\u0259k s\u00fcr\u0259tl\u0259 ke\u00e7\u0259n n\u0259qliyyat vasit\u0259si 90 KG 012 d\u00f6vl\u0259t n\u00f6mr\u0259 ni\u015fanl\u0131 VAZ 21 07 markal\u0131 avtomobil Bak\u0131 k\u0259ndl\u0259rind\u0259 \u00abCabir-012\u00bb l\u0259q\u0259bil\u0259 tan\u0131nan \u00abavto\u015f\u00bb Cabir\u0259 m\u0259xsus olub.<\/p>\n<div id=\"AdributorNativeVideo0\" class=\"AdributorNativeVideo\"><\/div>\n<p>Qeyd ed\u0259k ki, \u015e\u00fcv\u0259lan q\u0259s\u0259b\u0259 sakini 1992-ci il t\u0259v\u0259ll\u00fcdl\u00fc Babayev Cabir Ya\u015far o\u011flu \u015e\u0259rifov V\u00fcqar B\u0259xtiyar o\u011flu t\u0259r\u0259find\u0259n g\u00fcll\u0259l\u0259n\u0259r\u0259k \u00f6ld\u00fcr\u00fcl\u00fcb. M\u0259lumata g\u00f6r\u0259, q\u0259tl\u0259 yetiril\u0259n Cabir Babayev Bak\u0131n\u0131n m\u0259\u015fhur &#8220;avto\u015f\u201dlar\u0131ndan olub v\u0259 &#8220;Cabir-012\u201d ad\u0131 il\u0259 tan\u0131n\u0131b. Onun \u00f6l\u00fcm\u00fc is\u0259 t\u0259sad\u00fcf n\u0259tic\u0259sind\u0259 ba\u015f verib. Bel\u0259 ki, Cabirin dostu V\u00fcqar\u0131n qarda\u015f\u0131n\u0131n \u00fcz\u00fcn\u0259 x\u0259sar\u0259t yetirib. O da h\u0259min \u015f\u0259xsi g\u00fcll\u0259l\u0259m\u0259k ist\u0259yib v\u0259 bu zaman g\u00fcll\u0259 Cabir\u0259 tu\u015f g\u0259lib.<\/p>\n<p>Hadis\u0259d\u0259n sonra V.\u015e\u0259rifov polis\u0259 k\u00f6n\u00fcll\u00fc \u015f\u0259kild\u0259 t\u0259slim olub.<\/p>\n<p>Faktla ba\u011fl\u0131 cinay\u0259t i\u015fi ba\u015flan\u0131b, istintaq davam edir.<\/p>\n","protected":false},"excerpt":{"rendered":"<p>Bak\u0131da \u00f6ld\u00fcr\u00fcl\u0259n m\u0259\u015fhur &#8220;avto\u015f\u201dun fotolar\u0131 yay\u0131l\u0131b. Noyabr\u0131n 17-si g\u00fcnorta saatlar\u0131nda X\u0259z\u0259r rayonu, \u015e\u00fcv\u0259lan q\u0259s\u0259b\u0259sind\u0259 g\u00fcll\u0259l\u0259n\u0259n &#8220;avto\u015f\u201d Cabirin fotolar\u0131 yay\u0131l\u0131b. ARANTV.AZ\u00a0 femida.az-a istinad\u0259n x\u0259b\u0259r verir ki, &#8220;Avto\u015f 012\u201d l\u0259q\u0259bi il\u0259 tan\u0131nan Cabir Babayev Bak\u0131da m\u00fcxt\u0259lif VAZ markal\u0131 avtomobill\u0259rl\u0259 avtoxuliqanl\u0131q etm\u0259kl\u0259 tan\u0131n\u0131b. Bir ne\u00e7\u0259 il \u00f6nc\u0259 o, paytaxt k\u00fc\u00e7\u0259l\u0259rind\u0259n birind\u0259 yolayr\u0131c\u0131n\u0131 Yol-Patrul Xidm\u0259ti avtobilinin qar\u015f\u0131s\u0131ndan maximum s\u00fcr\u0259t h\u0259ddi il\u0259 ke\u00e7diyin\u0259 g\u00f6r\u0259 dill\u0259r \u0259zb\u0259rin\u0259 \u00e7evrilmi\u015fdi. &nbsp; Bel\u0259 ki, 10 YP 334 d\u00f6vl\u0259t n\u00f6mr\u0259 ni\u015fanl\u0131 YPX avtomobilinin qar\u015f\u0131s\u0131ndan y\u00fcks\u0259k s\u00fcr\u0259tl\u0259 ke\u00e7\u0259n n\u0259qliyyat vasit\u0259si 90 KG 012 d\u00f6vl\u0259t n\u00f6mr\u0259 ni\u015fanl\u0131 VAZ 21 07 markal\u0131 avtomobil&hellip;<\/p>\n","protected":false},"author":2,"featured_media":23945,"comment_status":"closed","ping_status":"closed","sticky":false,"template":"","format":"standard","meta":{"om_disable_all_campaigns":false,"_monsterinsights_skip_tracking":false,"_monsterinsights_sitenote_active":false,"_monsterinsights_sitenote_note":"","_monsterinsights_sitenote_category":0},"categories":[3],"tags":[],"aioseo_notices":[],"gutentor_comment":0,"rttpg_featured_image_url":{"full":["https:\/\/arantv.az\/wp-content\/uploads\/2018\/11\/taki.jpg",620,375,false],"landscape":["https:\/\/arantv.az\/wp-content\/uploads\/2018\/11\/taki.jpg",620,375,false],"portraits":["https:\/\/arantv.az\/wp-content\/uploads\/2018\/11\/taki.jpg",620,375,false],"thumbnail":["https:\/\/arantv.az\/wp-content\/uploads\/2018\/11\/taki-150x150.jpg",150,150,true],"medium":["https:\/\/arantv.az\/wp-content\/uploads\/2018\/11\/taki-300x181.jpg",300,181,true],"large":["https:\/\/arantv.az\/wp-content\/uploads\/2018\/11\/taki.jpg",620,375,false],"1536x1536":["https:\/\/arantv.az\/wp-content\/uploads\/2018\/11\/taki.jpg",620,375,false],"2048x2048":["https:\/\/arantv.az\/wp-content\/uploads\/2018\/11\/taki.jpg",620,375,false],"post-thumbnail":["https:\/\/arantv.az\/wp-content\/uploads\/2018\/11\/taki-240x172.jpg",240,172,true],"advps-thumb-one":["https:\/\/arantv.az\/wp-content\/uploads\/2018\/11\/taki.jpg",620,375,false]},"rttpg_author":{"display_name":"V\u00fcsal Rafiqo\u011flu","author_link":"https:\/\/arantv.az\/?author=2"},"rttpg_comment":0,"rttpg_category":"<a href=\"https:\/\/arantv.az\/?cat=3\" rel=\"category\">Kriminal<\/a>","rttpg_excerpt":"Bak\u0131da \u00f6ld\u00fcr\u00fcl\u0259n m\u0259\u015fhur &#8220;avto\u015f\u201dun fotolar\u0131 yay\u0131l\u0131b. Noyabr\u0131n 17-si g\u00fcnorta saatlar\u0131nda X\u0259z\u0259r rayonu, \u015e\u00fcv\u0259lan q\u0259s\u0259b\u0259sind\u0259 g\u00fcll\u0259l\u0259n\u0259n &#8220;avto\u015f\u201d Cabirin fotolar\u0131 yay\u0131l\u0131b. ARANTV.AZ\u00a0 femida.az-a istinad\u0259n x\u0259b\u0259r verir ki, &#8220;Avto\u015f 012\u201d l\u0259q\u0259bi il\u0259 tan\u0131nan Cabir Babayev Bak\u0131da m\u00fcxt\u0259lif VAZ markal\u0131 avtomobill\u0259rl\u0259 avtoxuliqanl\u0131q etm\u0259kl\u0259 tan\u0131n\u0131b. Bir ne\u00e7\u0259 il \u00f6nc\u0259 o, paytaxt k\u00fc\u00e7\u0259l\u0259rind\u0259n birind\u0259 yolayr\u0131c\u0131n\u0131 Yol-Patrul Xidm\u0259ti avtobilinin qar\u015f\u0131s\u0131ndan maximum s\u00fcr\u0259t&hellip;","_links":{"self":[{"href":"https:\/\/arantv.az\/index.php?rest_route=\/wp\/v2\/posts\/23944"}],"collection":[{"href":"https:\/\/arantv.az\/index.php?rest_route=\/wp\/v2\/posts"}],"about":[{"href":"https:\/\/arantv.az\/index.php?rest_route=\/wp\/v2\/types\/post"}],"author":[{"embeddable":true,"href":"https:\/\/arantv.az\/index.php?rest_route=\/wp\/v2\/users\/2"}],"replies":[{"embeddable":true,"href":"https:\/\/arantv.az\/index.php?rest_route=%2Fwp%2Fv2%2Fcomments&post=23944"}],"version-history":[{"count":0,"href":"https:\/\/arantv.az\/index.php?rest_route=\/wp\/v2\/posts\/23944\/revisions"}],"wp:featuredmedia":[{"embeddable":true,"href":"https:\/\/arantv.az\/index.php?rest_route=\/wp\/v2\/media\/23945"}],"wp:attachment":[{"href":"https:\/\/arantv.az\/index.php?rest_route=%2Fwp%2Fv2%2Fmedia&parent=23944"}],"wp:term":[{"taxonomy":"category","embeddable":true,"href":"https:\/\/arantv.az\/index.php?rest_route=%2Fwp%2Fv2%2Fcategories&post=23944"},{"taxonomy":"post_tag","embeddable":true,"href":"https:\/\/arantv.az\/index.php?rest_route=%2Fwp%2Fv2%2Ftags&post=23944"}],"curies":[{"name":"wp","href":"https:\/\/api.w.org\/{rel}","templated":true}]}}