{"id":23950,"date":"2018-11-19T11:42:41","date_gmt":"2018-11-19T08:42:41","guid":{"rendered":"http:\/\/arantv.az\/?p=23950"},"modified":"2018-11-19T11:42:41","modified_gmt":"2018-11-19T08:42:41","slug":"az%c9%99rbaycanda-5-gun-is-olmayacaq","status":"publish","type":"post","link":"https:\/\/arantv.az\/?p=23950","title":{"rendered":"Az\u0259rbaycanda 5 g\u00fcn \u0130\u015e OLMAYACAQ"},"content":{"rendered":"<p><strong>Az\u0259rbaycanda Yeni il bayram\u0131 v\u0259 D\u00fcnya Az\u0259rbaycanl\u0131lar\u0131n\u0131n H\u0259mr\u0259yliyi G\u00fcn\u00fc il\u0259 \u0259laq\u0259dar ard\u0131c\u0131l 5 qeyri-i\u015f g\u00fcn\u00fc olacaq.<\/strong><\/p>\n<p><strong>ARANTV.AZ\u00a0<\/strong> x\u0259b\u0259r verir ki, dekabr\u0131n 31-i D\u00fcnya Az\u0259rbaycanl\u0131lar\u0131n\u0131n H\u0259mr\u0259yliyi G\u00fcn\u00fc, 2019-cu ilin yanvar\u0131n 1 v\u0259 2-si is\u0259 Yeni il bayram\u0131 m\u00fcnasib\u0259til\u0259 qeyri-i\u015f g\u00fcn\u00fcd\u00fcr<\/p>\n<div id=\"AdributorNativeVideo0\" class=\"AdributorNativeVideo\"><\/div>\n<p>Dekabr\u0131n 29-u \u015f\u0259nb\u0259, 30-u is\u0259 bazar g\u00fcn\u00fcn\u0259 t\u0259sad\u00fcf etdiyind\u0259n \u00f6lk\u0259d\u0259 5 g\u00fcn \u2013 dekabr\u0131n 29, 30 v\u0259 31-d\u0259, yanvar\u0131n 1 v\u0259 2-d\u0259 i\u015f olmayacaq.<\/p>\n<p>Yanvar\u0131n 3-\u00fc yeni t\u0259qvim ilinin ilk i\u015f g\u00fcn\u00fcd\u00fcr.<\/p>\n<p>publika.az<\/p>\n","protected":false},"excerpt":{"rendered":"<p>Az\u0259rbaycanda Yeni il bayram\u0131 v\u0259 D\u00fcnya Az\u0259rbaycanl\u0131lar\u0131n\u0131n H\u0259mr\u0259yliyi G\u00fcn\u00fc il\u0259 \u0259laq\u0259dar ard\u0131c\u0131l 5 qeyri-i\u015f g\u00fcn\u00fc olacaq. ARANTV.AZ\u00a0 x\u0259b\u0259r verir ki, dekabr\u0131n 31-i D\u00fcnya Az\u0259rbaycanl\u0131lar\u0131n\u0131n H\u0259mr\u0259yliyi G\u00fcn\u00fc, 2019-cu ilin yanvar\u0131n 1 v\u0259 2-si is\u0259 Yeni il bayram\u0131 m\u00fcnasib\u0259til\u0259 qeyri-i\u015f g\u00fcn\u00fcd\u00fcr Dekabr\u0131n 29-u \u015f\u0259nb\u0259, 30-u is\u0259 bazar g\u00fcn\u00fcn\u0259 t\u0259sad\u00fcf etdiyind\u0259n \u00f6lk\u0259d\u0259 5 g\u00fcn \u2013 dekabr\u0131n 29, 30 v\u0259 31-d\u0259, yanvar\u0131n 1 v\u0259 2-d\u0259 i\u015f olmayacaq. Yanvar\u0131n 3-\u00fc yeni t\u0259qvim ilinin ilk i\u015f g\u00fcn\u00fcd\u00fcr. publika.az<\/p>\n","protected":false},"author":2,"featured_media":23951,"comment_status":"closed","ping_status":"closed","sticky":false,"template":"","format":"standard","meta":{"om_disable_all_campaigns":false,"_monsterinsights_skip_tracking":false,"_monsterinsights_sitenote_active":false,"_monsterinsights_sitenote_note":"","_monsterinsights_sitenote_category":0},"categories":[1],"tags":[],"aioseo_notices":[],"gutentor_comment":0,"rttpg_featured_image_url":{"full":["https:\/\/arantv.az\/wp-content\/uploads\/2018\/11\/kalendar.jpg",800,450,false],"landscape":["https:\/\/arantv.az\/wp-content\/uploads\/2018\/11\/kalendar.jpg",800,450,false],"portraits":["https:\/\/arantv.az\/wp-content\/uploads\/2018\/11\/kalendar.jpg",800,450,false],"thumbnail":["https:\/\/arantv.az\/wp-content\/uploads\/2018\/11\/kalendar-150x150.jpg",150,150,true],"medium":["https:\/\/arantv.az\/wp-content\/uploads\/2018\/11\/kalendar-300x169.jpg",300,169,true],"large":["https:\/\/arantv.az\/wp-content\/uploads\/2018\/11\/kalendar.jpg",640,360,false],"1536x1536":["https:\/\/arantv.az\/wp-content\/uploads\/2018\/11\/kalendar.jpg",800,450,false],"2048x2048":["https:\/\/arantv.az\/wp-content\/uploads\/2018\/11\/kalendar.jpg",800,450,false],"post-thumbnail":["https:\/\/arantv.az\/wp-content\/uploads\/2018\/11\/kalendar-240x172.jpg",240,172,true],"advps-thumb-one":["https:\/\/arantv.az\/wp-content\/uploads\/2018\/11\/kalendar.jpg",800,450,false]},"rttpg_author":{"display_name":"V\u00fcsal Rafiqo\u011flu","author_link":"https:\/\/arantv.az\/?author=2"},"rttpg_comment":0,"rttpg_category":"<a href=\"https:\/\/arantv.az\/?cat=1\" rel=\"category\">C\u0259miyy\u0259t<\/a>","rttpg_excerpt":"Az\u0259rbaycanda Yeni il bayram\u0131 v\u0259 D\u00fcnya Az\u0259rbaycanl\u0131lar\u0131n\u0131n H\u0259mr\u0259yliyi G\u00fcn\u00fc il\u0259 \u0259laq\u0259dar ard\u0131c\u0131l 5 qeyri-i\u015f g\u00fcn\u00fc olacaq. ARANTV.AZ\u00a0 x\u0259b\u0259r verir ki, dekabr\u0131n 31-i D\u00fcnya Az\u0259rbaycanl\u0131lar\u0131n\u0131n H\u0259mr\u0259yliyi G\u00fcn\u00fc, 2019-cu ilin yanvar\u0131n 1 v\u0259 2-si is\u0259 Yeni il bayram\u0131 m\u00fcnasib\u0259til\u0259 qeyri-i\u015f g\u00fcn\u00fcd\u00fcr Dekabr\u0131n 29-u \u015f\u0259nb\u0259, 30-u is\u0259 bazar g\u00fcn\u00fcn\u0259 t\u0259sad\u00fcf etdiyind\u0259n \u00f6lk\u0259d\u0259 5 g\u00fcn \u2013 dekabr\u0131n 29, 30&hellip;","_links":{"self":[{"href":"https:\/\/arantv.az\/index.php?rest_route=\/wp\/v2\/posts\/23950"}],"collection":[{"href":"https:\/\/arantv.az\/index.php?rest_route=\/wp\/v2\/posts"}],"about":[{"href":"https:\/\/arantv.az\/index.php?rest_route=\/wp\/v2\/types\/post"}],"author":[{"embeddable":true,"href":"https:\/\/arantv.az\/index.php?rest_route=\/wp\/v2\/users\/2"}],"replies":[{"embeddable":true,"href":"https:\/\/arantv.az\/index.php?rest_route=%2Fwp%2Fv2%2Fcomments&post=23950"}],"version-history":[{"count":0,"href":"https:\/\/arantv.az\/index.php?rest_route=\/wp\/v2\/posts\/23950\/revisions"}],"wp:featuredmedia":[{"embeddable":true,"href":"https:\/\/arantv.az\/index.php?rest_route=\/wp\/v2\/media\/23951"}],"wp:attachment":[{"href":"https:\/\/arantv.az\/index.php?rest_route=%2Fwp%2Fv2%2Fmedia&parent=23950"}],"wp:term":[{"taxonomy":"category","embeddable":true,"href":"https:\/\/arantv.az\/index.php?rest_route=%2Fwp%2Fv2%2Fcategories&post=23950"},{"taxonomy":"post_tag","embeddable":true,"href":"https:\/\/arantv.az\/index.php?rest_route=%2Fwp%2Fv2%2Ftags&post=23950"}],"curies":[{"name":"wp","href":"https:\/\/api.w.org\/{rel}","templated":true}]}}