{"id":23955,"date":"2018-11-19T13:21:04","date_gmt":"2018-11-19T10:21:04","guid":{"rendered":"http:\/\/arantv.az\/?p=23955"},"modified":"2018-11-19T13:21:04","modified_gmt":"2018-11-19T10:21:04","slug":"zulfiyy%c9%99-huseynova-48-yasinda-dunya-cempionatinin-medalini-qazandi-foto","status":"publish","type":"post","link":"https:\/\/arantv.az\/?p=23955","title":{"rendered":"Z\u00fclfiyy\u0259 H\u00fcseynova 48 ya\u015f\u0131nda d\u00fcnya \u00e7empionat\u0131n\u0131n medal\u0131n\u0131 qazand\u0131 &#8211; FOTO"},"content":{"rendered":"<p>Parac\u00fcdo \u00fczr\u0259 Az\u0259rbaycan milli komandas\u0131 Portuqaliyan\u0131n Odivela\u015f \u015f\u0259h\u0259rind\u0259 ke\u00e7iril\u0259n d\u00fcnya \u00e7empionat\u0131n\u0131 s\u0259kkiz medalla ba\u015fa vurub.<\/p>\n<p>ARANTV.AZ<strong>\u00a0<\/strong>\u00a0x\u0259b\u0259r verir ki, \u00e7empionatda f\u0259rdi yar\u0131\u015flarda millimiz bir q\u0131z\u0131l, iki g\u00fcm\u00fc\u015f v\u0259 \u00fc\u00e7 b\u00fcr\u00fcnc medal qazan\u0131b.<\/p>\n<p>Komanda yar\u0131\u015flar\u0131nda ki\u015fil\u0259rd\u0259n v\u0259 qad\u0131nlardan ibar\u0259t millil\u0259rimiz d\u0259 b\u00fcr\u00fcnc medallara sahib olublar.<\/p>\n<div id=\"AdributorNativeVideo0\" class=\"AdributorNativeVideo\"><\/div>\n<p>F\u0259rdi yar\u0131\u015flar\u0131n son g\u00fcn\u00fcnd\u0259\u00a0<strong>H\u00fcseyn R\u0259himli<\/strong>\u00a0(-81 kq) koreyal\u0131\u00a0<strong>Cunq Min Li<\/strong>y\u0259 uduzaraq g\u00fcm\u00fc\u015f medalla kifay\u0259tl\u0259nib. F\u0259rdi yar\u0131\u015flarda millimizin lideri\u00a0<strong>\u0130lham Z\u0259kiyev<\/strong>\u00a0(+100 kq) b\u00fcr\u00fcnc medal u\u011frunda g\u00f6r\u00fc\u015fd\u0259 braziliyal\u0131\u00a0<strong>Vilians Araujo<\/strong>nu m\u0259\u011flub ed\u0259r\u0259k b\u00fcr\u00fcnc medal qazan\u0131b.<\/p>\n<p>48 ya\u015f\u0131nda idmana qay\u0131tm\u0131\u015f veteran c\u00fcdo\u00e7umuz\u00a0<strong>Z\u00fclfiyy\u0259 H\u00fcseynova<\/strong>(-70 kq) is\u0259 b\u00fcr\u00fcnc medal u\u011frunda g\u00f6r\u00fc\u015fd\u0259 meksikal\u0131<strong>\u00a0Lenia Fabiola Ruvalkaba Alvares<\/strong>\u0259 uduzaraq f\u0259rdi yar\u0131\u015flarda medals\u0131z qal\u0131b.<\/p>\n<p>\u00c7empionat\u0131n komanda yar\u0131\u015flar\u0131nda is\u0259 h\u0259m ki\u015fi, h\u0259m d\u0259 qad\u0131n millimiz b\u00fcr\u00fcnc medal qazan\u0131b.\u00a0<strong>Xan\u0131m H\u00fcseynova<\/strong>\u00a0(-63 kq), Z\u00fclfiyy\u0259 H\u00fcseynova (-70 kq) v\u0259\u00a0<strong>Sevda V\u0259liyeva<\/strong>dan (-52 kq) ibar\u0259t millimizin \u00fczvl\u0259ri Fransaya qalib g\u0259l\u0259r\u0259k bu titula yiy\u0259l\u0259nib. \u0130lham Z\u0259kiyev,\u00a0<strong>K\u0259nan Abdullaxanl\u0131\u00a0<\/strong>(h\u0259r ikisi +90 kq),\u00a0<strong>Ramil Qas\u0131mov<\/strong>\u00a0(-73 kq),\u00a0<strong>V\u00fcqar \u015eirinli\u00a0<\/strong>(-66 kq), H\u00fcseyn R\u0259himli (-81 kq) v\u0259<strong>\u00a0R\u00f6v\u015f\u0259n S\u0259f\u0259rov<\/strong>dan (-90 kq) ibar\u0259t ki\u015fi millimiz d\u0259 eyni n\u0259tic\u0259ni g\u00f6st\u0259rib. Y\u0131\u011fmam\u0131z b\u00fcr\u00fcnc medal u\u011frunda g\u00f6r\u00fc\u015fd\u0259 \u0130spaniyan\u0131 5:0 hesab\u0131 il\u0259 yenib.<\/p>\n<p>Bel\u0259likl\u0259, d\u00fcnya \u00e7empionat\u0131n\u0131n reytinq c\u0259dv\u0259lind\u0259 Az\u0259rbaycan paralimpiya milli komandas\u0131 yar\u0131\u015fda i\u015ftirak ed\u0259n 42 komanda aras\u0131nda \u00fcmumilikd\u0259 s\u0259kkiz medalla III yeri tutub.<\/p>\n<div class=\"gallery\">\n<div class=\"gallery-i\"><img src=\"https:\/\/assets.oxu.az\/uploads\/W1siZiIsIjIwMTgvMTEvMTkvMTMvNDQvMTcvZmYyYWRlNDMtMzczYS00MGJlLWI0ODYtNDIxMGIwZDk2MGFjL2lic2ExNC5qcGciXSxbInAiLCJlbmNvZGUiLCJqcGciLCItcXVhbGl0eSA4MCJdLFsicCIsInRodW1iIiwiNTkweDU5MFx1MDAzZSJdXQ?sha=87ad7347e573d5a3\" alt=\"\" \/><\/p>\n<div class=\"gallery-i-caption\"><\/div>\n<\/div>\n<div class=\"gallery-i\"><img src=\"https:\/\/assets.oxu.az\/uploads\/W1siZiIsIjIwMTgvMTEvMTkvMTMvNDQvMTkvZTUxYjRkODktZTg5Ni00MWI3LWIwZDYtMGVkZjJjZjA1YjgzL2lic2ExMi5qcGciXSxbInAiLCJlbmNvZGUiLCJqcGciLCItcXVhbGl0eSA4MCJdLFsicCIsInRodW1iIiwiNTkweDU5MFx1MDAzZSJdXQ?sha=7b9ce72ff61ab858\" alt=\"\" \/><\/p>\n<div class=\"gallery-i-caption\"><\/div>\n<\/div>\n<div class=\"gallery-i\"><img src=\"https:\/\/assets.oxu.az\/uploads\/W1siZiIsIjIwMTgvMTEvMTkvMTMvNDQvMjAvNTUxMjVmYzMtNzE2Yy00OTBiLWEwNjMtY2M3Zjk4YjdkMTk3L2lic2ExMS5qcGciXSxbInAiLCJlbmNvZGUiLCJqcGciLCItcXVhbGl0eSA4MCJdLFsicCIsInRodW1iIiwiNTkweDU5MFx1MDAzZSJdXQ?sha=0fcdecc33957c49d\" alt=\"\" \/><\/p>\n<div class=\"gallery-i-caption\"><\/div>\n<\/div>\n<div class=\"gallery-i\"><img src=\"https:\/\/assets.oxu.az\/uploads\/W1siZiIsIjIwMTgvMTEvMTkvMTMvNDQvNDYvZWYxZmJmZDctNjI4YS00OTdlLWE4YTktOTAzOTc2MmVmYTUyL2lic2E3LmpwZyJdLFsicCIsImVuY29kZSIsImpwZyIsIi1xdWFsaXR5IDgwIl0sWyJwIiwidGh1bWIiLCI1OTB4NTkwXHUwMDNlIl1d?sha=a39e5345f1fab39f\" alt=\"\" \/><\/p>\n<div class=\"gallery-i-caption\"><\/div>\n<\/div>\n<div class=\"gallery-i\"><img src=\"https:\/\/assets.oxu.az\/uploads\/W1siZiIsIjIwMTgvMTEvMTkvMTMvNDQvNDgvOTcxOWI4ZGUtZTdiYy00NjA0LWEzNzgtZDNlZGI0NGY0MDI5L2lic2E0LmpwZyJdLFsicCIsImVuY29kZSIsImpwZyIsIi1xdWFsaXR5IDgwIl0sWyJwIiwidGh1bWIiLCI1OTB4NTkwXHUwMDNlIl1d?sha=67293e0e35aa83c1\" alt=\"\" \/><\/p>\n<div class=\"gallery-i-caption\"><\/div>\n<\/div>\n<div class=\"gallery-i\"><img src=\"https:\/\/assets.oxu.az\/uploads\/W1siZiIsIjIwMTgvMTEvMTkvMTMvNDQvNTAvMTYxMzE2MjYtYzdlMi00MDk5LWFlMzktMjM4MDM1MzQ0MGY5L2lic2ExLmpwZyJdLFsicCIsImVuY29kZSIsImpwZyIsIi1xdWFsaXR5IDgwIl0sWyJwIiwidGh1bWIiLCI1OTB4NTkwXHUwMDNlIl1d?sha=0ce98aa479f19288\" alt=\"\" \/><\/p>\n<div class=\"gallery-i-caption\"><\/div>\n<\/div>\n<div class=\"gallery-i\"><img src=\"https:\/\/assets.oxu.az\/uploads\/W1siZiIsIjIwMTgvMTEvMTkvMTMvNDQvNTEvYTAyNDM3MWYtY2Y2MS00ZGQyLWIwNzUtNWZjOWY1NWE2YmQ0L2lic2EuanBnIl0sWyJwIiwiZW5jb2RlIiwianBnIiwiLXF1YWxpdHkgODAiXSxbInAiLCJ0aHVtYiIsIjU5MHg1OTBcdTAwM2UiXV0?sha=7f09d1275e6d1c54\" alt=\"\" \/><\/p>\n<div class=\"gallery-i-caption\"><\/div>\n<\/div>\n<div class=\"gallery-i\"><img src=\"https:\/\/assets.oxu.az\/uploads\/W1siZiIsIjIwMTgvMTEvMTkvMTMvNDQvMjEvNzRiYjU5NWQtYTEwYy00NmYzLThiMzgtYzczYTg2NTg0MmQ3L2lic2E5LmpwZyJdLFsicCIsImVuY29kZSIsImpwZyIsIi1xdWFsaXR5IDgwIl0sWyJwIiwidGh1bWIiLCI1OTB4NTkwXHUwMDNlIl1d?sha=0c9ad4c9a6cd8e3f\" alt=\"\" \/><\/p>\n<div class=\"gallery-i-caption\"><\/div>\n<\/div>\n<div class=\"gallery-i\"><img src=\"https:\/\/assets.oxu.az\/uploads\/W1siZiIsIjIwMTgvMTEvMTkvMTMvNDQvMTYvZmE3NDA4NTMtMjY4My00NTUzLTkwYTItYWFiMzk5Njc3ODFjL2lic2ExNS5qcGciXSxbInAiLCJlbmNvZGUiLCJqcGciLCItcXVhbGl0eSA4MCJdLFsicCIsInRodW1iIiwiNTkweDU5MFx1MDAzZSJdXQ?sha=07defb375997df63\" alt=\"\" \/><\/div>\n<div>oxu.az<\/div>\n<\/div>\n","protected":false},"excerpt":{"rendered":"<p>Parac\u00fcdo \u00fczr\u0259 Az\u0259rbaycan milli komandas\u0131 Portuqaliyan\u0131n Odivela\u015f \u015f\u0259h\u0259rind\u0259 ke\u00e7iril\u0259n d\u00fcnya \u00e7empionat\u0131n\u0131 s\u0259kkiz medalla ba\u015fa vurub. ARANTV.AZ\u00a0\u00a0x\u0259b\u0259r verir ki, \u00e7empionatda f\u0259rdi yar\u0131\u015flarda millimiz bir q\u0131z\u0131l, iki g\u00fcm\u00fc\u015f v\u0259 \u00fc\u00e7 b\u00fcr\u00fcnc medal qazan\u0131b. Komanda yar\u0131\u015flar\u0131nda ki\u015fil\u0259rd\u0259n v\u0259 qad\u0131nlardan ibar\u0259t millil\u0259rimiz d\u0259 b\u00fcr\u00fcnc medallara sahib olublar. F\u0259rdi yar\u0131\u015flar\u0131n son g\u00fcn\u00fcnd\u0259\u00a0H\u00fcseyn R\u0259himli\u00a0(-81 kq) koreyal\u0131\u00a0Cunq Min Liy\u0259 uduzaraq g\u00fcm\u00fc\u015f medalla kifay\u0259tl\u0259nib. F\u0259rdi yar\u0131\u015flarda millimizin lideri\u00a0\u0130lham Z\u0259kiyev\u00a0(+100 kq) b\u00fcr\u00fcnc medal u\u011frunda g\u00f6r\u00fc\u015fd\u0259 braziliyal\u0131\u00a0Vilians Araujonu m\u0259\u011flub ed\u0259r\u0259k b\u00fcr\u00fcnc medal qazan\u0131b. 48 ya\u015f\u0131nda idmana qay\u0131tm\u0131\u015f veteran c\u00fcdo\u00e7umuz\u00a0Z\u00fclfiyy\u0259 H\u00fcseynova(-70 kq) is\u0259 b\u00fcr\u00fcnc medal u\u011frunda g\u00f6r\u00fc\u015fd\u0259 meksikal\u0131\u00a0Lenia Fabiola Ruvalkaba Alvares\u0259&hellip;<\/p>\n","protected":false},"author":2,"featured_media":23956,"comment_status":"closed","ping_status":"closed","sticky":false,"template":"","format":"standard","meta":{"om_disable_all_campaigns":false,"_monsterinsights_skip_tracking":false,"_monsterinsights_sitenote_active":false,"_monsterinsights_sitenote_note":"","_monsterinsights_sitenote_category":0},"categories":[6],"tags":[],"aioseo_notices":[],"gutentor_comment":0,"rttpg_featured_image_url":{"full":["https:\/\/arantv.az\/wp-content\/uploads\/2018\/11\/ibsa11.jpg",581,465,false],"landscape":["https:\/\/arantv.az\/wp-content\/uploads\/2018\/11\/ibsa11.jpg",581,465,false],"portraits":["https:\/\/arantv.az\/wp-content\/uploads\/2018\/11\/ibsa11.jpg",581,465,false],"thumbnail":["https:\/\/arantv.az\/wp-content\/uploads\/2018\/11\/ibsa11-150x150.jpg",150,150,true],"medium":["https:\/\/arantv.az\/wp-content\/uploads\/2018\/11\/ibsa11-300x240.jpg",300,240,true],"large":["https:\/\/arantv.az\/wp-content\/uploads\/2018\/11\/ibsa11.jpg",581,465,false],"1536x1536":["https:\/\/arantv.az\/wp-content\/uploads\/2018\/11\/ibsa11.jpg",581,465,false],"2048x2048":["https:\/\/arantv.az\/wp-content\/uploads\/2018\/11\/ibsa11.jpg",581,465,false],"post-thumbnail":["https:\/\/arantv.az\/wp-content\/uploads\/2018\/11\/ibsa11-240x172.jpg",240,172,true],"advps-thumb-one":["https:\/\/arantv.az\/wp-content\/uploads\/2018\/11\/ibsa11.jpg",581,465,false]},"rttpg_author":{"display_name":"V\u00fcsal Rafiqo\u011flu","author_link":"https:\/\/arantv.az\/?author=2"},"rttpg_comment":0,"rttpg_category":"<a href=\"https:\/\/arantv.az\/?cat=6\" rel=\"category\">\u0130dman<\/a>","rttpg_excerpt":"Parac\u00fcdo \u00fczr\u0259 Az\u0259rbaycan milli komandas\u0131 Portuqaliyan\u0131n Odivela\u015f \u015f\u0259h\u0259rind\u0259 ke\u00e7iril\u0259n d\u00fcnya \u00e7empionat\u0131n\u0131 s\u0259kkiz medalla ba\u015fa vurub. ARANTV.AZ\u00a0\u00a0x\u0259b\u0259r verir ki, \u00e7empionatda f\u0259rdi yar\u0131\u015flarda millimiz bir q\u0131z\u0131l, iki g\u00fcm\u00fc\u015f v\u0259 \u00fc\u00e7 b\u00fcr\u00fcnc medal qazan\u0131b. Komanda yar\u0131\u015flar\u0131nda ki\u015fil\u0259rd\u0259n v\u0259 qad\u0131nlardan ibar\u0259t millil\u0259rimiz d\u0259 b\u00fcr\u00fcnc medallara sahib olublar. F\u0259rdi yar\u0131\u015flar\u0131n son g\u00fcn\u00fcnd\u0259\u00a0H\u00fcseyn R\u0259himli\u00a0(-81 kq) koreyal\u0131\u00a0Cunq Min Liy\u0259 uduzaraq g\u00fcm\u00fc\u015f medalla&hellip;","_links":{"self":[{"href":"https:\/\/arantv.az\/index.php?rest_route=\/wp\/v2\/posts\/23955"}],"collection":[{"href":"https:\/\/arantv.az\/index.php?rest_route=\/wp\/v2\/posts"}],"about":[{"href":"https:\/\/arantv.az\/index.php?rest_route=\/wp\/v2\/types\/post"}],"author":[{"embeddable":true,"href":"https:\/\/arantv.az\/index.php?rest_route=\/wp\/v2\/users\/2"}],"replies":[{"embeddable":true,"href":"https:\/\/arantv.az\/index.php?rest_route=%2Fwp%2Fv2%2Fcomments&post=23955"}],"version-history":[{"count":0,"href":"https:\/\/arantv.az\/index.php?rest_route=\/wp\/v2\/posts\/23955\/revisions"}],"wp:featuredmedia":[{"embeddable":true,"href":"https:\/\/arantv.az\/index.php?rest_route=\/wp\/v2\/media\/23956"}],"wp:attachment":[{"href":"https:\/\/arantv.az\/index.php?rest_route=%2Fwp%2Fv2%2Fmedia&parent=23955"}],"wp:term":[{"taxonomy":"category","embeddable":true,"href":"https:\/\/arantv.az\/index.php?rest_route=%2Fwp%2Fv2%2Fcategories&post=23955"},{"taxonomy":"post_tag","embeddable":true,"href":"https:\/\/arantv.az\/index.php?rest_route=%2Fwp%2Fv2%2Ftags&post=23955"}],"curies":[{"name":"wp","href":"https:\/\/api.w.org\/{rel}","templated":true}]}}