{"id":23958,"date":"2018-11-19T13:23:03","date_gmt":"2018-11-19T10:23:03","guid":{"rendered":"http:\/\/arantv.az\/?p=23958"},"modified":"2018-11-19T13:23:03","modified_gmt":"2018-11-19T10:23:03","slug":"fermerl%c9%99r%c9%99-elektron-kabinet-yaradilacaq","status":"publish","type":"post","link":"https:\/\/arantv.az\/?p=23958","title":{"rendered":"Fermerl\u0259r\u0259 elektron kabinet yarad\u0131lacaq"},"content":{"rendered":"<p>Aqrar sektor art\u0131q beyin m\u0259rk\u0259zi vasit\u0259sil\u0259 daha planl\u0131 v\u0259 t\u0259hlil\u0259 \u0259saslanan\u00a0\u015f\u0259kild\u0259 inki\u015faf etdiril\u0259c\u0259k.<\/p>\n<p><b>ARANTV.AZ\u00a0<\/b> x\u0259b\u0259r verir ki, bu bar\u0259d\u0259 Aqrar T\u0259dqiqatlar\u00a0M\u0259rk\u0259zinin t\u0259qdimat t\u0259dbirind\u0259 a\u00e7\u0131qlama verilib.<\/p>\n<p>M\u0259rk\u0259zin direktoru\u00a0<strong>P\u0259rviz Hac\u0131yev<\/strong>in s\u00f6zl\u0259rin\u0259 g\u00f6r\u0259, aqrar sektorun m\u00fcxt\u0259lif sah\u0259l\u0259ri \u00fczr\u0259 elmi n\u00f6qteyi-n\u0259z\u0259rd\u0259n t\u0259hlil apar\u0131lacaq v\u0259 data hiss\u0259si\u00a0yarad\u0131lacaq.<\/p>\n<div id=\"AdributorNativeVideo0\" class=\"AdributorNativeVideo\"><\/div>\n<p>Buna g\u00f6r\u0259 d\u0259 m\u0259rk\u0259zin tabeliyind\u0259 h\u0259r bir fermerin elektron kabineti olacaq. Burada fermerin t\u0259s\u0259rr\u00fcfat\u0131, texniki imkanlar\u0131 bar\u0259d\u0259 informasiyalar \u00f6z \u0259ksini tapacaq.<\/p>\n<p>N\u0259tic\u0259d\u0259, fermerin subsidiya \u0259ld\u0259 etm\u0259si \u00fc\u00e7\u00fcn \u0259vv\u0259l rayondak\u0131 bir ne\u00e7\u0259 icra qurumundan s\u0259n\u0259dl\u0259r toplamas\u0131\u00a0laz\u0131m g\u0259lm\u0259y\u0259c\u0259k v\u0259 b\u00fcrokratik \u0259ng\u0259ll\u0259r aradan qalxacaq.<\/p>\n<p>Data baza n\u0259tic\u0259sind\u0259 al\u0131nan informasiyalar \u0259sas\u0131nda fermerin qar\u015f\u0131dak\u0131 be\u015f ild\u0259 n\u0259 \u0259k\u0259c\u0259yi d\u0259 m\u0259lum olacaq. Bu is\u0259 m\u0259hsul \u00fczr\u0259 m\u0259hsuldarl\u0131\u011f\u0131 v\u0259 eyni zamanda, bazar probleml\u0259rini h\u0259ll etm\u0259y\u0259 k\u00f6m\u0259k ed\u0259c\u0259k.oxu.az<\/p>\n","protected":false},"excerpt":{"rendered":"<p>Aqrar sektor art\u0131q beyin m\u0259rk\u0259zi vasit\u0259sil\u0259 daha planl\u0131 v\u0259 t\u0259hlil\u0259 \u0259saslanan\u00a0\u015f\u0259kild\u0259 inki\u015faf etdiril\u0259c\u0259k. ARANTV.AZ\u00a0 x\u0259b\u0259r verir ki, bu bar\u0259d\u0259 Aqrar T\u0259dqiqatlar\u00a0M\u0259rk\u0259zinin t\u0259qdimat t\u0259dbirind\u0259 a\u00e7\u0131qlama verilib. M\u0259rk\u0259zin direktoru\u00a0P\u0259rviz Hac\u0131yevin s\u00f6zl\u0259rin\u0259 g\u00f6r\u0259, aqrar sektorun m\u00fcxt\u0259lif sah\u0259l\u0259ri \u00fczr\u0259 elmi n\u00f6qteyi-n\u0259z\u0259rd\u0259n t\u0259hlil apar\u0131lacaq v\u0259 data hiss\u0259si\u00a0yarad\u0131lacaq. Buna g\u00f6r\u0259 d\u0259 m\u0259rk\u0259zin tabeliyind\u0259 h\u0259r bir fermerin elektron kabineti olacaq. Burada fermerin t\u0259s\u0259rr\u00fcfat\u0131, texniki imkanlar\u0131 bar\u0259d\u0259 informasiyalar \u00f6z \u0259ksini tapacaq. N\u0259tic\u0259d\u0259, fermerin subsidiya \u0259ld\u0259 etm\u0259si \u00fc\u00e7\u00fcn \u0259vv\u0259l rayondak\u0131 bir ne\u00e7\u0259 icra qurumundan s\u0259n\u0259dl\u0259r toplamas\u0131\u00a0laz\u0131m g\u0259lm\u0259y\u0259c\u0259k v\u0259 b\u00fcrokratik \u0259ng\u0259ll\u0259r aradan qalxacaq. Data baza n\u0259tic\u0259sind\u0259 al\u0131nan informasiyalar \u0259sas\u0131nda fermerin&hellip;<\/p>\n","protected":false},"author":2,"featured_media":23959,"comment_status":"closed","ping_status":"closed","sticky":false,"template":"","format":"standard","meta":{"om_disable_all_campaigns":false,"_monsterinsights_skip_tracking":false,"_monsterinsights_sitenote_active":false,"_monsterinsights_sitenote_note":"","_monsterinsights_sitenote_category":0},"categories":[19],"tags":[],"aioseo_notices":[],"gutentor_comment":0,"rttpg_featured_image_url":{"full":["https:\/\/arantv.az\/wp-content\/uploads\/2018\/11\/huge_09680d4d-6bd4-4f6f-85df-09bac3f67bfb.jpg",620,413,false],"landscape":["https:\/\/arantv.az\/wp-content\/uploads\/2018\/11\/huge_09680d4d-6bd4-4f6f-85df-09bac3f67bfb.jpg",620,413,false],"portraits":["https:\/\/arantv.az\/wp-content\/uploads\/2018\/11\/huge_09680d4d-6bd4-4f6f-85df-09bac3f67bfb.jpg",620,413,false],"thumbnail":["https:\/\/arantv.az\/wp-content\/uploads\/2018\/11\/huge_09680d4d-6bd4-4f6f-85df-09bac3f67bfb-150x150.jpg",150,150,true],"medium":["https:\/\/arantv.az\/wp-content\/uploads\/2018\/11\/huge_09680d4d-6bd4-4f6f-85df-09bac3f67bfb-300x200.jpg",300,200,true],"large":["https:\/\/arantv.az\/wp-content\/uploads\/2018\/11\/huge_09680d4d-6bd4-4f6f-85df-09bac3f67bfb.jpg",620,413,false],"1536x1536":["https:\/\/arantv.az\/wp-content\/uploads\/2018\/11\/huge_09680d4d-6bd4-4f6f-85df-09bac3f67bfb.jpg",620,413,false],"2048x2048":["https:\/\/arantv.az\/wp-content\/uploads\/2018\/11\/huge_09680d4d-6bd4-4f6f-85df-09bac3f67bfb.jpg",620,413,false],"post-thumbnail":["https:\/\/arantv.az\/wp-content\/uploads\/2018\/11\/huge_09680d4d-6bd4-4f6f-85df-09bac3f67bfb-240x172.jpg",240,172,true],"advps-thumb-one":["https:\/\/arantv.az\/wp-content\/uploads\/2018\/11\/huge_09680d4d-6bd4-4f6f-85df-09bac3f67bfb.jpg",620,413,false]},"rttpg_author":{"display_name":"V\u00fcsal Rafiqo\u011flu","author_link":"https:\/\/arantv.az\/?author=2"},"rttpg_comment":0,"rttpg_category":"<a href=\"https:\/\/arantv.az\/?cat=19\" rel=\"category\">G\u00fcnd\u0259m<\/a>","rttpg_excerpt":"Aqrar sektor art\u0131q beyin m\u0259rk\u0259zi vasit\u0259sil\u0259 daha planl\u0131 v\u0259 t\u0259hlil\u0259 \u0259saslanan\u00a0\u015f\u0259kild\u0259 inki\u015faf etdiril\u0259c\u0259k. ARANTV.AZ\u00a0 x\u0259b\u0259r verir ki, bu bar\u0259d\u0259 Aqrar T\u0259dqiqatlar\u00a0M\u0259rk\u0259zinin t\u0259qdimat t\u0259dbirind\u0259 a\u00e7\u0131qlama verilib. M\u0259rk\u0259zin direktoru\u00a0P\u0259rviz Hac\u0131yevin s\u00f6zl\u0259rin\u0259 g\u00f6r\u0259, aqrar sektorun m\u00fcxt\u0259lif sah\u0259l\u0259ri \u00fczr\u0259 elmi n\u00f6qteyi-n\u0259z\u0259rd\u0259n t\u0259hlil apar\u0131lacaq v\u0259 data hiss\u0259si\u00a0yarad\u0131lacaq. Buna g\u00f6r\u0259 d\u0259 m\u0259rk\u0259zin tabeliyind\u0259 h\u0259r bir fermerin elektron kabineti olacaq. Burada fermerin&hellip;","_links":{"self":[{"href":"https:\/\/arantv.az\/index.php?rest_route=\/wp\/v2\/posts\/23958"}],"collection":[{"href":"https:\/\/arantv.az\/index.php?rest_route=\/wp\/v2\/posts"}],"about":[{"href":"https:\/\/arantv.az\/index.php?rest_route=\/wp\/v2\/types\/post"}],"author":[{"embeddable":true,"href":"https:\/\/arantv.az\/index.php?rest_route=\/wp\/v2\/users\/2"}],"replies":[{"embeddable":true,"href":"https:\/\/arantv.az\/index.php?rest_route=%2Fwp%2Fv2%2Fcomments&post=23958"}],"version-history":[{"count":0,"href":"https:\/\/arantv.az\/index.php?rest_route=\/wp\/v2\/posts\/23958\/revisions"}],"wp:featuredmedia":[{"embeddable":true,"href":"https:\/\/arantv.az\/index.php?rest_route=\/wp\/v2\/media\/23959"}],"wp:attachment":[{"href":"https:\/\/arantv.az\/index.php?rest_route=%2Fwp%2Fv2%2Fmedia&parent=23958"}],"wp:term":[{"taxonomy":"category","embeddable":true,"href":"https:\/\/arantv.az\/index.php?rest_route=%2Fwp%2Fv2%2Fcategories&post=23958"},{"taxonomy":"post_tag","embeddable":true,"href":"https:\/\/arantv.az\/index.php?rest_route=%2Fwp%2Fv2%2Ftags&post=23958"}],"curies":[{"name":"wp","href":"https:\/\/api.w.org\/{rel}","templated":true}]}}