{"id":23967,"date":"2018-11-19T13:28:36","date_gmt":"2018-11-19T10:28:36","guid":{"rendered":"http:\/\/arantv.az\/?p=23967"},"modified":"2018-11-19T13:28:36","modified_gmt":"2018-11-19T10:28:36","slug":"az%c9%99rbaycan-prezidenti-ilham-%c9%99liyevin-minskd%c9%99-r%c9%99smi-qarsilanma-m%c9%99rasimi-olub","status":"publish","type":"post","link":"https:\/\/arantv.az\/?p=23967","title":{"rendered":"Az\u0259rbaycan Prezidenti \u0130lham \u018fliyevin Minskd\u0259 r\u0259smi qar\u015f\u0131lanma m\u0259rasimi olub"},"content":{"rendered":"<p><strong>ARANTV.AZ<\/strong> x\u0259b\u0259r verir ki, Az\u0259rbaycan Respublikas\u0131n\u0131n Prezidenti \u0130lham \u018fliyevin noyabr\u0131n 19-da Minskd\u0259 r\u0259smi qar\u015f\u0131lanma m\u0259rasimi olub.<\/p>\n<p>H\u0259r iki \u00f6lk\u0259nin d\u00f6vl\u0259t bayraqlar\u0131n\u0131n dal\u011faland\u0131\u011f\u0131 meydanda Az\u0259rbaycan Prezidentinin \u015f\u0259r\u0259fin\u0259 f\u0259xri qarovul d\u0259st\u0259si d\u00fcz\u00fclm\u00fc\u015fd\u00fc.<\/p>\n<p>Belarus Respublikas\u0131n\u0131n Prezidenti Aleksandr Luka\u015fenko Az\u0259rbaycan Respublikas\u0131n\u0131n Prezidenti \u0130lham \u018fliyevi qar\u015f\u0131lad\u0131.<\/p>\n<p>Az\u0259rbaycan\u0131n v\u0259 Belarusun d\u00f6vl\u0259t himnl\u0259ri s\u0259sl\u0259ndirildi.<\/p>\n<p>F\u0259xri qarovul d\u0259st\u0259sinin r\u0259isi d\u00f6vl\u0259timizin ba\u015f\u00e7\u0131s\u0131na raport verdi.<\/p>\n<p>Prezidentl\u0259r f\u0259xri qarovul d\u0259st\u0259sinin qar\u015f\u0131s\u0131ndan ke\u00e7dil\u0259r.<\/p>\n<p>Az\u0259rbaycan Prezidenti \u0130lham \u018fliyev Belarus \u0259sg\u0259rl\u0259rini salamlad\u0131.<\/p>\n<p>Belarusun d\u00f6vl\u0259t v\u0259 h\u00f6kum\u0259t n\u00fcmay\u0259nd\u0259l\u0259ri Az\u0259rbaycan Prezidenti \u0130lham \u018fliyev\u0259, Az\u0259rbaycan n\u00fcmay\u0259nd\u0259 hey\u0259tinin \u00fczvl\u0259ri Belarus Prezidenti Aleksandr Luka\u015fenkoya t\u0259qdim olundu.<\/p>\n<p>F\u0259xri qarovul d\u0259st\u0259si h\u0259rbi mar\u015f\u0131n s\u0259dalar\u0131 alt\u0131nda d\u00f6vl\u0259t ba\u015f\u00e7\u0131lar\u0131n\u0131n qar\u015f\u0131s\u0131ndan ke\u00e7di.<\/p>\n<p>Prezidentl\u0259r birg\u0259 foto \u00e7\u0259kdirdil\u0259r.<\/p>\n<p>Sonra Prezident \u0130lham \u018fliyev Belarus Respublikas\u0131 m\u00fcst\u0259qilliyini b\u0259rpa etdikd\u0259n sonra Prezident Aleksandr Luka\u015fenkonun r\u0259hb\u0259rliyi d\u00f6vr\u00fcnd\u0259 paytaxt Minskd\u0259, h\u0259m\u00e7inin dig\u0259r \u015f\u0259h\u0259rl\u0259rd\u0259 \u0259sasl\u0131 \u015f\u0259kild\u0259 b\u0259rpa olunan tarixi memarl\u0131q abid\u0259l\u0259rinin, o c\u00fcml\u0259d\u0259n kils\u0259, q\u0259sr v\u0259 dig\u0259r abid\u0259l\u0259rin fotolar\u0131na baxd\u0131.<\/p>\n","protected":false},"excerpt":{"rendered":"<p>ARANTV.AZ x\u0259b\u0259r verir ki, Az\u0259rbaycan Respublikas\u0131n\u0131n Prezidenti \u0130lham \u018fliyevin noyabr\u0131n 19-da Minskd\u0259 r\u0259smi qar\u015f\u0131lanma m\u0259rasimi olub. H\u0259r iki \u00f6lk\u0259nin d\u00f6vl\u0259t bayraqlar\u0131n\u0131n dal\u011faland\u0131\u011f\u0131 meydanda Az\u0259rbaycan Prezidentinin \u015f\u0259r\u0259fin\u0259 f\u0259xri qarovul d\u0259st\u0259si d\u00fcz\u00fclm\u00fc\u015fd\u00fc. Belarus Respublikas\u0131n\u0131n Prezidenti Aleksandr Luka\u015fenko Az\u0259rbaycan Respublikas\u0131n\u0131n Prezidenti \u0130lham \u018fliyevi qar\u015f\u0131lad\u0131. Az\u0259rbaycan\u0131n v\u0259 Belarusun d\u00f6vl\u0259t himnl\u0259ri s\u0259sl\u0259ndirildi. F\u0259xri qarovul d\u0259st\u0259sinin r\u0259isi d\u00f6vl\u0259timizin ba\u015f\u00e7\u0131s\u0131na raport verdi. Prezidentl\u0259r f\u0259xri qarovul d\u0259st\u0259sinin qar\u015f\u0131s\u0131ndan ke\u00e7dil\u0259r. Az\u0259rbaycan Prezidenti \u0130lham \u018fliyev Belarus \u0259sg\u0259rl\u0259rini salamlad\u0131. Belarusun d\u00f6vl\u0259t v\u0259 h\u00f6kum\u0259t n\u00fcmay\u0259nd\u0259l\u0259ri Az\u0259rbaycan Prezidenti \u0130lham \u018fliyev\u0259, Az\u0259rbaycan n\u00fcmay\u0259nd\u0259 hey\u0259tinin \u00fczvl\u0259ri Belarus Prezidenti Aleksandr Luka\u015fenkoya t\u0259qdim olundu. F\u0259xri qarovul d\u0259st\u0259si&hellip;<\/p>\n","protected":false},"author":2,"featured_media":23968,"comment_status":"closed","ping_status":"closed","sticky":false,"template":"","format":"standard","meta":{"om_disable_all_campaigns":false,"_monsterinsights_skip_tracking":false,"_monsterinsights_sitenote_active":false,"_monsterinsights_sitenote_note":"","_monsterinsights_sitenote_category":0},"categories":[8],"tags":[],"aioseo_notices":[],"gutentor_comment":0,"rttpg_featured_image_url":{"full":["https:\/\/arantv.az\/wp-content\/uploads\/2018\/11\/lgeev04rumm5sldk1lh1s99g96il-4.jpg",961,669,false],"landscape":["https:\/\/arantv.az\/wp-content\/uploads\/2018\/11\/lgeev04rumm5sldk1lh1s99g96il-4.jpg",961,669,false],"portraits":["https:\/\/arantv.az\/wp-content\/uploads\/2018\/11\/lgeev04rumm5sldk1lh1s99g96il-4.jpg",961,669,false],"thumbnail":["https:\/\/arantv.az\/wp-content\/uploads\/2018\/11\/lgeev04rumm5sldk1lh1s99g96il-4-150x150.jpg",150,150,true],"medium":["https:\/\/arantv.az\/wp-content\/uploads\/2018\/11\/lgeev04rumm5sldk1lh1s99g96il-4-300x209.jpg",300,209,true],"large":["https:\/\/arantv.az\/wp-content\/uploads\/2018\/11\/lgeev04rumm5sldk1lh1s99g96il-4.jpg",640,446,false],"1536x1536":["https:\/\/arantv.az\/wp-content\/uploads\/2018\/11\/lgeev04rumm5sldk1lh1s99g96il-4.jpg",961,669,false],"2048x2048":["https:\/\/arantv.az\/wp-content\/uploads\/2018\/11\/lgeev04rumm5sldk1lh1s99g96il-4.jpg",961,669,false],"post-thumbnail":["https:\/\/arantv.az\/wp-content\/uploads\/2018\/11\/lgeev04rumm5sldk1lh1s99g96il-4-240x172.jpg",240,172,true],"advps-thumb-one":["https:\/\/arantv.az\/wp-content\/uploads\/2018\/11\/lgeev04rumm5sldk1lh1s99g96il-4-961x620.jpg",961,620,true]},"rttpg_author":{"display_name":"V\u00fcsal Rafiqo\u011flu","author_link":"https:\/\/arantv.az\/?author=2"},"rttpg_comment":0,"rttpg_category":"<a href=\"https:\/\/arantv.az\/?cat=8\" rel=\"category\">\u018fsas s\u0259hif\u0259<\/a>","rttpg_excerpt":"ARANTV.AZ x\u0259b\u0259r verir ki, Az\u0259rbaycan Respublikas\u0131n\u0131n Prezidenti \u0130lham \u018fliyevin noyabr\u0131n 19-da Minskd\u0259 r\u0259smi qar\u015f\u0131lanma m\u0259rasimi olub. H\u0259r iki \u00f6lk\u0259nin d\u00f6vl\u0259t bayraqlar\u0131n\u0131n dal\u011faland\u0131\u011f\u0131 meydanda Az\u0259rbaycan Prezidentinin \u015f\u0259r\u0259fin\u0259 f\u0259xri qarovul d\u0259st\u0259si d\u00fcz\u00fclm\u00fc\u015fd\u00fc. Belarus Respublikas\u0131n\u0131n Prezidenti Aleksandr Luka\u015fenko Az\u0259rbaycan Respublikas\u0131n\u0131n Prezidenti \u0130lham \u018fliyevi qar\u015f\u0131lad\u0131. Az\u0259rbaycan\u0131n v\u0259 Belarusun d\u00f6vl\u0259t himnl\u0259ri s\u0259sl\u0259ndirildi. F\u0259xri qarovul d\u0259st\u0259sinin r\u0259isi d\u00f6vl\u0259timizin ba\u015f\u00e7\u0131s\u0131na raport verdi.&hellip;","_links":{"self":[{"href":"https:\/\/arantv.az\/index.php?rest_route=\/wp\/v2\/posts\/23967"}],"collection":[{"href":"https:\/\/arantv.az\/index.php?rest_route=\/wp\/v2\/posts"}],"about":[{"href":"https:\/\/arantv.az\/index.php?rest_route=\/wp\/v2\/types\/post"}],"author":[{"embeddable":true,"href":"https:\/\/arantv.az\/index.php?rest_route=\/wp\/v2\/users\/2"}],"replies":[{"embeddable":true,"href":"https:\/\/arantv.az\/index.php?rest_route=%2Fwp%2Fv2%2Fcomments&post=23967"}],"version-history":[{"count":0,"href":"https:\/\/arantv.az\/index.php?rest_route=\/wp\/v2\/posts\/23967\/revisions"}],"wp:featuredmedia":[{"embeddable":true,"href":"https:\/\/arantv.az\/index.php?rest_route=\/wp\/v2\/media\/23968"}],"wp:attachment":[{"href":"https:\/\/arantv.az\/index.php?rest_route=%2Fwp%2Fv2%2Fmedia&parent=23967"}],"wp:term":[{"taxonomy":"category","embeddable":true,"href":"https:\/\/arantv.az\/index.php?rest_route=%2Fwp%2Fv2%2Fcategories&post=23967"},{"taxonomy":"post_tag","embeddable":true,"href":"https:\/\/arantv.az\/index.php?rest_route=%2Fwp%2Fv2%2Ftags&post=23967"}],"curies":[{"name":"wp","href":"https:\/\/api.w.org\/{rel}","templated":true}]}}