{"id":23970,"date":"2018-11-19T13:29:25","date_gmt":"2018-11-19T10:29:25","guid":{"rendered":"http:\/\/arantv.az\/?p=23970"},"modified":"2018-11-19T13:29:25","modified_gmt":"2018-11-19T10:29:25","slug":"prezident-ilham-%c9%99liyev-minskd%c9%99-az%c9%99rbaycan-ticar%c9%99t-evi-il%c9%99-tanis-olub","status":"publish","type":"post","link":"https:\/\/arantv.az\/?p=23970","title":{"rendered":"Prezident \u0130lham \u018fliyev Minskd\u0259 Az\u0259rbaycan Ticar\u0259t Evi il\u0259 tan\u0131\u015f olub"},"content":{"rendered":"<p><strong>ARANTV.AZ<\/strong> x\u0259b\u0259r verir ki, Belarus Respublikas\u0131nda r\u0259smi s\u0259f\u0259rd\u0259 olan Az\u0259rbaycan Respublikas\u0131n\u0131n Prezidenti \u0130lham \u018fliyev noyabr\u0131n 19-da Minskd\u0259 Az\u0259rbaycan Ticar\u0259t Evi il\u0259 tan\u0131\u015f olub.<\/p>\n<p>D\u00f6vl\u0259timizin ba\u015f\u00e7\u0131s\u0131na Ticar\u0259t Evind\u0259 yarad\u0131lan \u015f\u0259rait bar\u0259d\u0259 m\u0259lumat verildi.<\/p>\n<p>Minskd\u0259 Az\u0259rbaycan Ticar\u0259t Evi 2017-ci ilin may\u0131nda a\u00e7\u0131l\u0131b. Belarus Respublikas\u0131n\u0131n Prezidenti Aleksandr Luka\u015fenkonun 2016-c\u0131 ilin noyabr\u0131nda \u00f6lk\u0259miz\u0259 r\u0259smi s\u0259f\u0259ri zaman\u0131 Az\u0259rbaycan Respublikas\u0131n\u0131n Prezidenti \u0130lham \u018fliyevl\u0259 m\u00fczakir\u0259 olunan bir s\u0131ra m\u0259s\u0259l\u0259l\u0259rl\u0259 yana\u015f\u0131, q\u0131sa m\u00fcdd\u0259t \u0259rzind\u0259 h\u0259r iki \u00f6lk\u0259 aras\u0131nda \u0259mt\u0259\u0259 d\u00f6vriyy\u0259sinin art\u0131r\u0131lmas\u0131, Az\u0259rbaycan\u0131n idxal\u0131nda Belarus m\u0259hsullar\u0131n\u0131n pay\u0131n\u0131n \u00e7oxald\u0131lmas\u0131, Belarusda Az\u0259rbaycan Ticar\u0259t Evinin yarad\u0131lmas\u0131, bu \u00f6lk\u0259d\u0259 istehsal edilm\u0259y\u0259n k\u0259nd t\u0259s\u0259rr\u00fcfat\u0131 v\u0259 emal s\u0259nayesi m\u0259hsullar\u0131n\u0131n Az\u0259rbaycandan idxal olunmas\u0131 bar\u0259d\u0259 tap\u015f\u0131r\u0131qlar verilib. H\u0259min tap\u015f\u0131r\u0131qlar\u0131n icras\u0131 olaraq, Az\u0259rbaycan Respublikas\u0131n\u0131n \u0130qtisadiyyat Nazirliyi t\u0259r\u0259find\u0259n Belarus Respublikas\u0131n\u0131n paytaxt\u0131 Minsk \u015f\u0259h\u0259rind\u0259 \u00fcmumi sah\u0259si 529 kvadratmetr olan Az\u0259rbaycan Ticar\u0259t Evi yarad\u0131l\u0131b. Ticar\u0259t Evinin idar\u0259 edilm\u0259si m\u0259qs\u0259dil\u0259 \u201cAz\u0259rbaycan Ticar\u0259t Evi\u201d MMC yarad\u0131laraq Belarus Respublikas\u0131nda d\u00f6vl\u0259t qeydiyyat\u0131na al\u0131n\u0131b.<\/p>\n<p>Az\u0259rbaycan Ticar\u0259t Evi \u201cMade in Azerbaijan\u201d brendinin Belarus bazar\u0131nda daha \u00e7ox tan\u0131d\u0131lmas\u0131, Az\u0259rbaycan m\u0259hsullar\u0131n\u0131n ixrac\u0131n\u0131n t\u0259\u015fviqi v\u0259 geni\u015fl\u0259ndirilm\u0259si sah\u0259sind\u0259 f\u0259aliyy\u0259t g\u00f6st\u0259rir, Belarusda sat\u0131\u015f\u0131n\u0131 t\u0259\u015fkil edir, bu sah\u0259d\u0259 \u0259laq\u0259l\u0259ndirm\u0259ni h\u0259yata ke\u00e7irir. Ticar\u0259t Evind\u0259 daimi f\u0259aliyy\u0259t g\u00f6st\u0259r\u0259n s\u0259rgid\u0259 Az\u0259rbaycan\u0131n 30 \u015firk\u0259tinin istehsal etdiyi m\u00fcxt\u0259lif n\u00f6v m\u0259hsullar n\u00fcmayi\u015f olunur. Burada, h\u0259m\u00e7inin \u201cASAN\u201d v\u0259 \u201cABAD\u201d stendl\u0259ri d\u0259 ziyar\u0259t\u00e7il\u0259r\u0259 t\u0259qdim edilir. Bundan \u0259lav\u0259, Az\u0259rbaycandan ba\u015fqa, be\u015f \u00f6lk\u0259d\u0259 f\u0259aliyy\u0259t g\u00f6st\u0259r\u0259n informasiya texnologiyalar\u0131 \u015firk\u0259ti \u201cCaspel\u201din n\u00fcmay\u0259nd\u0259liyinin stendi d\u0259 s\u0259rgid\u0259 n\u00fcmayi\u015f olunur.<\/p>\n<p>Bu Ticar\u0259t Evinin a\u00e7\u0131lmas\u0131 iqtisadi \u0259laq\u0259l\u0259rin, investisiya \u0259m\u0259kda\u015fl\u0131\u011f\u0131n\u0131n geni\u015fl\u0259ndirilm\u0259sin\u0259, ticar\u0259tin \u015fax\u0259l\u0259ndirilm\u0259sin\u0259 t\u00f6hf\u0259 verir, iki \u00f6lk\u0259 aras\u0131nda ticari-iqtisadi \u0259m\u0259kda\u015fl\u0131\u011f\u0131n daha da d\u0259rinl\u0259\u015fdirilm\u0259sind\u0259 m\u00fch\u00fcm rol oynay\u0131r, Az\u0259rbaycan m\u0259hsullar\u0131n\u0131n he\u00e7 bir vasit\u0259\u00e7i olmadan Belarusa birba\u015fa ixrac\u0131 \u00fc\u00e7\u00fcn g\u00f6z\u0259l imkan yarad\u0131r.<\/p>\n<p>Yarad\u0131lan \u015f\u0259raitl\u0259 tan\u0131\u015f olan d\u00f6vl\u0259timizin ba\u015f\u00e7\u0131s\u0131 Az\u0259rbaycan Ticar\u0259t Evinin f\u0259aliyy\u0259tin\u0259 u\u011furlar arzulad\u0131.<\/p>\n<p>Sonda xatir\u0259 \u015f\u0259kill\u0259ri \u00e7\u0259kdirildi.<\/p>\n","protected":false},"excerpt":{"rendered":"<p>ARANTV.AZ x\u0259b\u0259r verir ki, Belarus Respublikas\u0131nda r\u0259smi s\u0259f\u0259rd\u0259 olan Az\u0259rbaycan Respublikas\u0131n\u0131n Prezidenti \u0130lham \u018fliyev noyabr\u0131n 19-da Minskd\u0259 Az\u0259rbaycan Ticar\u0259t Evi il\u0259 tan\u0131\u015f olub. D\u00f6vl\u0259timizin ba\u015f\u00e7\u0131s\u0131na Ticar\u0259t Evind\u0259 yarad\u0131lan \u015f\u0259rait bar\u0259d\u0259 m\u0259lumat verildi. Minskd\u0259 Az\u0259rbaycan Ticar\u0259t Evi 2017-ci ilin may\u0131nda a\u00e7\u0131l\u0131b. Belarus Respublikas\u0131n\u0131n Prezidenti Aleksandr Luka\u015fenkonun 2016-c\u0131 ilin noyabr\u0131nda \u00f6lk\u0259miz\u0259 r\u0259smi s\u0259f\u0259ri zaman\u0131 Az\u0259rbaycan Respublikas\u0131n\u0131n Prezidenti \u0130lham \u018fliyevl\u0259 m\u00fczakir\u0259 olunan bir s\u0131ra m\u0259s\u0259l\u0259l\u0259rl\u0259 yana\u015f\u0131, q\u0131sa m\u00fcdd\u0259t \u0259rzind\u0259 h\u0259r iki \u00f6lk\u0259 aras\u0131nda \u0259mt\u0259\u0259 d\u00f6vriyy\u0259sinin art\u0131r\u0131lmas\u0131, Az\u0259rbaycan\u0131n idxal\u0131nda Belarus m\u0259hsullar\u0131n\u0131n pay\u0131n\u0131n \u00e7oxald\u0131lmas\u0131, Belarusda Az\u0259rbaycan Ticar\u0259t Evinin yarad\u0131lmas\u0131, bu \u00f6lk\u0259d\u0259 istehsal edilm\u0259y\u0259n k\u0259nd t\u0259s\u0259rr\u00fcfat\u0131&hellip;<\/p>\n","protected":false},"author":2,"featured_media":23971,"comment_status":"closed","ping_status":"closed","sticky":false,"template":"","format":"standard","meta":{"om_disable_all_campaigns":false,"_monsterinsights_skip_tracking":false,"_monsterinsights_sitenote_active":false,"_monsterinsights_sitenote_note":"","_monsterinsights_sitenote_category":0},"categories":[8],"tags":[],"aioseo_notices":[],"gutentor_comment":0,"rttpg_featured_image_url":{"full":["https:\/\/arantv.az\/wp-content\/uploads\/2018\/11\/lgeev04rumm5sldk1lh1s99g96il-3.jpg",1000,665,false],"landscape":["https:\/\/arantv.az\/wp-content\/uploads\/2018\/11\/lgeev04rumm5sldk1lh1s99g96il-3.jpg",1000,665,false],"portraits":["https:\/\/arantv.az\/wp-content\/uploads\/2018\/11\/lgeev04rumm5sldk1lh1s99g96il-3.jpg",1000,665,false],"thumbnail":["https:\/\/arantv.az\/wp-content\/uploads\/2018\/11\/lgeev04rumm5sldk1lh1s99g96il-3-150x150.jpg",150,150,true],"medium":["https:\/\/arantv.az\/wp-content\/uploads\/2018\/11\/lgeev04rumm5sldk1lh1s99g96il-3-300x200.jpg",300,200,true],"large":["https:\/\/arantv.az\/wp-content\/uploads\/2018\/11\/lgeev04rumm5sldk1lh1s99g96il-3.jpg",640,426,false],"1536x1536":["https:\/\/arantv.az\/wp-content\/uploads\/2018\/11\/lgeev04rumm5sldk1lh1s99g96il-3.jpg",1000,665,false],"2048x2048":["https:\/\/arantv.az\/wp-content\/uploads\/2018\/11\/lgeev04rumm5sldk1lh1s99g96il-3.jpg",1000,665,false],"post-thumbnail":["https:\/\/arantv.az\/wp-content\/uploads\/2018\/11\/lgeev04rumm5sldk1lh1s99g96il-3-240x172.jpg",240,172,true],"advps-thumb-one":["https:\/\/arantv.az\/wp-content\/uploads\/2018\/11\/lgeev04rumm5sldk1lh1s99g96il-3-1000x620.jpg",1000,620,true]},"rttpg_author":{"display_name":"V\u00fcsal Rafiqo\u011flu","author_link":"https:\/\/arantv.az\/?author=2"},"rttpg_comment":0,"rttpg_category":"<a href=\"https:\/\/arantv.az\/?cat=8\" rel=\"category\">\u018fsas s\u0259hif\u0259<\/a>","rttpg_excerpt":"ARANTV.AZ x\u0259b\u0259r verir ki, Belarus Respublikas\u0131nda r\u0259smi s\u0259f\u0259rd\u0259 olan Az\u0259rbaycan Respublikas\u0131n\u0131n Prezidenti \u0130lham \u018fliyev noyabr\u0131n 19-da Minskd\u0259 Az\u0259rbaycan Ticar\u0259t Evi il\u0259 tan\u0131\u015f olub. D\u00f6vl\u0259timizin ba\u015f\u00e7\u0131s\u0131na Ticar\u0259t Evind\u0259 yarad\u0131lan \u015f\u0259rait bar\u0259d\u0259 m\u0259lumat verildi. Minskd\u0259 Az\u0259rbaycan Ticar\u0259t Evi 2017-ci ilin may\u0131nda a\u00e7\u0131l\u0131b. Belarus Respublikas\u0131n\u0131n Prezidenti Aleksandr Luka\u015fenkonun 2016-c\u0131 ilin noyabr\u0131nda \u00f6lk\u0259miz\u0259 r\u0259smi s\u0259f\u0259ri zaman\u0131 Az\u0259rbaycan Respublikas\u0131n\u0131n Prezidenti&hellip;","_links":{"self":[{"href":"https:\/\/arantv.az\/index.php?rest_route=\/wp\/v2\/posts\/23970"}],"collection":[{"href":"https:\/\/arantv.az\/index.php?rest_route=\/wp\/v2\/posts"}],"about":[{"href":"https:\/\/arantv.az\/index.php?rest_route=\/wp\/v2\/types\/post"}],"author":[{"embeddable":true,"href":"https:\/\/arantv.az\/index.php?rest_route=\/wp\/v2\/users\/2"}],"replies":[{"embeddable":true,"href":"https:\/\/arantv.az\/index.php?rest_route=%2Fwp%2Fv2%2Fcomments&post=23970"}],"version-history":[{"count":0,"href":"https:\/\/arantv.az\/index.php?rest_route=\/wp\/v2\/posts\/23970\/revisions"}],"wp:featuredmedia":[{"embeddable":true,"href":"https:\/\/arantv.az\/index.php?rest_route=\/wp\/v2\/media\/23971"}],"wp:attachment":[{"href":"https:\/\/arantv.az\/index.php?rest_route=%2Fwp%2Fv2%2Fmedia&parent=23970"}],"wp:term":[{"taxonomy":"category","embeddable":true,"href":"https:\/\/arantv.az\/index.php?rest_route=%2Fwp%2Fv2%2Fcategories&post=23970"},{"taxonomy":"post_tag","embeddable":true,"href":"https:\/\/arantv.az\/index.php?rest_route=%2Fwp%2Fv2%2Ftags&post=23970"}],"curies":[{"name":"wp","href":"https:\/\/api.w.org\/{rel}","templated":true}]}}