{"id":23973,"date":"2018-11-19T13:30:15","date_gmt":"2018-11-19T10:30:15","guid":{"rendered":"http:\/\/arantv.az\/?p=23973"},"modified":"2018-11-19T13:30:15","modified_gmt":"2018-11-19T10:30:15","slug":"prezident-ilham-%c9%99liyev-minskd%c9%99-q%c9%99l%c9%99b%c9%99-meydanini-ziyar%c9%99t-edib","status":"publish","type":"post","link":"https:\/\/arantv.az\/?p=23973","title":{"rendered":"Prezident \u0130lham \u018fliyev Minskd\u0259 \u201cQ\u0259l\u0259b\u0259\u201d meydan\u0131n\u0131 ziyar\u0259t edib"},"content":{"rendered":"<p><strong>ARANTV.AZ<\/strong> x\u0259b\u0259r verir ki, Az\u0259rbaycan Respublikas\u0131n\u0131n Prezidenti \u0130lham \u018fliyev Belarus Respublikas\u0131na r\u0259smi s\u0259f\u0259ri \u00e7\u0259r\u00e7iv\u0259sind\u0259 noyabr\u0131n 19-da Minsk \u015f\u0259h\u0259rind\u0259ki \u201cQ\u0259l\u0259b\u0259\u201d meydan\u0131nda 1941-1945-ci ill\u0259r B\u00f6y\u00fck V\u0259t\u0259n m\u00fcharib\u0259sind\u0259 fa\u015fizm \u00fcz\u0259rind\u0259 Q\u0259l\u0259b\u0259nin \u015f\u0259r\u0259fin\u0259 ucald\u0131lm\u0131\u015f abid\u0259ni ziyar\u0259t edib.<\/p>\n<p>Meydanda Az\u0259rbaycan Prezidentinin \u015f\u0259r\u0259fin\u0259 f\u0259xri qarovul d\u0259st\u0259si d\u00fcz\u00fclm\u00fc\u015fd\u00fc.<\/p>\n<p>Prezident \u0130lham \u018fliyev abid\u0259nin \u00f6n\u00fcn\u0259 \u0259klil qoydu.<\/p>\n<p>Az\u0259rbaycan\u0131n v\u0259 Belarusun d\u00f6vl\u0259t himnl\u0259ri s\u0259sl\u0259ndi.<\/p>\n<p>F\u0259xri qarovul d\u0259st\u0259si h\u0259rbi mar\u015f\u0131n s\u0259dalar\u0131 alt\u0131nda d\u00f6vl\u0259timizin ba\u015f\u00e7\u0131s\u0131n\u0131n qar\u015f\u0131s\u0131ndan ke\u00e7di.<\/p>\n","protected":false},"excerpt":{"rendered":"<p>ARANTV.AZ x\u0259b\u0259r verir ki, Az\u0259rbaycan Respublikas\u0131n\u0131n Prezidenti \u0130lham \u018fliyev Belarus Respublikas\u0131na r\u0259smi s\u0259f\u0259ri \u00e7\u0259r\u00e7iv\u0259sind\u0259 noyabr\u0131n 19-da Minsk \u015f\u0259h\u0259rind\u0259ki \u201cQ\u0259l\u0259b\u0259\u201d meydan\u0131nda 1941-1945-ci ill\u0259r B\u00f6y\u00fck V\u0259t\u0259n m\u00fcharib\u0259sind\u0259 fa\u015fizm \u00fcz\u0259rind\u0259 Q\u0259l\u0259b\u0259nin \u015f\u0259r\u0259fin\u0259 ucald\u0131lm\u0131\u015f abid\u0259ni ziyar\u0259t edib. Meydanda Az\u0259rbaycan Prezidentinin \u015f\u0259r\u0259fin\u0259 f\u0259xri qarovul d\u0259st\u0259si d\u00fcz\u00fclm\u00fc\u015fd\u00fc. Prezident \u0130lham \u018fliyev abid\u0259nin \u00f6n\u00fcn\u0259 \u0259klil qoydu. Az\u0259rbaycan\u0131n v\u0259 Belarusun d\u00f6vl\u0259t himnl\u0259ri s\u0259sl\u0259ndi. F\u0259xri qarovul d\u0259st\u0259si h\u0259rbi mar\u015f\u0131n s\u0259dalar\u0131 alt\u0131nda d\u00f6vl\u0259timizin ba\u015f\u00e7\u0131s\u0131n\u0131n qar\u015f\u0131s\u0131ndan ke\u00e7di.<\/p>\n","protected":false},"author":2,"featured_media":23974,"comment_status":"closed","ping_status":"closed","sticky":false,"template":"","format":"standard","meta":{"om_disable_all_campaigns":false,"_monsterinsights_skip_tracking":false,"_monsterinsights_sitenote_active":false,"_monsterinsights_sitenote_note":"","_monsterinsights_sitenote_category":0},"categories":[8],"tags":[],"aioseo_notices":[],"gutentor_comment":0,"rttpg_featured_image_url":{"full":["https:\/\/arantv.az\/wp-content\/uploads\/2018\/11\/lgeev04rumm5sldk1lh1s99g96il-02.jpg",1000,665,false],"landscape":["https:\/\/arantv.az\/wp-content\/uploads\/2018\/11\/lgeev04rumm5sldk1lh1s99g96il-02.jpg",1000,665,false],"portraits":["https:\/\/arantv.az\/wp-content\/uploads\/2018\/11\/lgeev04rumm5sldk1lh1s99g96il-02.jpg",1000,665,false],"thumbnail":["https:\/\/arantv.az\/wp-content\/uploads\/2018\/11\/lgeev04rumm5sldk1lh1s99g96il-02-150x150.jpg",150,150,true],"medium":["https:\/\/arantv.az\/wp-content\/uploads\/2018\/11\/lgeev04rumm5sldk1lh1s99g96il-02-300x200.jpg",300,200,true],"large":["https:\/\/arantv.az\/wp-content\/uploads\/2018\/11\/lgeev04rumm5sldk1lh1s99g96il-02.jpg",640,426,false],"1536x1536":["https:\/\/arantv.az\/wp-content\/uploads\/2018\/11\/lgeev04rumm5sldk1lh1s99g96il-02.jpg",1000,665,false],"2048x2048":["https:\/\/arantv.az\/wp-content\/uploads\/2018\/11\/lgeev04rumm5sldk1lh1s99g96il-02.jpg",1000,665,false],"post-thumbnail":["https:\/\/arantv.az\/wp-content\/uploads\/2018\/11\/lgeev04rumm5sldk1lh1s99g96il-02-240x172.jpg",240,172,true],"advps-thumb-one":["https:\/\/arantv.az\/wp-content\/uploads\/2018\/11\/lgeev04rumm5sldk1lh1s99g96il-02-1000x620.jpg",1000,620,true]},"rttpg_author":{"display_name":"V\u00fcsal Rafiqo\u011flu","author_link":"https:\/\/arantv.az\/?author=2"},"rttpg_comment":0,"rttpg_category":"<a href=\"https:\/\/arantv.az\/?cat=8\" rel=\"category\">\u018fsas s\u0259hif\u0259<\/a>","rttpg_excerpt":"ARANTV.AZ x\u0259b\u0259r verir ki, Az\u0259rbaycan Respublikas\u0131n\u0131n Prezidenti \u0130lham \u018fliyev Belarus Respublikas\u0131na r\u0259smi s\u0259f\u0259ri \u00e7\u0259r\u00e7iv\u0259sind\u0259 noyabr\u0131n 19-da Minsk \u015f\u0259h\u0259rind\u0259ki \u201cQ\u0259l\u0259b\u0259\u201d meydan\u0131nda 1941-1945-ci ill\u0259r B\u00f6y\u00fck V\u0259t\u0259n m\u00fcharib\u0259sind\u0259 fa\u015fizm \u00fcz\u0259rind\u0259 Q\u0259l\u0259b\u0259nin \u015f\u0259r\u0259fin\u0259 ucald\u0131lm\u0131\u015f abid\u0259ni ziyar\u0259t edib. Meydanda Az\u0259rbaycan Prezidentinin \u015f\u0259r\u0259fin\u0259 f\u0259xri qarovul d\u0259st\u0259si d\u00fcz\u00fclm\u00fc\u015fd\u00fc. Prezident \u0130lham \u018fliyev abid\u0259nin \u00f6n\u00fcn\u0259 \u0259klil qoydu. Az\u0259rbaycan\u0131n v\u0259 Belarusun d\u00f6vl\u0259t himnl\u0259ri s\u0259sl\u0259ndi. F\u0259xri&hellip;","_links":{"self":[{"href":"https:\/\/arantv.az\/index.php?rest_route=\/wp\/v2\/posts\/23973"}],"collection":[{"href":"https:\/\/arantv.az\/index.php?rest_route=\/wp\/v2\/posts"}],"about":[{"href":"https:\/\/arantv.az\/index.php?rest_route=\/wp\/v2\/types\/post"}],"author":[{"embeddable":true,"href":"https:\/\/arantv.az\/index.php?rest_route=\/wp\/v2\/users\/2"}],"replies":[{"embeddable":true,"href":"https:\/\/arantv.az\/index.php?rest_route=%2Fwp%2Fv2%2Fcomments&post=23973"}],"version-history":[{"count":0,"href":"https:\/\/arantv.az\/index.php?rest_route=\/wp\/v2\/posts\/23973\/revisions"}],"wp:featuredmedia":[{"embeddable":true,"href":"https:\/\/arantv.az\/index.php?rest_route=\/wp\/v2\/media\/23974"}],"wp:attachment":[{"href":"https:\/\/arantv.az\/index.php?rest_route=%2Fwp%2Fv2%2Fmedia&parent=23973"}],"wp:term":[{"taxonomy":"category","embeddable":true,"href":"https:\/\/arantv.az\/index.php?rest_route=%2Fwp%2Fv2%2Fcategories&post=23973"},{"taxonomy":"post_tag","embeddable":true,"href":"https:\/\/arantv.az\/index.php?rest_route=%2Fwp%2Fv2%2Ftags&post=23973"}],"curies":[{"name":"wp","href":"https:\/\/api.w.org\/{rel}","templated":true}]}}