{"id":23983,"date":"2018-11-19T13:36:10","date_gmt":"2018-11-19T10:36:10","guid":{"rendered":"http:\/\/arantv.az\/?p=23983"},"modified":"2018-11-19T13:36:10","modified_gmt":"2018-11-19T10:36:10","slug":"son-d%c9%99qiq%c9%99-afrind%c9%99-novb%c9%99ti-%c9%99m%c9%99liyyat-basladi","status":"publish","type":"post","link":"https:\/\/arantv.az\/?p=23983","title":{"rendered":"SON D\u018fQ\u0130Q\u018f! Afrind\u0259 n\u00f6vb\u0259ti \u0259m\u0259liyyat ba\u015flad\u0131"},"content":{"rendered":"<p><strong>Suriyan\u0131n m\u00fcxalif Azad Suriya Ordusu T\u00fcrkiy\u0259 qo\u015funlar\u0131n\u0131n d\u0259st\u0259yi il\u0259 Afrin rayonunda x\u00fcsusi \u0259m\u0259liyyata ba\u015flay\u0131b.<\/strong><\/p>\n<p><strong>ARANTV.AZ<\/strong> trend-\u0259 istinad\u0259n x\u0259b\u0259r verir ki, \u0259m\u0259liyyat Afrind\u0259 f\u0259alla\u015fm\u0131\u015f silahl\u0131 qrupla\u015fmalara qar\u015f\u0131 ke\u00e7irilir.<\/p>\n<p>Qeyd olunur ki, Afrind\u0259 300-\u0259 yax\u0131n silahl\u0131 m\u00f6vcuddur v\u0259 son zamanlar \u015f\u0259h\u0259rd\u0259 soy\u011fun\u00e7uluq hallar\u0131 art\u0131b.<\/p>\n<div id=\"AdributorNativeVideo0\" class=\"AdributorNativeVideo\"><\/div>\n<p>Xat\u0131rladaq ki, bu ilin yanvar-mart aylar\u0131nda T\u00fcrkiy\u0259 Silahl\u0131 Q\u00fcvv\u0259l\u0259ri Afrind\u0259 &#8220;Zeytun buda\u011f\u0131&#8221; \u0259m\u0259liyyat\u0131 ke\u00e7irmi\u015fdi. \u018fm\u0259liyyat n\u0259tic\u0259sind\u0259 Afrin rayonu PYD v\u0259 YPG silahl\u0131lar\u0131ndan azad edilmi\u015fdi.<\/p>\n","protected":false},"excerpt":{"rendered":"<p>Suriyan\u0131n m\u00fcxalif Azad Suriya Ordusu T\u00fcrkiy\u0259 qo\u015funlar\u0131n\u0131n d\u0259st\u0259yi il\u0259 Afrin rayonunda x\u00fcsusi \u0259m\u0259liyyata ba\u015flay\u0131b. ARANTV.AZ trend-\u0259 istinad\u0259n x\u0259b\u0259r verir ki, \u0259m\u0259liyyat Afrind\u0259 f\u0259alla\u015fm\u0131\u015f silahl\u0131 qrupla\u015fmalara qar\u015f\u0131 ke\u00e7irilir. Qeyd olunur ki, Afrind\u0259 300-\u0259 yax\u0131n silahl\u0131 m\u00f6vcuddur v\u0259 son zamanlar \u015f\u0259h\u0259rd\u0259 soy\u011fun\u00e7uluq hallar\u0131 art\u0131b. Xat\u0131rladaq ki, bu ilin yanvar-mart aylar\u0131nda T\u00fcrkiy\u0259 Silahl\u0131 Q\u00fcvv\u0259l\u0259ri Afrind\u0259 &#8220;Zeytun buda\u011f\u0131&#8221; \u0259m\u0259liyyat\u0131 ke\u00e7irmi\u015fdi. \u018fm\u0259liyyat n\u0259tic\u0259sind\u0259 Afrin rayonu PYD v\u0259 YPG silahl\u0131lar\u0131ndan azad edilmi\u015fdi.<\/p>\n","protected":false},"author":2,"featured_media":23984,"comment_status":"closed","ping_status":"closed","sticky":false,"template":"","format":"standard","meta":{"om_disable_all_campaigns":false,"_monsterinsights_skip_tracking":false,"_monsterinsights_sitenote_active":false,"_monsterinsights_sitenote_note":"","_monsterinsights_sitenote_category":0},"categories":[7],"tags":[],"aioseo_notices":[],"gutentor_comment":0,"rttpg_featured_image_url":{"full":["https:\/\/arantv.az\/wp-content\/uploads\/2018\/11\/turkiye_ordusu_001.jpg",482,361,false],"landscape":["https:\/\/arantv.az\/wp-content\/uploads\/2018\/11\/turkiye_ordusu_001.jpg",482,361,false],"portraits":["https:\/\/arantv.az\/wp-content\/uploads\/2018\/11\/turkiye_ordusu_001.jpg",482,361,false],"thumbnail":["https:\/\/arantv.az\/wp-content\/uploads\/2018\/11\/turkiye_ordusu_001-150x150.jpg",150,150,true],"medium":["https:\/\/arantv.az\/wp-content\/uploads\/2018\/11\/turkiye_ordusu_001-300x225.jpg",300,225,true],"large":["https:\/\/arantv.az\/wp-content\/uploads\/2018\/11\/turkiye_ordusu_001.jpg",482,361,false],"1536x1536":["https:\/\/arantv.az\/wp-content\/uploads\/2018\/11\/turkiye_ordusu_001.jpg",482,361,false],"2048x2048":["https:\/\/arantv.az\/wp-content\/uploads\/2018\/11\/turkiye_ordusu_001.jpg",482,361,false],"post-thumbnail":["https:\/\/arantv.az\/wp-content\/uploads\/2018\/11\/turkiye_ordusu_001-240x172.jpg",240,172,true],"advps-thumb-one":["https:\/\/arantv.az\/wp-content\/uploads\/2018\/11\/turkiye_ordusu_001.jpg",482,361,false]},"rttpg_author":{"display_name":"V\u00fcsal Rafiqo\u011flu","author_link":"https:\/\/arantv.az\/?author=2"},"rttpg_comment":0,"rttpg_category":"<a href=\"https:\/\/arantv.az\/?cat=7\" rel=\"category\">D\u00fcnya<\/a>","rttpg_excerpt":"Suriyan\u0131n m\u00fcxalif Azad Suriya Ordusu T\u00fcrkiy\u0259 qo\u015funlar\u0131n\u0131n d\u0259st\u0259yi il\u0259 Afrin rayonunda x\u00fcsusi \u0259m\u0259liyyata ba\u015flay\u0131b. ARANTV.AZ trend-\u0259 istinad\u0259n x\u0259b\u0259r verir ki, \u0259m\u0259liyyat Afrind\u0259 f\u0259alla\u015fm\u0131\u015f silahl\u0131 qrupla\u015fmalara qar\u015f\u0131 ke\u00e7irilir. Qeyd olunur ki, Afrind\u0259 300-\u0259 yax\u0131n silahl\u0131 m\u00f6vcuddur v\u0259 son zamanlar \u015f\u0259h\u0259rd\u0259 soy\u011fun\u00e7uluq hallar\u0131 art\u0131b. Xat\u0131rladaq ki, bu ilin yanvar-mart aylar\u0131nda T\u00fcrkiy\u0259 Silahl\u0131 Q\u00fcvv\u0259l\u0259ri Afrind\u0259 &#8220;Zeytun buda\u011f\u0131&#8221; \u0259m\u0259liyyat\u0131&hellip;","_links":{"self":[{"href":"https:\/\/arantv.az\/index.php?rest_route=\/wp\/v2\/posts\/23983"}],"collection":[{"href":"https:\/\/arantv.az\/index.php?rest_route=\/wp\/v2\/posts"}],"about":[{"href":"https:\/\/arantv.az\/index.php?rest_route=\/wp\/v2\/types\/post"}],"author":[{"embeddable":true,"href":"https:\/\/arantv.az\/index.php?rest_route=\/wp\/v2\/users\/2"}],"replies":[{"embeddable":true,"href":"https:\/\/arantv.az\/index.php?rest_route=%2Fwp%2Fv2%2Fcomments&post=23983"}],"version-history":[{"count":0,"href":"https:\/\/arantv.az\/index.php?rest_route=\/wp\/v2\/posts\/23983\/revisions"}],"wp:featuredmedia":[{"embeddable":true,"href":"https:\/\/arantv.az\/index.php?rest_route=\/wp\/v2\/media\/23984"}],"wp:attachment":[{"href":"https:\/\/arantv.az\/index.php?rest_route=%2Fwp%2Fv2%2Fmedia&parent=23983"}],"wp:term":[{"taxonomy":"category","embeddable":true,"href":"https:\/\/arantv.az\/index.php?rest_route=%2Fwp%2Fv2%2Fcategories&post=23983"},{"taxonomy":"post_tag","embeddable":true,"href":"https:\/\/arantv.az\/index.php?rest_route=%2Fwp%2Fv2%2Ftags&post=23983"}],"curies":[{"name":"wp","href":"https:\/\/api.w.org\/{rel}","templated":true}]}}