{"id":23986,"date":"2018-11-19T13:36:52","date_gmt":"2018-11-19T10:36:52","guid":{"rendered":"http:\/\/arantv.az\/?p=23986"},"modified":"2018-11-19T13:36:52","modified_gmt":"2018-11-19T10:36:52","slug":"t%c9%99rt%c9%99rd%c9%99-34-yasli-kisinin-yasadigi-evd%c9%99-meyiti-tapildi","status":"publish","type":"post","link":"https:\/\/arantv.az\/?p=23986","title":{"rendered":"T\u0259rt\u0259rd\u0259 34 ya\u015fl\u0131 ki\u015finin ya\u015fad\u0131\u011f\u0131 evd\u0259 meyiti tap\u0131ld\u0131"},"content":{"rendered":"<p><strong>T\u0259rt\u0259r rayonunda 34 ya\u015fl\u0131 ki\u015finin ya\u015fad\u0131\u011f\u0131 evd\u0259n meyiti tap\u0131l\u0131b.<\/strong><\/p>\n<p><strong>ARANTV.AZ<\/strong> report-a istinad\u0259n x\u0259b\u0259r verir ki, hadis\u0259 T\u0259rt\u0259r \u015f\u0259h\u0259rinin Qara Qarayev k\u00fc\u00e7\u0259sind\u0259 yerl\u0259\u015f\u0259n f\u0259rdi ya\u015fay\u0131\u015f evind\u0259 ba\u015f verib.<\/p>\n<p>H\u0259min evd\u0259 ya\u015fayan 1984-c\u00fc il t\u0259v\u0259ll\u00fcdl\u00fc R\u0259\u015fad Bayram o\u011flu N\u0259rimanl\u0131n\u0131n meyiti a\u015fkar edilib. Meyit adiyy\u0259ti \u00fczr\u0259 t\u0259hvil verilib.<\/p>\n<p>Faktla ba\u011fl\u0131 T\u0259rt\u0259r Rayon Prokurorlu\u011funda ara\u015fd\u0131rma apar\u0131l\u0131r.<\/p>\n","protected":false},"excerpt":{"rendered":"<p>T\u0259rt\u0259r rayonunda 34 ya\u015fl\u0131 ki\u015finin ya\u015fad\u0131\u011f\u0131 evd\u0259n meyiti tap\u0131l\u0131b. ARANTV.AZ report-a istinad\u0259n x\u0259b\u0259r verir ki, hadis\u0259 T\u0259rt\u0259r \u015f\u0259h\u0259rinin Qara Qarayev k\u00fc\u00e7\u0259sind\u0259 yerl\u0259\u015f\u0259n f\u0259rdi ya\u015fay\u0131\u015f evind\u0259 ba\u015f verib. H\u0259min evd\u0259 ya\u015fayan 1984-c\u00fc il t\u0259v\u0259ll\u00fcdl\u00fc R\u0259\u015fad Bayram o\u011flu N\u0259rimanl\u0131n\u0131n meyiti a\u015fkar edilib. Meyit adiyy\u0259ti \u00fczr\u0259 t\u0259hvil verilib. Faktla ba\u011fl\u0131 T\u0259rt\u0259r Rayon Prokurorlu\u011funda ara\u015fd\u0131rma apar\u0131l\u0131r.<\/p>\n","protected":false},"author":2,"featured_media":23987,"comment_status":"closed","ping_status":"closed","sticky":false,"template":"","format":"standard","meta":{"om_disable_all_campaigns":false,"_monsterinsights_skip_tracking":false,"_monsterinsights_sitenote_active":false,"_monsterinsights_sitenote_note":"","_monsterinsights_sitenote_category":0},"categories":[5],"tags":[],"aioseo_notices":[],"gutentor_comment":0,"rttpg_featured_image_url":{"full":["https:\/\/arantv.az\/wp-content\/uploads\/2018\/11\/meyid_morq_0124.jpg",800,600,false],"landscape":["https:\/\/arantv.az\/wp-content\/uploads\/2018\/11\/meyid_morq_0124.jpg",800,600,false],"portraits":["https:\/\/arantv.az\/wp-content\/uploads\/2018\/11\/meyid_morq_0124.jpg",800,600,false],"thumbnail":["https:\/\/arantv.az\/wp-content\/uploads\/2018\/11\/meyid_morq_0124-150x150.jpg",150,150,true],"medium":["https:\/\/arantv.az\/wp-content\/uploads\/2018\/11\/meyid_morq_0124-300x225.jpg",300,225,true],"large":["https:\/\/arantv.az\/wp-content\/uploads\/2018\/11\/meyid_morq_0124.jpg",640,480,false],"1536x1536":["https:\/\/arantv.az\/wp-content\/uploads\/2018\/11\/meyid_morq_0124.jpg",800,600,false],"2048x2048":["https:\/\/arantv.az\/wp-content\/uploads\/2018\/11\/meyid_morq_0124.jpg",800,600,false],"post-thumbnail":["https:\/\/arantv.az\/wp-content\/uploads\/2018\/11\/meyid_morq_0124-240x172.jpg",240,172,true],"advps-thumb-one":["https:\/\/arantv.az\/wp-content\/uploads\/2018\/11\/meyid_morq_0124.jpg",800,600,false]},"rttpg_author":{"display_name":"V\u00fcsal Rafiqo\u011flu","author_link":"https:\/\/arantv.az\/?author=2"},"rttpg_comment":0,"rttpg_category":"<a href=\"https:\/\/arantv.az\/?cat=5\" rel=\"category\">Hadis\u0259<\/a>","rttpg_excerpt":"T\u0259rt\u0259r rayonunda 34 ya\u015fl\u0131 ki\u015finin ya\u015fad\u0131\u011f\u0131 evd\u0259n meyiti tap\u0131l\u0131b. ARANTV.AZ report-a istinad\u0259n x\u0259b\u0259r verir ki, hadis\u0259 T\u0259rt\u0259r \u015f\u0259h\u0259rinin Qara Qarayev k\u00fc\u00e7\u0259sind\u0259 yerl\u0259\u015f\u0259n f\u0259rdi ya\u015fay\u0131\u015f evind\u0259 ba\u015f verib. H\u0259min evd\u0259 ya\u015fayan 1984-c\u00fc il t\u0259v\u0259ll\u00fcdl\u00fc R\u0259\u015fad Bayram o\u011flu N\u0259rimanl\u0131n\u0131n meyiti a\u015fkar edilib. Meyit adiyy\u0259ti \u00fczr\u0259 t\u0259hvil verilib. Faktla ba\u011fl\u0131 T\u0259rt\u0259r Rayon Prokurorlu\u011funda ara\u015fd\u0131rma apar\u0131l\u0131r.","_links":{"self":[{"href":"https:\/\/arantv.az\/index.php?rest_route=\/wp\/v2\/posts\/23986"}],"collection":[{"href":"https:\/\/arantv.az\/index.php?rest_route=\/wp\/v2\/posts"}],"about":[{"href":"https:\/\/arantv.az\/index.php?rest_route=\/wp\/v2\/types\/post"}],"author":[{"embeddable":true,"href":"https:\/\/arantv.az\/index.php?rest_route=\/wp\/v2\/users\/2"}],"replies":[{"embeddable":true,"href":"https:\/\/arantv.az\/index.php?rest_route=%2Fwp%2Fv2%2Fcomments&post=23986"}],"version-history":[{"count":0,"href":"https:\/\/arantv.az\/index.php?rest_route=\/wp\/v2\/posts\/23986\/revisions"}],"wp:featuredmedia":[{"embeddable":true,"href":"https:\/\/arantv.az\/index.php?rest_route=\/wp\/v2\/media\/23987"}],"wp:attachment":[{"href":"https:\/\/arantv.az\/index.php?rest_route=%2Fwp%2Fv2%2Fmedia&parent=23986"}],"wp:term":[{"taxonomy":"category","embeddable":true,"href":"https:\/\/arantv.az\/index.php?rest_route=%2Fwp%2Fv2%2Fcategories&post=23986"},{"taxonomy":"post_tag","embeddable":true,"href":"https:\/\/arantv.az\/index.php?rest_route=%2Fwp%2Fv2%2Ftags&post=23986"}],"curies":[{"name":"wp","href":"https:\/\/api.w.org\/{rel}","templated":true}]}}