{"id":24006,"date":"2018-11-19T15:38:07","date_gmt":"2018-11-19T12:38:07","guid":{"rendered":"http:\/\/arantv.az\/?p=24006"},"modified":"2018-11-19T15:38:07","modified_gmt":"2018-11-19T12:38:07","slug":"nazird%c9%99n-anons-guz%c9%99stl%c9%99r-olacaq","status":"publish","type":"post","link":"https:\/\/arantv.az\/?p=24006","title":{"rendered":"Nazird\u0259n ANONS: &#8220;G\u00fcz\u0259\u015ftl\u0259r olacaq&#8221;"},"content":{"rendered":"<p>&#8220;Vergil\u0259r M\u0259c\u0259ll\u0259sin\u0259 edil\u0259c\u0259k d\u0259yi\u015fiklikl\u0259r noyabr\u0131n 30-da Milli M\u0259clisin plenar iclas\u0131na \u00e7\u0131xar\u0131lacaq&#8221;.<\/p>\n<p><b>ARANTV.AZ\u00a0<\/b>\u00a0x\u0259b\u0259r verir ki, bu s\u00f6zl\u0259ri modern.az-a a\u00e7\u0131qlamas\u0131nda \u0259m\u0259k v\u0259 \u0259halinin sosial m\u00fcdafi\u0259si naziri Sahil Babayev deyib.<\/p>\n<div id=\"AdributorNativeVideo0\" class=\"AdributorNativeVideo\"><\/div>\n<p>Nazir bildirib ki, sosial s\u0131\u011forta v\u0259 i\u015fsizlikd\u0259n s\u0131\u011forta oldu\u011fu kimi qalacaq.<\/p>\n<p>&#8220;Ancaq g\u0259lir vergisin\u0259 g\u00fcz\u0259\u015ftl\u0259r t\u0259tbiq olunacaq&#8221;.<\/p>\n<p>big.az<\/p>\n","protected":false},"excerpt":{"rendered":"<p>&#8220;Vergil\u0259r M\u0259c\u0259ll\u0259sin\u0259 edil\u0259c\u0259k d\u0259yi\u015fiklikl\u0259r noyabr\u0131n 30-da Milli M\u0259clisin plenar iclas\u0131na \u00e7\u0131xar\u0131lacaq&#8221;. ARANTV.AZ\u00a0\u00a0x\u0259b\u0259r verir ki, bu s\u00f6zl\u0259ri modern.az-a a\u00e7\u0131qlamas\u0131nda \u0259m\u0259k v\u0259 \u0259halinin sosial m\u00fcdafi\u0259si naziri Sahil Babayev deyib. Nazir bildirib ki, sosial s\u0131\u011forta v\u0259 i\u015fsizlikd\u0259n s\u0131\u011forta oldu\u011fu kimi qalacaq. &#8220;Ancaq g\u0259lir vergisin\u0259 g\u00fcz\u0259\u015ftl\u0259r t\u0259tbiq olunacaq&#8221;. big.az<\/p>\n","protected":false},"author":2,"featured_media":24007,"comment_status":"closed","ping_status":"closed","sticky":false,"template":"","format":"standard","meta":{"om_disable_all_campaigns":false,"_monsterinsights_skip_tracking":false,"_monsterinsights_sitenote_active":false,"_monsterinsights_sitenote_note":"","_monsterinsights_sitenote_category":0},"categories":[1],"tags":[],"aioseo_notices":[],"gutentor_comment":0,"rttpg_featured_image_url":{"full":["https:\/\/arantv.az\/wp-content\/uploads\/2018\/11\/1542625849photo1542624885.jpg",549,344,false],"landscape":["https:\/\/arantv.az\/wp-content\/uploads\/2018\/11\/1542625849photo1542624885.jpg",549,344,false],"portraits":["https:\/\/arantv.az\/wp-content\/uploads\/2018\/11\/1542625849photo1542624885.jpg",549,344,false],"thumbnail":["https:\/\/arantv.az\/wp-content\/uploads\/2018\/11\/1542625849photo1542624885-150x150.jpg",150,150,true],"medium":["https:\/\/arantv.az\/wp-content\/uploads\/2018\/11\/1542625849photo1542624885-300x188.jpg",300,188,true],"large":["https:\/\/arantv.az\/wp-content\/uploads\/2018\/11\/1542625849photo1542624885.jpg",549,344,false],"1536x1536":["https:\/\/arantv.az\/wp-content\/uploads\/2018\/11\/1542625849photo1542624885.jpg",549,344,false],"2048x2048":["https:\/\/arantv.az\/wp-content\/uploads\/2018\/11\/1542625849photo1542624885.jpg",549,344,false],"post-thumbnail":["https:\/\/arantv.az\/wp-content\/uploads\/2018\/11\/1542625849photo1542624885-240x172.jpg",240,172,true],"advps-thumb-one":["https:\/\/arantv.az\/wp-content\/uploads\/2018\/11\/1542625849photo1542624885.jpg",549,344,false]},"rttpg_author":{"display_name":"V\u00fcsal Rafiqo\u011flu","author_link":"https:\/\/arantv.az\/?author=2"},"rttpg_comment":0,"rttpg_category":"<a href=\"https:\/\/arantv.az\/?cat=1\" rel=\"category\">C\u0259miyy\u0259t<\/a>","rttpg_excerpt":"&#8220;Vergil\u0259r M\u0259c\u0259ll\u0259sin\u0259 edil\u0259c\u0259k d\u0259yi\u015fiklikl\u0259r noyabr\u0131n 30-da Milli M\u0259clisin plenar iclas\u0131na \u00e7\u0131xar\u0131lacaq&#8221;. ARANTV.AZ\u00a0\u00a0x\u0259b\u0259r verir ki, bu s\u00f6zl\u0259ri modern.az-a a\u00e7\u0131qlamas\u0131nda \u0259m\u0259k v\u0259 \u0259halinin sosial m\u00fcdafi\u0259si naziri Sahil Babayev deyib. Nazir bildirib ki, sosial s\u0131\u011forta v\u0259 i\u015fsizlikd\u0259n s\u0131\u011forta oldu\u011fu kimi qalacaq. &#8220;Ancaq g\u0259lir vergisin\u0259 g\u00fcz\u0259\u015ftl\u0259r t\u0259tbiq olunacaq&#8221;. big.az","_links":{"self":[{"href":"https:\/\/arantv.az\/index.php?rest_route=\/wp\/v2\/posts\/24006"}],"collection":[{"href":"https:\/\/arantv.az\/index.php?rest_route=\/wp\/v2\/posts"}],"about":[{"href":"https:\/\/arantv.az\/index.php?rest_route=\/wp\/v2\/types\/post"}],"author":[{"embeddable":true,"href":"https:\/\/arantv.az\/index.php?rest_route=\/wp\/v2\/users\/2"}],"replies":[{"embeddable":true,"href":"https:\/\/arantv.az\/index.php?rest_route=%2Fwp%2Fv2%2Fcomments&post=24006"}],"version-history":[{"count":0,"href":"https:\/\/arantv.az\/index.php?rest_route=\/wp\/v2\/posts\/24006\/revisions"}],"wp:featuredmedia":[{"embeddable":true,"href":"https:\/\/arantv.az\/index.php?rest_route=\/wp\/v2\/media\/24007"}],"wp:attachment":[{"href":"https:\/\/arantv.az\/index.php?rest_route=%2Fwp%2Fv2%2Fmedia&parent=24006"}],"wp:term":[{"taxonomy":"category","embeddable":true,"href":"https:\/\/arantv.az\/index.php?rest_route=%2Fwp%2Fv2%2Fcategories&post=24006"},{"taxonomy":"post_tag","embeddable":true,"href":"https:\/\/arantv.az\/index.php?rest_route=%2Fwp%2Fv2%2Ftags&post=24006"}],"curies":[{"name":"wp","href":"https:\/\/api.w.org\/{rel}","templated":true}]}}