{"id":24009,"date":"2018-11-19T15:39:47","date_gmt":"2018-11-19T12:39:47","guid":{"rendered":"http:\/\/arantv.az\/?p=24009"},"modified":"2018-11-19T15:39:47","modified_gmt":"2018-11-19T12:39:47","slug":"insan-basini-yarirsa-sin%c9%99sin%c9%99-doyurs%c9%99-saqqalini-uzadirsa","status":"publish","type":"post","link":"https:\/\/arantv.az\/?p=24009","title":{"rendered":"&#8220;\u0130nsan ba\u015f\u0131n\u0131 yar\u0131rsa, sin\u0259sin\u0259 d\u00f6y\u00fcrs\u0259, saqqal\u0131n\u0131 uzad\u0131rsa&#8230;&#8221;"},"content":{"rendered":"<p>Din insan h\u0259yat\u0131nda vacib faktorlardan biridir. B\u0259z\u0259n bunu g\u00f6rm\u0259zd\u0259n g\u0259lirl\u0259r, bunu \u0259h\u0259miyy\u0259tsiz bir \u015fey hesab edirl\u0259r. Amma do\u011fru din anlay\u0131\u015f\u0131 insan\u0131 m\u00fcdrikl\u0259\u015fdirir. Yanl\u0131\u015f din anlay\u0131\u015f\u0131 is\u0259 insan\u0131 v\u0259h\u015fil\u0259\u015fdirir, keyfiyy\u0259tsiz insana \u00e7evirir.<br \/>\n<strong>ARAMTV.AZ\u00a0<\/strong> x\u0259b\u0259r verir ki, bunu\u00a0<a href=\"https:\/\/sonxeber.az\/\">sonxeber.az<\/a>-a Milli M\u0259clisin deputat\u0131 Fazil Mustafa deyib.<\/p>\n<p>&#8220;XXI \u0259srd\u0259 ba\u015fqa adam olmal\u0131san&#8221;<\/p>\n<p>Onun s\u00f6zl\u0259rin\u0259 g\u00f6r\u0259, XXI \u0259srd\u0259 ya\u015fayan insan \u0259g\u0259r ba\u015f\u0131n\u0131 yar\u0131rsa, sin\u0259sin\u0259 d\u00f6y\u00fcrs\u0259, yaxud saqqal\u0131n\u0131 uzad\u0131b g\u00f6st\u0259rirs\u0259 ki, VII \u0259srin adam\u0131d\u0131r, h\u0259min insan\u0131 o \u0259sr\u0259 qaytarmaq laz\u0131md\u0131r: &#8220;\u00c7\u0131x get o \u0259sr\u0259. XXI \u0259srd\u0259 ba\u015fqa adam olmal\u0131san ax\u0131! Bu \u0259srd\u0259 kimdir s\u0259nin geyiminin formas\u0131n\u0131 soru\u015fan? Allaha s\u0259nin q\u0259lbinin formas\u0131, q\u0259lbinin i\u00e7ind\u0259 olan d\u00fc\u015f\u00fcnc\u0259, d\u00fcnya g\u00f6r\u00fc\u015f\u00fc, duy\u011fular laz\u0131md\u0131r. Yoxsa s\u0259nin geyimin kimin n\u0259yin\u0259 laz\u0131md\u0131r? S\u0259nin ba\u015f\u0131n\u0131 kitab oxuma\u011fa qatmaq \u0259v\u0259zin\u0259, yarma\u011f\u0131n, da\u015fa s\u00fcrtm\u0259yin kimin n\u0259yin\u0259 laz\u0131md\u0131r?&#8221;.<\/p>\n<p>F\u0131r\u0131ldaq\u00e7\u0131lar\u0131n v\u0259 d\u0259l\u0259duzlar\u0131n dini<\/p>\n<p>Mill\u0259t v\u0259kili hesab edir ki, do\u011fru dinin t\u0259bli\u011f edilm\u0259si v\u0259 \u00f6yr\u0259dilm\u0259si vacibdir: &#8220;Az\u0259rbaycanda do\u011fru din t\u0259bli\u011f olunmur, \u0259n\u0259n\u0259vi din t\u0259bli\u011f olunur. \u018fn\u0259n\u0259vi din is\u0259 \u015eeyx N\u0259srullah\u0131n, Molla Sad\u0131\u011f\u0131n, Molla \u0130brahim-X\u0259lil Kimyag\u0259rin, f\u0131r\u0131ldaq\u00e7\u0131lar\u0131n v\u0259 d\u0259l\u0259duzlar\u0131n dinidir. H\u0259tta haz\u0131rda buna r\u0259smi don geyindirilib b\u0259z\u0259n c\u0259miyy\u0259t\u0259 \u00e7atd\u0131r\u0131lma\u011fa \u00e7al\u0131\u015f\u0131l\u0131r. Bu yanl\u0131\u015f bir add\u0131md\u0131r&#8221;.<\/p>\n<div id=\"AdributorNativeVideo0\" class=\"AdributorNativeVideo\"><\/div>\n<p>Mollal\u0131\u011f\u0131 inki\u015faf etdirm\u0259k&#8230;<\/p>\n<p>Adi bir mollal\u0131\u011f\u0131 sinif kimi inki\u015faf etdirm\u0259yin \u0259leyhin\u0259 oldu\u011funu dey\u0259n F. Mustafa qeyd edib ki, biz\u0259 savadl\u0131, a\u011f\u0131ll\u0131, Quran\u0131 t\u0259hlil ed\u0259 bil\u0259n, c\u0259miyy\u0259t\u0259 do\u011fru-d\u00fcr\u00fcst ya\u015fam\u0131 v\u0259 mesajlar\u0131 il\u0259 insanlarda yax\u015f\u0131 aura yaradan ilahiyyat\u00e7\u0131lar laz\u0131md\u0131r: &#8220;Bu bax\u0131mdan Az\u0259rbaycan \u0130lahiyyat \u0130nstitutunun yarad\u0131lmas\u0131 m\u00fcsb\u0259t hald\u0131r. Orada yerli kadrlar\u0131n yeti\u015fm\u0259si vacibdir. El\u0259 adamlar var ki, xaricd\u0259 oxumaq imkanlar\u0131 yoxdur. Ancaq bu institut bizim \u00fc\u00e7\u00fcn kifay\u0259t etmir. N\u0259 bax\u0131mdan? Biliyini art\u0131rmaq ist\u0259y\u0259n insanlar t\u0259bii ki, T\u00fcrkiy\u0259y\u0259, S\u0259udiyy\u0259 \u018fr\u0259bistan\u0131na v\u0259 ba\u015fqa \u00f6lk\u0259l\u0259r\u0259 d\u0259 ged\u0259c\u0259kl\u0259r. He\u00e7 bunu m\u0259hdudla\u015fd\u0131rmaq da laz\u0131m deyil. Sad\u0259c\u0259 daha \u00e7ox imkan\u0131 olmayan insanlar\u0131n burada d\u00f6vl\u0259t hesab\u0131na t\u0259hsil almas\u0131 yax\u015f\u0131 hald\u0131r. \u00d6z kadrlar\u0131m\u0131z\u0131n, m\u00fct\u0259x\u0259ssisl\u0259rimizin yeti\u015fm\u0259si m\u00fcsb\u0259t hald\u0131r&#8221;.<\/p>\n<p>Mollal\u0131\u011f\u0131n stimulla\u015fd\u0131r\u0131lmas\u0131 tendensiyalar\u0131<\/p>\n<p>Deputat bildirib: &#8220;Ancaq bir \u015feyi unutmamal\u0131y\u0131q ki, \u0130lahiyyat \u0130nstitutu molla yeti\u015fdirm\u0259k \u00fc\u00e7\u00fcn n\u0259z\u0259rd\u0259 tutulmu\u015f institut deyil. Son vaxtlar bir az mollal\u0131\u011f\u0131n stimulla\u015fd\u0131r\u0131lmas\u0131, imtiyazl\u0131 t\u0259b\u0259q\u0259y\u0259 yenid\u0259n \u00e7evrilm\u0259si yanl\u0131\u015f tendensiyad\u0131r. Hesab edir\u0259m ki, dind\u0259 sinif anlay\u0131\u015f\u0131n\u0131 aradan g\u00f6t\u00fcrm\u0259k laz\u0131md\u0131r. \u0130nsanlar buna m\u0259n\u0259vi borc kimi baxmal\u0131d\u0131rlar. M\u0259n \u0259g\u0259r bir dini ayini yerin\u0259 yetirir\u0259ms\u0259, buradan pul qazanmaq \u00fc\u00e7\u00fcn baxmamal\u0131yam, onsuz da c\u0259miyy\u0259t onu ya\u015fad\u0131r. Ancaq bu m\u0259s\u0259l\u0259 insan\u0131n \u00f6z\u00fcn\u0259 m\u0259n\u0259vi borc kimi y\u00fckl\u0259nm\u0259lidir. Bizd\u0259 bunu art\u0131q maa\u015fl\u0131, h\u0259dd\u0259n art\u0131q imtiyazl\u0131 bir t\u0259b\u0259q\u0259y\u0259 \u00e7evir\u0259nd\u0259 yobazla\u015fma daha \u00e7ox geni\u015fl\u0259n\u0259c\u0259k, dini saxtakarl\u0131q daha \u00e7ox artacaq. Bu da bir t\u0259hl\u00fck\u0259dir&#8221;.<\/p>\n<p>&#8220;Din Az\u0259rbaycan c\u0259miyy\u0259ti \u00fc\u00e7\u00fcn b\u00f6y\u00fck t\u0259hl\u00fck\u0259y\u0259 \u00e7evril\u0259 bil\u0259r&#8221;<\/p>\n<p>Onun s\u00f6zl\u0259rin\u0259 gr\u00f6\u0259, din Az\u0259rbaycan c\u0259miyy\u0259ti \u00fc\u00e7\u00fcn h\u0259qiq\u0259t\u0259n b\u00f6y\u00fck bir t\u0259hl\u00fck\u0259y\u0259 \u00e7evril\u0259 bil\u0259r: &#8220;Bunu Nardaran hadis\u0259l\u0259ri v\u0259 ba\u015fqa sindromlar da g\u00f6st\u0259rib. B\u0259lk\u0259 d\u0259 bu istiqam\u0259td\u0259 \u0259n \u00e7ox m\u00fcbariz\u0259 aparan adamlardan biri kimi v\u0259 \u0259n \u00e7ox t\u0259zyiql\u0259 qar\u015f\u0131la\u015fan adamlardan biri kimi g\u00f6r\u00fcr\u0259m ki, \u0259n b\u00f6y\u00fck t\u0259hl\u00fck\u0259 buna laqeyd qalan , \u00f6z\u00fcn\u00fc ziyal\u0131 adland\u0131ran, bunu xalq\u0131n d\u0259y\u0259ri kimi g\u00f6r\u0259n v\u0259 anlamayan insan tipl\u0259ridir. \u018fn z\u0259r\u0259rli budur. H\u0259tta m\u00fcxalif m\u00f6vqed\u0259 olanlar bu sah\u0259d\u0259 z\u0259r\u0259rli tendensiyan\u0131n sahibl\u0259rini m\u00fcdafi\u0259 etm\u0259y\u0259 ba\u015flay\u0131rlar. Anlam\u0131rlar ki, bunlar\u0131n yaratd\u0131\u011f\u0131 gilyotinin, \u0130\u015e\u0130D zehniyy\u0259tinin, yaxud da m\u0259zh\u0259b\u00e7i zehniyy\u0259tinin g\u0259l\u0259c\u0259kd\u0259 k\u0259ndirinin alt\u0131nda bu adamlar\u0131n \u00f6zl\u0259ri birinci duracaqlar. D\u00fcny\u0259vi sistemin t\u0259r\u0259fdar\u0131 olan insanlar duracaqlar. Ham\u0131m\u0131z \u00fc\u00e7\u00fcn t\u0259hl\u00fck\u0259lidir. Biz dini insanlar\u0131n vicdan\u0131nda, evl\u0259rinin v\u0259 m\u0259scidin i\u00e7ind\u0259 saxlamal\u0131y\u0131q. Dini siyas\u0259tin i\u00e7in\u0259 buraxmaq q\u0259d\u0259r t\u0259hl\u00fck\u0259li bir \u015fey yoxdur&#8221;.<\/p>\n","protected":false},"excerpt":{"rendered":"<p>Din insan h\u0259yat\u0131nda vacib faktorlardan biridir. B\u0259z\u0259n bunu g\u00f6rm\u0259zd\u0259n g\u0259lirl\u0259r, bunu \u0259h\u0259miyy\u0259tsiz bir \u015fey hesab edirl\u0259r. Amma do\u011fru din anlay\u0131\u015f\u0131 insan\u0131 m\u00fcdrikl\u0259\u015fdirir. Yanl\u0131\u015f din anlay\u0131\u015f\u0131 is\u0259 insan\u0131 v\u0259h\u015fil\u0259\u015fdirir, keyfiyy\u0259tsiz insana \u00e7evirir. ARAMTV.AZ\u00a0 x\u0259b\u0259r verir ki, bunu\u00a0sonxeber.az-a Milli M\u0259clisin deputat\u0131 Fazil Mustafa deyib. &#8220;XXI \u0259srd\u0259 ba\u015fqa adam olmal\u0131san&#8221; Onun s\u00f6zl\u0259rin\u0259 g\u00f6r\u0259, XXI \u0259srd\u0259 ya\u015fayan insan \u0259g\u0259r ba\u015f\u0131n\u0131 yar\u0131rsa, sin\u0259sin\u0259 d\u00f6y\u00fcrs\u0259, yaxud saqqal\u0131n\u0131 uzad\u0131b g\u00f6st\u0259rirs\u0259 ki, VII \u0259srin adam\u0131d\u0131r, h\u0259min insan\u0131 o \u0259sr\u0259 qaytarmaq laz\u0131md\u0131r: &#8220;\u00c7\u0131x get o \u0259sr\u0259. XXI \u0259srd\u0259 ba\u015fqa adam olmal\u0131san ax\u0131! Bu \u0259srd\u0259 kimdir s\u0259nin geyiminin formas\u0131n\u0131 soru\u015fan?&hellip;<\/p>\n","protected":false},"author":2,"featured_media":24010,"comment_status":"closed","ping_status":"closed","sticky":false,"template":"","format":"standard","meta":{"om_disable_all_campaigns":false,"_monsterinsights_skip_tracking":false,"_monsterinsights_sitenote_active":false,"_monsterinsights_sitenote_note":"","_monsterinsights_sitenote_category":0},"categories":[1],"tags":[],"aioseo_notices":[],"gutentor_comment":0,"rttpg_featured_image_url":{"full":["https:\/\/arantv.az\/wp-content\/uploads\/2018\/11\/1542106499410823654.jpg",549,297,false],"landscape":["https:\/\/arantv.az\/wp-content\/uploads\/2018\/11\/1542106499410823654.jpg",549,297,false],"portraits":["https:\/\/arantv.az\/wp-content\/uploads\/2018\/11\/1542106499410823654.jpg",549,297,false],"thumbnail":["https:\/\/arantv.az\/wp-content\/uploads\/2018\/11\/1542106499410823654-150x150.jpg",150,150,true],"medium":["https:\/\/arantv.az\/wp-content\/uploads\/2018\/11\/1542106499410823654-300x162.jpg",300,162,true],"large":["https:\/\/arantv.az\/wp-content\/uploads\/2018\/11\/1542106499410823654.jpg",549,297,false],"1536x1536":["https:\/\/arantv.az\/wp-content\/uploads\/2018\/11\/1542106499410823654.jpg",549,297,false],"2048x2048":["https:\/\/arantv.az\/wp-content\/uploads\/2018\/11\/1542106499410823654.jpg",549,297,false],"post-thumbnail":["https:\/\/arantv.az\/wp-content\/uploads\/2018\/11\/1542106499410823654-240x172.jpg",240,172,true],"advps-thumb-one":["https:\/\/arantv.az\/wp-content\/uploads\/2018\/11\/1542106499410823654.jpg",549,297,false]},"rttpg_author":{"display_name":"V\u00fcsal Rafiqo\u011flu","author_link":"https:\/\/arantv.az\/?author=2"},"rttpg_comment":0,"rttpg_category":"<a href=\"https:\/\/arantv.az\/?cat=1\" rel=\"category\">C\u0259miyy\u0259t<\/a>","rttpg_excerpt":"Din insan h\u0259yat\u0131nda vacib faktorlardan biridir. B\u0259z\u0259n bunu g\u00f6rm\u0259zd\u0259n g\u0259lirl\u0259r, bunu \u0259h\u0259miyy\u0259tsiz bir \u015fey hesab edirl\u0259r. Amma do\u011fru din anlay\u0131\u015f\u0131 insan\u0131 m\u00fcdrikl\u0259\u015fdirir. Yanl\u0131\u015f din anlay\u0131\u015f\u0131 is\u0259 insan\u0131 v\u0259h\u015fil\u0259\u015fdirir, keyfiyy\u0259tsiz insana \u00e7evirir. ARAMTV.AZ\u00a0 x\u0259b\u0259r verir ki, bunu\u00a0sonxeber.az-a Milli M\u0259clisin deputat\u0131 Fazil Mustafa deyib. &#8220;XXI \u0259srd\u0259 ba\u015fqa adam olmal\u0131san&#8221; Onun s\u00f6zl\u0259rin\u0259 g\u00f6r\u0259, XXI \u0259srd\u0259 ya\u015fayan insan \u0259g\u0259r&hellip;","_links":{"self":[{"href":"https:\/\/arantv.az\/index.php?rest_route=\/wp\/v2\/posts\/24009"}],"collection":[{"href":"https:\/\/arantv.az\/index.php?rest_route=\/wp\/v2\/posts"}],"about":[{"href":"https:\/\/arantv.az\/index.php?rest_route=\/wp\/v2\/types\/post"}],"author":[{"embeddable":true,"href":"https:\/\/arantv.az\/index.php?rest_route=\/wp\/v2\/users\/2"}],"replies":[{"embeddable":true,"href":"https:\/\/arantv.az\/index.php?rest_route=%2Fwp%2Fv2%2Fcomments&post=24009"}],"version-history":[{"count":0,"href":"https:\/\/arantv.az\/index.php?rest_route=\/wp\/v2\/posts\/24009\/revisions"}],"wp:featuredmedia":[{"embeddable":true,"href":"https:\/\/arantv.az\/index.php?rest_route=\/wp\/v2\/media\/24010"}],"wp:attachment":[{"href":"https:\/\/arantv.az\/index.php?rest_route=%2Fwp%2Fv2%2Fmedia&parent=24009"}],"wp:term":[{"taxonomy":"category","embeddable":true,"href":"https:\/\/arantv.az\/index.php?rest_route=%2Fwp%2Fv2%2Fcategories&post=24009"},{"taxonomy":"post_tag","embeddable":true,"href":"https:\/\/arantv.az\/index.php?rest_route=%2Fwp%2Fv2%2Ftags&post=24009"}],"curies":[{"name":"wp","href":"https:\/\/api.w.org\/{rel}","templated":true}]}}