{"id":24024,"date":"2018-11-19T15:52:44","date_gmt":"2018-11-19T12:52:44","guid":{"rendered":"http:\/\/arantv.az\/?p=24024"},"modified":"2018-11-19T15:52:44","modified_gmt":"2018-11-19T12:52:44","slug":"lukasenko-az%c9%99rbaycanla-h%c9%99rbi-sah%c9%99d%c9%99-yaxsi-munasib%c9%99tl%c9%99rimiz-var","status":"publish","type":"post","link":"https:\/\/arantv.az\/?p=24024","title":{"rendered":"Luka\u015fenko: Az\u0259rbaycanla h\u0259rbi sah\u0259d\u0259 yax\u015f\u0131 m\u00fcnasib\u0259tl\u0259rimiz var"},"content":{"rendered":"<p>Az\u0259rbaycan haqq\u0131nda \u00e7ox dan\u0131\u015f\u0131rd\u0131lar. Dediyim kimi, bunun s\u0259b\u0259bl\u0259ri \u00e7ox idi. S\u0259b\u0259bl\u0259r, \u0259sas\u0259n, xo\u015fniyy\u0259tli idi. Belaruslar Az\u0259rbaycan\u0131 biz\u0259 \u00e7ox dost olan, bizim yax\u015f\u0131 m\u00fcnasib\u0259t b\u0259sl\u0259diyimiz qarda\u015f respublika kimi q\u0259bul edirl\u0259r. Bu, h\u0259m prezidentl\u0259r aras\u0131nda, h\u0259m h\u00f6kum\u0259tl\u0259raras\u0131 komissiyada, h\u0259m d\u0259 ticari-iqtisadi sah\u0259d\u0259 m\u00fcnasib\u0259tl\u0259r\u0259 aiddir. Bunu dem\u0259k kifay\u0259tdir ki, t\u0259kc\u0259 son bir ild\u0259 Belarusla Az\u0259rbaycan aras\u0131nda ticar\u0259tin h\u0259cmi t\u0259qrib\u0259n 3,5 d\u0259f\u0259 art\u0131b.<\/p>\n<p><b>ARANTV.AZ<\/b>-\u0131n x\u0259b\u0259rin\u0259 g\u00f6r\u0259, bunu Belarus prezidenti\u00a0<strong>Aleksandr Luka\u015fenko<\/strong>Az\u0259rbaycan prezidenti\u00a0<strong>\u0130lham \u018fliyev<\/strong>l\u0259 t\u0259kb\u0259t\u0259k g\u00f6r\u00fc\u015f\u00fc zaman\u0131 deyib.<\/p>\n<p>\u201cBir daha t\u0259sdiql\u0259m\u0259k v\u0259 Sizi \u0259min etm\u0259k ist\u0259yir\u0259m ki, bizim m\u00fcnasib\u0259tl\u0259rimizd\u0259 he\u00e7 vaxt qapal\u0131 m\u00f6vzu olmayacaq. Biz bir d\u00f6vl\u0259td\u0259 ya\u015fam\u0131\u015f\u0131q. Sizinl\u0259 \u00e7ox yax\u0131n insanlar\u0131q. Kimins\u0259 bunu ist\u0259yib-ist\u0259m\u0259m\u0259sind\u0259n as\u0131l\u0131 olmayaraq, bizim k\u00f6kl\u0259rimiz sovet d\u00f6vr\u00fcn\u0259 v\u0259 b\u0259lk\u0259, daha uza\u011fa gedib \u00e7\u0131x\u0131r \u2013 10-15 n\u0259sil bundan \u0259vv\u0259lki h\u0259mv\u0259t\u0259nl\u0259rimiz Sizin h\u0259mv\u0259t\u0259nl\u0259rinizl\u0259 yax\u015f\u0131 m\u00fcnasib\u0259td\u0259 olublar.<\/p>\n<div id=\"AdributorNativeVideo0\" class=\"AdributorNativeVideo\"><\/div>\n<p>Siz tarix\u00e7i kimi bunu yax\u015f\u0131 bilirsiniz. Buna g\u00f6r\u0259 d\u0259 Sizi Belarus torpa\u011f\u0131nda salamlay\u0131r\u0131q. Biz\u0259 tez-tez g\u0259lin. Hava bug\u00fcnk\u00fc kimi olmayanda g\u0259lin. H\u0259r\u00e7\u0259nd bunun da bir l\u0259zz\u0259ti var &#8211; x\u00fcsus\u0259n Bak\u0131n\u0131n quru k\u00fcl\u0259yind\u0259n sonra. D\u00fc\u015f\u00fcn\u00fcr\u0259m ki, q\u0131\u015fqaba\u011f\u0131 Minskd\u0259 olmaq v\u0259 ona tama\u015fa etm\u0259k Sizin \u00fc\u00e7\u00fcn faydal\u0131 olacaq. Onun \u00f6z g\u00f6z\u0259lliyi var. \u018fn az\u0131 onu g\u00f6rm\u0259k laz\u0131md\u0131r. Buna g\u00f6r\u0259 \u015fadam ki, Siz biz\u0259 t\u0259\u015frif g\u0259tirmisiniz.<\/p>\n<p>Dan\u0131\u015fma\u011fa m\u00f6vzu var. Bizim b\u00fct\u00fcn sah\u0259l\u0259rd\u0259 &#8211; h\u0259m ticari-iqtisadi, h\u0259m diplomatik, h\u0259m siyasi m\u00fcnasib\u0259tl\u0259rimiz yax\u015f\u0131d\u0131r, h\u0259rbi sah\u0259d\u0259 yax\u015f\u0131 m\u00fcnasib\u0259tl\u0259rimiz var. Lakin m\u00f6vcud m\u00fcnasib\u0259tl\u0259ri daha da geni\u015fl\u0259ndirm\u0259k m\u00fcmk\u00fcnd\u00fcr, buna \u00e7al\u0131\u015fmaq laz\u0131md\u0131r. Buna g\u00f6r\u0259 \u0259min\u0259m ki, Sizin Belarusa bug\u00fcnk\u00fc s\u0259f\u0259riniz perspektivd\u0259 bizim m\u00fcnasib\u0259tl\u0259rimizin m\u00f6hk\u0259ml\u0259nm\u0259si yolunda yeni add\u0131m olacaq\u201d, &#8211; dey\u0259 Belarus lideri bildirib.oxu.az<\/p>\n","protected":false},"excerpt":{"rendered":"<p>Az\u0259rbaycan haqq\u0131nda \u00e7ox dan\u0131\u015f\u0131rd\u0131lar. Dediyim kimi, bunun s\u0259b\u0259bl\u0259ri \u00e7ox idi. S\u0259b\u0259bl\u0259r, \u0259sas\u0259n, xo\u015fniyy\u0259tli idi. Belaruslar Az\u0259rbaycan\u0131 biz\u0259 \u00e7ox dost olan, bizim yax\u015f\u0131 m\u00fcnasib\u0259t b\u0259sl\u0259diyimiz qarda\u015f respublika kimi q\u0259bul edirl\u0259r. Bu, h\u0259m prezidentl\u0259r aras\u0131nda, h\u0259m h\u00f6kum\u0259tl\u0259raras\u0131 komissiyada, h\u0259m d\u0259 ticari-iqtisadi sah\u0259d\u0259 m\u00fcnasib\u0259tl\u0259r\u0259 aiddir. Bunu dem\u0259k kifay\u0259tdir ki, t\u0259kc\u0259 son bir ild\u0259 Belarusla Az\u0259rbaycan aras\u0131nda ticar\u0259tin h\u0259cmi t\u0259qrib\u0259n 3,5 d\u0259f\u0259 art\u0131b. ARANTV.AZ-\u0131n x\u0259b\u0259rin\u0259 g\u00f6r\u0259, bunu Belarus prezidenti\u00a0Aleksandr Luka\u015fenkoAz\u0259rbaycan prezidenti\u00a0\u0130lham \u018fliyevl\u0259 t\u0259kb\u0259t\u0259k g\u00f6r\u00fc\u015f\u00fc zaman\u0131 deyib. \u201cBir daha t\u0259sdiql\u0259m\u0259k v\u0259 Sizi \u0259min etm\u0259k ist\u0259yir\u0259m ki, bizim m\u00fcnasib\u0259tl\u0259rimizd\u0259 he\u00e7 vaxt qapal\u0131 m\u00f6vzu olmayacaq. Biz bir&hellip;<\/p>\n","protected":false},"author":2,"featured_media":24025,"comment_status":"closed","ping_status":"closed","sticky":false,"template":"","format":"standard","meta":{"om_disable_all_campaigns":false,"_monsterinsights_skip_tracking":false,"_monsterinsights_sitenote_active":false,"_monsterinsights_sitenote_note":"","_monsterinsights_sitenote_category":0},"categories":[4],"tags":[],"aioseo_notices":[],"gutentor_comment":0,"rttpg_featured_image_url":{"full":["https:\/\/arantv.az\/wp-content\/uploads\/2018\/11\/15426181971522561065_1000x669.jpg",620,442,false],"landscape":["https:\/\/arantv.az\/wp-content\/uploads\/2018\/11\/15426181971522561065_1000x669.jpg",620,442,false],"portraits":["https:\/\/arantv.az\/wp-content\/uploads\/2018\/11\/15426181971522561065_1000x669.jpg",620,442,false],"thumbnail":["https:\/\/arantv.az\/wp-content\/uploads\/2018\/11\/15426181971522561065_1000x669-150x150.jpg",150,150,true],"medium":["https:\/\/arantv.az\/wp-content\/uploads\/2018\/11\/15426181971522561065_1000x669-300x214.jpg",300,214,true],"large":["https:\/\/arantv.az\/wp-content\/uploads\/2018\/11\/15426181971522561065_1000x669.jpg",620,442,false],"1536x1536":["https:\/\/arantv.az\/wp-content\/uploads\/2018\/11\/15426181971522561065_1000x669.jpg",620,442,false],"2048x2048":["https:\/\/arantv.az\/wp-content\/uploads\/2018\/11\/15426181971522561065_1000x669.jpg",620,442,false],"post-thumbnail":["https:\/\/arantv.az\/wp-content\/uploads\/2018\/11\/15426181971522561065_1000x669-240x172.jpg",240,172,true],"advps-thumb-one":["https:\/\/arantv.az\/wp-content\/uploads\/2018\/11\/15426181971522561065_1000x669.jpg",620,442,false]},"rttpg_author":{"display_name":"V\u00fcsal Rafiqo\u011flu","author_link":"https:\/\/arantv.az\/?author=2"},"rttpg_comment":0,"rttpg_category":"<a href=\"https:\/\/arantv.az\/?cat=4\" rel=\"category\">Siyas\u0259t<\/a>","rttpg_excerpt":"Az\u0259rbaycan haqq\u0131nda \u00e7ox dan\u0131\u015f\u0131rd\u0131lar. Dediyim kimi, bunun s\u0259b\u0259bl\u0259ri \u00e7ox idi. S\u0259b\u0259bl\u0259r, \u0259sas\u0259n, xo\u015fniyy\u0259tli idi. Belaruslar Az\u0259rbaycan\u0131 biz\u0259 \u00e7ox dost olan, bizim yax\u015f\u0131 m\u00fcnasib\u0259t b\u0259sl\u0259diyimiz qarda\u015f respublika kimi q\u0259bul edirl\u0259r. Bu, h\u0259m prezidentl\u0259r aras\u0131nda, h\u0259m h\u00f6kum\u0259tl\u0259raras\u0131 komissiyada, h\u0259m d\u0259 ticari-iqtisadi sah\u0259d\u0259 m\u00fcnasib\u0259tl\u0259r\u0259 aiddir. Bunu dem\u0259k kifay\u0259tdir ki, t\u0259kc\u0259 son bir ild\u0259 Belarusla Az\u0259rbaycan aras\u0131nda ticar\u0259tin h\u0259cmi&hellip;","_links":{"self":[{"href":"https:\/\/arantv.az\/index.php?rest_route=\/wp\/v2\/posts\/24024"}],"collection":[{"href":"https:\/\/arantv.az\/index.php?rest_route=\/wp\/v2\/posts"}],"about":[{"href":"https:\/\/arantv.az\/index.php?rest_route=\/wp\/v2\/types\/post"}],"author":[{"embeddable":true,"href":"https:\/\/arantv.az\/index.php?rest_route=\/wp\/v2\/users\/2"}],"replies":[{"embeddable":true,"href":"https:\/\/arantv.az\/index.php?rest_route=%2Fwp%2Fv2%2Fcomments&post=24024"}],"version-history":[{"count":0,"href":"https:\/\/arantv.az\/index.php?rest_route=\/wp\/v2\/posts\/24024\/revisions"}],"wp:featuredmedia":[{"embeddable":true,"href":"https:\/\/arantv.az\/index.php?rest_route=\/wp\/v2\/media\/24025"}],"wp:attachment":[{"href":"https:\/\/arantv.az\/index.php?rest_route=%2Fwp%2Fv2%2Fmedia&parent=24024"}],"wp:term":[{"taxonomy":"category","embeddable":true,"href":"https:\/\/arantv.az\/index.php?rest_route=%2Fwp%2Fv2%2Fcategories&post=24024"},{"taxonomy":"post_tag","embeddable":true,"href":"https:\/\/arantv.az\/index.php?rest_route=%2Fwp%2Fv2%2Ftags&post=24024"}],"curies":[{"name":"wp","href":"https:\/\/api.w.org\/{rel}","templated":true}]}}