{"id":24027,"date":"2018-11-19T16:01:09","date_gmt":"2018-11-19T13:01:09","guid":{"rendered":"http:\/\/arantv.az\/?p=24027"},"modified":"2018-11-19T16:01:09","modified_gmt":"2018-11-19T13:01:09","slug":"reyhan-camalova-100-nufuzlu-qadindan-biri-oldu-foto","status":"publish","type":"post","link":"https:\/\/arantv.az\/?p=24027","title":{"rendered":"Reyhan Camalova 100 n\u00fcfuzlu qad\u0131ndan biri oldu &#8211; FOTO"},"content":{"rendered":"<p>G\u0259nc ixtira\u00e7\u0131, \u201cASAN xidm\u0259t\u201din ideya m\u00fcv\u0259kkili\u00a0<strong>Reyhan Camalova\u00a0<\/strong>d\u00fcnya \u00fczr\u0259 100 n\u00fcfuzlu qad\u0131ndan biri olub.<\/p>\n<p><strong>ARANTV.AZ<\/strong>-\u0131n m\u0259lumat\u0131na g\u00f6r\u0259, BBC-nin illik \u201c100 qad\u0131n\u201d layih\u0259sinin 2018-ci il \u00fczr\u0259 yenil\u0259nmi\u015f siyah\u0131s\u0131 d\u0259rc olunub.<\/p>\n<p>Siyah\u0131da d\u00fcnyan\u0131n m\u00fcxt\u0259lif \u00f6lk\u0259l\u0259rind\u0259 ya\u015fayan 100 ilhamverici v\u0259 n\u00fcfuzlu qad\u0131n\u0131n ad\u0131 yer al\u0131b.<\/p>\n<div id=\"AdributorNativeVideo0\" class=\"AdributorNativeVideo\"><\/div>\n<blockquote>\n<div><em><strong>Oxu:\u00a0<a href=\"https:\/\/oxu.az\/politics\/251478\" target=\"_blank\" rel=\"noopener\">Mehriban \u018fliyeva g\u0259nc ixtira\u00e7\u0131larla g\u00f6r\u00fc\u015f\u00fcb<\/a><\/strong><\/em><\/div>\n<\/blockquote>\n<p>60 \u00f6lk\u0259d\u0259n 15-94 ya\u015f aras\u0131 qad\u0131nlar\u0131n oldu\u011fu siyah\u0131ya liderl\u0259r, ixtira\u00e7\u0131lar v\u0259 g\u00fcnd\u0259lik q\u0259hr\u0259manlar daxil edilibl\u0259r. 16 ya\u015fl\u0131 g\u0259nc ixtira\u00e7\u0131 Reyhan Camalova siyah\u0131da 43-c\u00fc yerd\u0259 q\u0259rarla\u015f\u0131b.<\/p>\n<p>Reyhan Camalova bildirib ki, haz\u0131rda BBC t\u0259r\u0259find\u0259n se\u00e7ilmi\u015f d\u00fcnya \u00fczr\u0259 100 qad\u0131ndan biri olmaq sevincini ya\u015fay\u0131r.<\/p>\n<p>Qeyd ed\u0259k ki, 2002-ci ild\u0259 Qubada anadan olan Reyhan ya\u011f\u0131\u015f suyundan enerji istehsal ed\u0259n \u201cRainergy\u201d qur\u011fusunu yarad\u0131b.<\/p>\n<p>Reyhan Camalova Hindistanda ke\u00e7iril\u0259n Qlobal Sahibkarl\u0131q Sammitind\u0259 \u00f6z ixtiras\u0131 il\u0259 diqq\u0259ti \u00e7\u0259kib. AB\u015e prezidenti Donald Tramp\u0131n q\u0131z\u0131 \u0130vanka Tramp Reyhan\u0131n nailiyy\u0259tini t\u0259qdir edib.<\/p>\n<div class=\"gallery\">\n<div class=\"gallery-i\"><img src=\"https:\/\/assets.oxu.az\/uploads\/W1siZiIsIjIwMTgvMTEvMTkvMTYvMjcvMTkvNzg4Yjk2OGYtZDQ3Yi00MzhmLTg5MGItODRjMmMwNTM4ZGZiL3JleWhhbiAyLmpwZyJdLFsicCIsImVuY29kZSIsImpwZyIsIi1xdWFsaXR5IDgwIl0sWyJwIiwidGh1bWIiLCI1OTB4NTkwXHUwMDNlIl1d?sha=447155358d73513f\" alt=\"\" \/><\/p>\n<div class=\"gallery-i-caption\"><\/div>\n<\/div>\n<div class=\"gallery-i\"><img src=\"https:\/\/assets.oxu.az\/uploads\/W1siZiIsIjIwMTgvMTEvMTkvMTYvMjcvMjAvZWM0NjMwYzMtYWRiOC00NGJmLTllYTMtZmNlZGQwYzhjNzAzL3JleWhhbi5qcGciXSxbInAiLCJlbmNvZGUiLCJqcGciLCItcXVhbGl0eSA4MCJdLFsicCIsInRodW1iIiwiNTkweDU5MFx1MDAzZSJdXQ?sha=b8be3d4cdd65402b\" alt=\"\" \/><\/p>\n<div class=\"gallery-i-caption\"><\/div>\n<\/div>\n<\/div>\n<p><b>oxu.az<\/b><\/p>\n","protected":false},"excerpt":{"rendered":"<p>G\u0259nc ixtira\u00e7\u0131, \u201cASAN xidm\u0259t\u201din ideya m\u00fcv\u0259kkili\u00a0Reyhan Camalova\u00a0d\u00fcnya \u00fczr\u0259 100 n\u00fcfuzlu qad\u0131ndan biri olub. ARANTV.AZ-\u0131n m\u0259lumat\u0131na g\u00f6r\u0259, BBC-nin illik \u201c100 qad\u0131n\u201d layih\u0259sinin 2018-ci il \u00fczr\u0259 yenil\u0259nmi\u015f siyah\u0131s\u0131 d\u0259rc olunub. Siyah\u0131da d\u00fcnyan\u0131n m\u00fcxt\u0259lif \u00f6lk\u0259l\u0259rind\u0259 ya\u015fayan 100 ilhamverici v\u0259 n\u00fcfuzlu qad\u0131n\u0131n ad\u0131 yer al\u0131b. Oxu:\u00a0Mehriban \u018fliyeva g\u0259nc ixtira\u00e7\u0131larla g\u00f6r\u00fc\u015f\u00fcb 60 \u00f6lk\u0259d\u0259n 15-94 ya\u015f aras\u0131 qad\u0131nlar\u0131n oldu\u011fu siyah\u0131ya liderl\u0259r, ixtira\u00e7\u0131lar v\u0259 g\u00fcnd\u0259lik q\u0259hr\u0259manlar daxil edilibl\u0259r. 16 ya\u015fl\u0131 g\u0259nc ixtira\u00e7\u0131 Reyhan Camalova siyah\u0131da 43-c\u00fc yerd\u0259 q\u0259rarla\u015f\u0131b. Reyhan Camalova bildirib ki, haz\u0131rda BBC t\u0259r\u0259find\u0259n se\u00e7ilmi\u015f d\u00fcnya \u00fczr\u0259 100 qad\u0131ndan biri olmaq sevincini ya\u015fay\u0131r. Qeyd ed\u0259k ki,&hellip;<\/p>\n","protected":false},"author":2,"featured_media":24028,"comment_status":"closed","ping_status":"closed","sticky":false,"template":"","format":"standard","meta":{"om_disable_all_campaigns":false,"_monsterinsights_skip_tracking":false,"_monsterinsights_sitenote_active":false,"_monsterinsights_sitenote_note":"","_monsterinsights_sitenote_category":0},"categories":[1],"tags":[],"aioseo_notices":[],"gutentor_comment":0,"rttpg_featured_image_url":{"full":["https:\/\/arantv.az\/wp-content\/uploads\/2018\/11\/reyhan-sekil-bas.jpg",620,413,false],"landscape":["https:\/\/arantv.az\/wp-content\/uploads\/2018\/11\/reyhan-sekil-bas.jpg",620,413,false],"portraits":["https:\/\/arantv.az\/wp-content\/uploads\/2018\/11\/reyhan-sekil-bas.jpg",620,413,false],"thumbnail":["https:\/\/arantv.az\/wp-content\/uploads\/2018\/11\/reyhan-sekil-bas-150x150.jpg",150,150,true],"medium":["https:\/\/arantv.az\/wp-content\/uploads\/2018\/11\/reyhan-sekil-bas-300x200.jpg",300,200,true],"large":["https:\/\/arantv.az\/wp-content\/uploads\/2018\/11\/reyhan-sekil-bas.jpg",620,413,false],"1536x1536":["https:\/\/arantv.az\/wp-content\/uploads\/2018\/11\/reyhan-sekil-bas.jpg",620,413,false],"2048x2048":["https:\/\/arantv.az\/wp-content\/uploads\/2018\/11\/reyhan-sekil-bas.jpg",620,413,false],"post-thumbnail":["https:\/\/arantv.az\/wp-content\/uploads\/2018\/11\/reyhan-sekil-bas-240x172.jpg",240,172,true],"advps-thumb-one":["https:\/\/arantv.az\/wp-content\/uploads\/2018\/11\/reyhan-sekil-bas.jpg",620,413,false]},"rttpg_author":{"display_name":"V\u00fcsal Rafiqo\u011flu","author_link":"https:\/\/arantv.az\/?author=2"},"rttpg_comment":0,"rttpg_category":"<a href=\"https:\/\/arantv.az\/?cat=1\" rel=\"category\">C\u0259miyy\u0259t<\/a>","rttpg_excerpt":"G\u0259nc ixtira\u00e7\u0131, \u201cASAN xidm\u0259t\u201din ideya m\u00fcv\u0259kkili\u00a0Reyhan Camalova\u00a0d\u00fcnya \u00fczr\u0259 100 n\u00fcfuzlu qad\u0131ndan biri olub. ARANTV.AZ-\u0131n m\u0259lumat\u0131na g\u00f6r\u0259, BBC-nin illik \u201c100 qad\u0131n\u201d layih\u0259sinin 2018-ci il \u00fczr\u0259 yenil\u0259nmi\u015f siyah\u0131s\u0131 d\u0259rc olunub. Siyah\u0131da d\u00fcnyan\u0131n m\u00fcxt\u0259lif \u00f6lk\u0259l\u0259rind\u0259 ya\u015fayan 100 ilhamverici v\u0259 n\u00fcfuzlu qad\u0131n\u0131n ad\u0131 yer al\u0131b. Oxu:\u00a0Mehriban \u018fliyeva g\u0259nc ixtira\u00e7\u0131larla g\u00f6r\u00fc\u015f\u00fcb 60 \u00f6lk\u0259d\u0259n 15-94 ya\u015f aras\u0131 qad\u0131nlar\u0131n oldu\u011fu siyah\u0131ya liderl\u0259r,&hellip;","_links":{"self":[{"href":"https:\/\/arantv.az\/index.php?rest_route=\/wp\/v2\/posts\/24027"}],"collection":[{"href":"https:\/\/arantv.az\/index.php?rest_route=\/wp\/v2\/posts"}],"about":[{"href":"https:\/\/arantv.az\/index.php?rest_route=\/wp\/v2\/types\/post"}],"author":[{"embeddable":true,"href":"https:\/\/arantv.az\/index.php?rest_route=\/wp\/v2\/users\/2"}],"replies":[{"embeddable":true,"href":"https:\/\/arantv.az\/index.php?rest_route=%2Fwp%2Fv2%2Fcomments&post=24027"}],"version-history":[{"count":0,"href":"https:\/\/arantv.az\/index.php?rest_route=\/wp\/v2\/posts\/24027\/revisions"}],"wp:featuredmedia":[{"embeddable":true,"href":"https:\/\/arantv.az\/index.php?rest_route=\/wp\/v2\/media\/24028"}],"wp:attachment":[{"href":"https:\/\/arantv.az\/index.php?rest_route=%2Fwp%2Fv2%2Fmedia&parent=24027"}],"wp:term":[{"taxonomy":"category","embeddable":true,"href":"https:\/\/arantv.az\/index.php?rest_route=%2Fwp%2Fv2%2Fcategories&post=24027"},{"taxonomy":"post_tag","embeddable":true,"href":"https:\/\/arantv.az\/index.php?rest_route=%2Fwp%2Fv2%2Ftags&post=24027"}],"curies":[{"name":"wp","href":"https:\/\/api.w.org\/{rel}","templated":true}]}}