{"id":24049,"date":"2018-11-19T16:25:43","date_gmt":"2018-11-19T13:25:43","guid":{"rendered":"http:\/\/arantv.az\/?p=24049"},"modified":"2018-11-19T16:25:43","modified_gmt":"2018-11-19T13:25:43","slug":"belarus-az%c9%99rbaycana-h%c9%99rbi-texnika-t%c9%99daruk-ed%c9%99c%c9%99k","status":"publish","type":"post","link":"https:\/\/arantv.az\/?p=24049","title":{"rendered":"Belarus Az\u0259rbaycana h\u0259rbi texnika t\u0259dar\u00fck ed\u0259c\u0259k"},"content":{"rendered":"<p>Belarus v\u0259 Az\u0259rbaycan aras\u0131nda\u00a0Belarus h\u0259rbi texnikas\u0131n\u0131n n\u00f6vb\u0259ti partiyas\u0131n\u0131n t\u0259dar\u00fck\u00fc\u00a0\u00fczr\u0259 m\u00fcqavil\u0259 imzalanacaq.<\/p>\n<p><b>ARANTV.AZ <\/b>oxu.az-a istinad\u0259n x\u0259b\u0259r verir ki, bu bar\u0259d\u0259 Az\u0259rbaycan prezidenti\u00a0<strong>\u0130lham \u018fliyev Aleksandr Luka\u015fenko<\/strong>\u00a0il\u0259 dan\u0131\u015f\u0131qlar\u0131n yekunu bar\u0259d\u0259 jurnalistl\u0259r\u0259 m\u0259lumat ver\u0259rk\u0259n deyib.<\/p>\n<div id=\"AdributorNativeVideo0\" class=\"AdributorNativeVideo\"><\/div>\n<p>Bu g\u00fcn iki \u00f6lk\u0259 r\u0259hb\u0259rinin dan\u0131\u015f\u0131qlar\u0131n\u0131n yekunu \u0259sas\u0131nda Belarus D\u00f6vl\u0259t H\u0259rbi S\u0259naye Komit\u0259si v\u0259 Az\u0259rbaycan M\u00fcdafi\u0259 Nazirliyi aras\u0131nda qar\u015f\u0131l\u0131ql\u0131 anla\u015fma haqq\u0131nda memorandum imzalan\u0131b. Memorandum hava h\u00fccumundan m\u00fcdafi\u0259 \u00fczr\u0259 silah v\u0259 texnikan\u0131n t\u0259dar\u00fck\u00fc sah\u0259sind\u0259 qar\u015f\u0131l\u0131ql\u0131 s\u0259m\u0259r\u0259li v\u0259 ikit\u0259r\u0259fli \u0259laq\u0259l\u0259rin inki\u015faf\u0131n\u0131 n\u0259z\u0259rd\u0259 tutur.<\/p>\n<p>\u201c\u018fn yax\u0131n zamanda bu s\u0259n\u0259d Belarusdan\u00a0h\u0259rbi texnikan\u0131n n\u00f6vb\u0259ti partiyas\u0131n\u0131n t\u0259dar\u00fck edilm\u0259sin\u0259 dair\u00a0m\u00fcqavil\u0259d\u0259 \u00f6z \u0259ksini tapacaq\u201d,- dey\u0259 \u0130lham \u018fliyev bildirib.<\/p>\n","protected":false},"excerpt":{"rendered":"<p>Belarus v\u0259 Az\u0259rbaycan aras\u0131nda\u00a0Belarus h\u0259rbi texnikas\u0131n\u0131n n\u00f6vb\u0259ti partiyas\u0131n\u0131n t\u0259dar\u00fck\u00fc\u00a0\u00fczr\u0259 m\u00fcqavil\u0259 imzalanacaq. ARANTV.AZ oxu.az-a istinad\u0259n x\u0259b\u0259r verir ki, bu bar\u0259d\u0259 Az\u0259rbaycan prezidenti\u00a0\u0130lham \u018fliyev Aleksandr Luka\u015fenko\u00a0il\u0259 dan\u0131\u015f\u0131qlar\u0131n yekunu bar\u0259d\u0259 jurnalistl\u0259r\u0259 m\u0259lumat ver\u0259rk\u0259n deyib. Bu g\u00fcn iki \u00f6lk\u0259 r\u0259hb\u0259rinin dan\u0131\u015f\u0131qlar\u0131n\u0131n yekunu \u0259sas\u0131nda Belarus D\u00f6vl\u0259t H\u0259rbi S\u0259naye Komit\u0259si v\u0259 Az\u0259rbaycan M\u00fcdafi\u0259 Nazirliyi aras\u0131nda qar\u015f\u0131l\u0131ql\u0131 anla\u015fma haqq\u0131nda memorandum imzalan\u0131b. Memorandum hava h\u00fccumundan m\u00fcdafi\u0259 \u00fczr\u0259 silah v\u0259 texnikan\u0131n t\u0259dar\u00fck\u00fc sah\u0259sind\u0259 qar\u015f\u0131l\u0131ql\u0131 s\u0259m\u0259r\u0259li v\u0259 ikit\u0259r\u0259fli \u0259laq\u0259l\u0259rin inki\u015faf\u0131n\u0131 n\u0259z\u0259rd\u0259 tutur. \u201c\u018fn yax\u0131n zamanda bu s\u0259n\u0259d Belarusdan\u00a0h\u0259rbi texnikan\u0131n n\u00f6vb\u0259ti partiyas\u0131n\u0131n t\u0259dar\u00fck edilm\u0259sin\u0259 dair\u00a0m\u00fcqavil\u0259d\u0259 \u00f6z \u0259ksini tapacaq\u201d,- dey\u0259 \u0130lham \u018fliyev&hellip;<\/p>\n","protected":false},"author":2,"featured_media":24050,"comment_status":"closed","ping_status":"closed","sticky":false,"template":"","format":"standard","meta":{"om_disable_all_campaigns":false,"_monsterinsights_skip_tracking":false,"_monsterinsights_sitenote_active":false,"_monsterinsights_sitenote_note":"","_monsterinsights_sitenote_category":0},"categories":[4],"tags":[],"aioseo_notices":[],"gutentor_comment":0,"rttpg_featured_image_url":{"full":["https:\/\/arantv.az\/wp-content\/uploads\/2018\/11\/1036248138.jpg",620,335,false],"landscape":["https:\/\/arantv.az\/wp-content\/uploads\/2018\/11\/1036248138.jpg",620,335,false],"portraits":["https:\/\/arantv.az\/wp-content\/uploads\/2018\/11\/1036248138.jpg",620,335,false],"thumbnail":["https:\/\/arantv.az\/wp-content\/uploads\/2018\/11\/1036248138-150x150.jpg",150,150,true],"medium":["https:\/\/arantv.az\/wp-content\/uploads\/2018\/11\/1036248138-300x162.jpg",300,162,true],"large":["https:\/\/arantv.az\/wp-content\/uploads\/2018\/11\/1036248138.jpg",620,335,false],"1536x1536":["https:\/\/arantv.az\/wp-content\/uploads\/2018\/11\/1036248138.jpg",620,335,false],"2048x2048":["https:\/\/arantv.az\/wp-content\/uploads\/2018\/11\/1036248138.jpg",620,335,false],"post-thumbnail":["https:\/\/arantv.az\/wp-content\/uploads\/2018\/11\/1036248138-240x172.jpg",240,172,true],"advps-thumb-one":["https:\/\/arantv.az\/wp-content\/uploads\/2018\/11\/1036248138.jpg",620,335,false]},"rttpg_author":{"display_name":"V\u00fcsal Rafiqo\u011flu","author_link":"https:\/\/arantv.az\/?author=2"},"rttpg_comment":0,"rttpg_category":"<a href=\"https:\/\/arantv.az\/?cat=4\" rel=\"category\">Siyas\u0259t<\/a>","rttpg_excerpt":"Belarus v\u0259 Az\u0259rbaycan aras\u0131nda\u00a0Belarus h\u0259rbi texnikas\u0131n\u0131n n\u00f6vb\u0259ti partiyas\u0131n\u0131n t\u0259dar\u00fck\u00fc\u00a0\u00fczr\u0259 m\u00fcqavil\u0259 imzalanacaq. ARANTV.AZ oxu.az-a istinad\u0259n x\u0259b\u0259r verir ki, bu bar\u0259d\u0259 Az\u0259rbaycan prezidenti\u00a0\u0130lham \u018fliyev Aleksandr Luka\u015fenko\u00a0il\u0259 dan\u0131\u015f\u0131qlar\u0131n yekunu bar\u0259d\u0259 jurnalistl\u0259r\u0259 m\u0259lumat ver\u0259rk\u0259n deyib. Bu g\u00fcn iki \u00f6lk\u0259 r\u0259hb\u0259rinin dan\u0131\u015f\u0131qlar\u0131n\u0131n yekunu \u0259sas\u0131nda Belarus D\u00f6vl\u0259t H\u0259rbi S\u0259naye Komit\u0259si v\u0259 Az\u0259rbaycan M\u00fcdafi\u0259 Nazirliyi aras\u0131nda qar\u015f\u0131l\u0131ql\u0131 anla\u015fma haqq\u0131nda memorandum imzalan\u0131b. Memorandum&hellip;","_links":{"self":[{"href":"https:\/\/arantv.az\/index.php?rest_route=\/wp\/v2\/posts\/24049"}],"collection":[{"href":"https:\/\/arantv.az\/index.php?rest_route=\/wp\/v2\/posts"}],"about":[{"href":"https:\/\/arantv.az\/index.php?rest_route=\/wp\/v2\/types\/post"}],"author":[{"embeddable":true,"href":"https:\/\/arantv.az\/index.php?rest_route=\/wp\/v2\/users\/2"}],"replies":[{"embeddable":true,"href":"https:\/\/arantv.az\/index.php?rest_route=%2Fwp%2Fv2%2Fcomments&post=24049"}],"version-history":[{"count":0,"href":"https:\/\/arantv.az\/index.php?rest_route=\/wp\/v2\/posts\/24049\/revisions"}],"wp:featuredmedia":[{"embeddable":true,"href":"https:\/\/arantv.az\/index.php?rest_route=\/wp\/v2\/media\/24050"}],"wp:attachment":[{"href":"https:\/\/arantv.az\/index.php?rest_route=%2Fwp%2Fv2%2Fmedia&parent=24049"}],"wp:term":[{"taxonomy":"category","embeddable":true,"href":"https:\/\/arantv.az\/index.php?rest_route=%2Fwp%2Fv2%2Fcategories&post=24049"},{"taxonomy":"post_tag","embeddable":true,"href":"https:\/\/arantv.az\/index.php?rest_route=%2Fwp%2Fv2%2Ftags&post=24049"}],"curies":[{"name":"wp","href":"https:\/\/api.w.org\/{rel}","templated":true}]}}