{"id":24065,"date":"2018-11-20T08:22:43","date_gmt":"2018-11-20T05:22:43","guid":{"rendered":"http:\/\/arantv.az\/?p=24065"},"modified":"2018-11-20T08:22:43","modified_gmt":"2018-11-20T05:22:43","slug":"az%c9%99rbaycan-millisi-h%c9%99lledici-oyuna-cixir","status":"publish","type":"post","link":"https:\/\/arantv.az\/?p=24065","title":{"rendered":"Az\u0259rbaycan millisi h\u0259lledici oyuna \u00e7\u0131x\u0131r"},"content":{"rendered":"<p>Bu g\u00fcn, noyabr\u0131n 20-d\u0259, Az\u0259rbaycan millisi UEFA Mill\u0259tl\u0259r Liqas\u0131n\u0131n qrup m\u0259rh\u0259l\u0259si \u00e7\u0259r\u00e7iv\u0259sind\u0259 h\u0259lledici oyuna \u00e7\u0131xacaq.<\/p>\n<p><strong>ARANTV.AZ<\/strong>-\u0131n x\u0259b\u0259rin\u0259 g\u00f6r\u0259,\u00a0<strong>Qurban Qurbanov<\/strong>un yetirm\u0259l\u0259ri Pri\u015ftinadak\u0131 \u201cFadil Vokrri\u201dstadionunda Kosovo y\u0131\u011fmas\u0131 il\u0259 qar\u015f\u0131la\u015facaq.<\/p>\n<p>Mat\u00e7 Bak\u0131 vaxt\u0131 il\u0259 saat 23:45-d\u0259 ba\u015flayacaq.<\/p>\n<div id=\"AdributorNativeVideo0\" class=\"AdributorNativeVideo\"><\/div>\n<p>D liqas\u0131n\u0131n 3-c\u00fc qrupunda yer alan Az\u0259rbaycan millisi be\u015f turdan sonra doqquz xalla ikinci pill\u0259d\u0259 q\u0259rarla\u015f\u0131b. Qrupa 11 xalla Kosovo y\u0131\u011fmas\u0131 ba\u015f\u00e7\u0131l\u0131q edir. Farer adalar\u0131 d\u00f6rd xalla \u00fc\u00e7\u00fcnc\u00fc, Malta is\u0259 iki xalla d\u00f6rd\u00fcnc\u00fc yerd\u0259dir.<\/p>\n<p>Az\u0259rbaycan millisi Avropa \u00e7empionat\u0131na v\u0259siq\u0259 u\u011frunda m\u00fcbariz\u0259ni davam etdirm\u0259k \u00fc\u00e7\u00fcn bu g\u00fcn Kosovoda m\u00fctl\u0259q q\u0259l\u0259b\u0259 qazanmal\u0131d\u0131r.oxu.az<\/p>\n","protected":false},"excerpt":{"rendered":"<p>Bu g\u00fcn, noyabr\u0131n 20-d\u0259, Az\u0259rbaycan millisi UEFA Mill\u0259tl\u0259r Liqas\u0131n\u0131n qrup m\u0259rh\u0259l\u0259si \u00e7\u0259r\u00e7iv\u0259sind\u0259 h\u0259lledici oyuna \u00e7\u0131xacaq. ARANTV.AZ-\u0131n x\u0259b\u0259rin\u0259 g\u00f6r\u0259,\u00a0Qurban Qurbanovun yetirm\u0259l\u0259ri Pri\u015ftinadak\u0131 \u201cFadil Vokrri\u201dstadionunda Kosovo y\u0131\u011fmas\u0131 il\u0259 qar\u015f\u0131la\u015facaq. Mat\u00e7 Bak\u0131 vaxt\u0131 il\u0259 saat 23:45-d\u0259 ba\u015flayacaq. D liqas\u0131n\u0131n 3-c\u00fc qrupunda yer alan Az\u0259rbaycan millisi be\u015f turdan sonra doqquz xalla ikinci pill\u0259d\u0259 q\u0259rarla\u015f\u0131b. Qrupa 11 xalla Kosovo y\u0131\u011fmas\u0131 ba\u015f\u00e7\u0131l\u0131q edir. Farer adalar\u0131 d\u00f6rd xalla \u00fc\u00e7\u00fcnc\u00fc, Malta is\u0259 iki xalla d\u00f6rd\u00fcnc\u00fc yerd\u0259dir. Az\u0259rbaycan millisi Avropa \u00e7empionat\u0131na v\u0259siq\u0259 u\u011frunda m\u00fcbariz\u0259ni davam etdirm\u0259k \u00fc\u00e7\u00fcn bu g\u00fcn Kosovoda m\u00fctl\u0259q q\u0259l\u0259b\u0259 qazanmal\u0131d\u0131r.oxu.az<\/p>\n","protected":false},"author":2,"featured_media":24066,"comment_status":"closed","ping_status":"closed","sticky":false,"template":"","format":"standard","meta":{"om_disable_all_campaigns":false,"_monsterinsights_skip_tracking":false,"_monsterinsights_sitenote_active":false,"_monsterinsights_sitenote_note":"","_monsterinsights_sitenote_category":0},"categories":[6],"tags":[],"aioseo_notices":[],"gutentor_comment":0,"rttpg_featured_image_url":{"full":["https:\/\/arantv.az\/wp-content\/uploads\/2018\/11\/c04732b5-1494-4298-81bc-c2073fdb4b3b.jpg",620,413,false],"landscape":["https:\/\/arantv.az\/wp-content\/uploads\/2018\/11\/c04732b5-1494-4298-81bc-c2073fdb4b3b.jpg",620,413,false],"portraits":["https:\/\/arantv.az\/wp-content\/uploads\/2018\/11\/c04732b5-1494-4298-81bc-c2073fdb4b3b.jpg",620,413,false],"thumbnail":["https:\/\/arantv.az\/wp-content\/uploads\/2018\/11\/c04732b5-1494-4298-81bc-c2073fdb4b3b-150x150.jpg",150,150,true],"medium":["https:\/\/arantv.az\/wp-content\/uploads\/2018\/11\/c04732b5-1494-4298-81bc-c2073fdb4b3b-300x200.jpg",300,200,true],"large":["https:\/\/arantv.az\/wp-content\/uploads\/2018\/11\/c04732b5-1494-4298-81bc-c2073fdb4b3b.jpg",620,413,false],"1536x1536":["https:\/\/arantv.az\/wp-content\/uploads\/2018\/11\/c04732b5-1494-4298-81bc-c2073fdb4b3b.jpg",620,413,false],"2048x2048":["https:\/\/arantv.az\/wp-content\/uploads\/2018\/11\/c04732b5-1494-4298-81bc-c2073fdb4b3b.jpg",620,413,false],"post-thumbnail":["https:\/\/arantv.az\/wp-content\/uploads\/2018\/11\/c04732b5-1494-4298-81bc-c2073fdb4b3b-240x172.jpg",240,172,true],"advps-thumb-one":["https:\/\/arantv.az\/wp-content\/uploads\/2018\/11\/c04732b5-1494-4298-81bc-c2073fdb4b3b.jpg",620,413,false]},"rttpg_author":{"display_name":"V\u00fcsal Rafiqo\u011flu","author_link":"https:\/\/arantv.az\/?author=2"},"rttpg_comment":0,"rttpg_category":"<a href=\"https:\/\/arantv.az\/?cat=6\" rel=\"category\">\u0130dman<\/a>","rttpg_excerpt":"Bu g\u00fcn, noyabr\u0131n 20-d\u0259, Az\u0259rbaycan millisi UEFA Mill\u0259tl\u0259r Liqas\u0131n\u0131n qrup m\u0259rh\u0259l\u0259si \u00e7\u0259r\u00e7iv\u0259sind\u0259 h\u0259lledici oyuna \u00e7\u0131xacaq. ARANTV.AZ-\u0131n x\u0259b\u0259rin\u0259 g\u00f6r\u0259,\u00a0Qurban Qurbanovun yetirm\u0259l\u0259ri Pri\u015ftinadak\u0131 \u201cFadil Vokrri\u201dstadionunda Kosovo y\u0131\u011fmas\u0131 il\u0259 qar\u015f\u0131la\u015facaq. Mat\u00e7 Bak\u0131 vaxt\u0131 il\u0259 saat 23:45-d\u0259 ba\u015flayacaq. D liqas\u0131n\u0131n 3-c\u00fc qrupunda yer alan Az\u0259rbaycan millisi be\u015f turdan sonra doqquz xalla ikinci pill\u0259d\u0259 q\u0259rarla\u015f\u0131b. Qrupa 11 xalla Kosovo y\u0131\u011fmas\u0131&hellip;","_links":{"self":[{"href":"https:\/\/arantv.az\/index.php?rest_route=\/wp\/v2\/posts\/24065"}],"collection":[{"href":"https:\/\/arantv.az\/index.php?rest_route=\/wp\/v2\/posts"}],"about":[{"href":"https:\/\/arantv.az\/index.php?rest_route=\/wp\/v2\/types\/post"}],"author":[{"embeddable":true,"href":"https:\/\/arantv.az\/index.php?rest_route=\/wp\/v2\/users\/2"}],"replies":[{"embeddable":true,"href":"https:\/\/arantv.az\/index.php?rest_route=%2Fwp%2Fv2%2Fcomments&post=24065"}],"version-history":[{"count":0,"href":"https:\/\/arantv.az\/index.php?rest_route=\/wp\/v2\/posts\/24065\/revisions"}],"wp:featuredmedia":[{"embeddable":true,"href":"https:\/\/arantv.az\/index.php?rest_route=\/wp\/v2\/media\/24066"}],"wp:attachment":[{"href":"https:\/\/arantv.az\/index.php?rest_route=%2Fwp%2Fv2%2Fmedia&parent=24065"}],"wp:term":[{"taxonomy":"category","embeddable":true,"href":"https:\/\/arantv.az\/index.php?rest_route=%2Fwp%2Fv2%2Fcategories&post=24065"},{"taxonomy":"post_tag","embeddable":true,"href":"https:\/\/arantv.az\/index.php?rest_route=%2Fwp%2Fv2%2Ftags&post=24065"}],"curies":[{"name":"wp","href":"https:\/\/api.w.org\/{rel}","templated":true}]}}