{"id":240740,"date":"2020-11-23T10:58:49","date_gmt":"2020-11-23T07:58:49","guid":{"rendered":"http:\/\/arantv.az\/?p=240740"},"modified":"2020-11-23T10:58:49","modified_gmt":"2020-11-23T07:58:49","slug":"az%c9%99rbaycanlilar-oz-yurdlarina-qayitmaq-ist%c9%99yirl%c9%99r-%c9%99g%c9%99r-bel%c9%99-bir-ev-qalibsa-video","status":"publish","type":"post","link":"https:\/\/arantv.az\/?p=240740","title":{"rendered":"\u201cAz\u0259rbaycanl\u0131lar \u00f6z yurdlar\u0131na qay\u0131tmaq ist\u0259yirl\u0259r, \u0259g\u0259r bel\u0259 bir ev qal\u0131bsa&#8230; \u201d &#8211; V\u0130DEO"},"content":{"rendered":"<article class=\"news\">\n<div class=\"news-inner\">\n<p>\u201cAssociated Press News\u201d agentliyi az\u0259rbaycanl\u0131 m\u0259cburi k\u00f6\u00e7k\u00fcnl\u0259rl\u0259 ba\u011fl\u0131 m\u0259qal\u0259 yay\u0131mlay\u0131b.<\/p>\n<p>\u201cM\u00fcharib\u0259 s\u0259b\u0259bind\u0259n k\u00f6\u00e7k\u00fcn d\u00fc\u015f\u0259n az\u0259rbaycanl\u0131lar evl\u0259rin\u0259 geri qay\u0131tmaq ist\u0259yirl\u0259r, \u0259g\u0259r bel\u0259 bir ev qal\u0131bsa\u201d s\u0259rl\u00f6vh\u0259li reportajda \u0259vv\u0259lc\u0259 Az\u0259rbaycan\u0131n Qaraba\u011fda alt\u0131 h\u0259ft\u0259 davam ed\u0259n u\u011furlu h\u0259rbi \u0259m\u0259liyyatlar\u0131ndan b\u0259hs olunub.<\/p>\n<p>Bildirilib ki, 1990-c\u0131 ill\u0259rd\u0259 m\u00fcharib\u0259 zaman\u0131 az\u0259rbaycanl\u0131lar Qaraba\u011fdan v\u0259 \u0259traf \u0259razil\u0259rd\u0259n \u00e7\u0131xar\u0131l\u0131blar. Alt\u0131 h\u0259ft\u0259lik h\u0259rbi \u0259m\u0259liyyatlardan sonra noyabr\u0131n 10-da Az\u0259rbaycan h\u0259min \u0259razil\u0259r\u0259 n\u0259zar\u0259ti b\u0259rpa etdi.<\/p>\n<div id=\"AdviadNativeVideo0\" class=\"AdviadNativeVideo\"><\/div>\n<p>H\u0259rbi \u0259m\u0259liyyatlara son qoyan raz\u0131la\u015fmaya \u0259sas\u0259n qalan \u0259razil\u0259r d\u0259 Az\u0259rbaycana qaytar\u0131l\u0131r. Az\u0259rbaycan h\u0259rb\u00e7il\u0259ri s\u00fclh yolu il\u0259 qaytar\u0131lan \u0259razil\u0259rd\u0259n birincisi olan A\u011fdama girdikd\u0259 is\u0259 \u015f\u0259h\u0259rin tam bir xarabal\u0131\u011fa \u00e7evrildiyini g\u00f6rd\u00fcl\u0259r.<\/p>\n<p>1992-ci ild\u0259 k\u00f6\u00e7k\u00fcn d\u00fc\u015fm\u00fc\u015f Adil \u015e\u0259rifov adl\u0131 \u015f\u0259xs deyir ki, onun do\u011fma C\u0259bray\u0131l rayonunda da eyni v\u0259ziyy\u0259tdir. Lakin buna baxmayaraq o, C\u0259bray\u0131la geri qay\u0131daca\u011f\u0131 g\u00fcn\u00fcn h\u0259yat\u0131n\u0131n \u0259n xo\u015fb\u0259xt g\u00fcn\u00fc olaca\u011f\u0131n\u0131 qeyd edib.<\/p>\n<p>M\u0259qal\u0259d\u0259 qeyd edilib ki, \u015eu\u015fadan olan 50 ya\u015fl\u0131 \u00dclviyy\u0259 Cumayeva \u0259n az\u0131 daha yax\u015f\u0131 v\u0259ziyy\u0259td\u0259 olan \u015f\u0259h\u0259r\u0259 qay\u0131da bil\u0259c\u0259k. D\u00f6y\u00fc\u015fl\u0259rd\u0259 i\u015ftirak ed\u0259n qarda\u015f\u0131 N\u0259simi ona z\u0259ng edib, bir vaxtlar ya\u015fad\u0131qlar\u0131 evin salamat qald\u0131\u011f\u0131n\u0131 deyib.<\/p>\n<p>Daha \u0259trafl\u0131 Baku TV-nin videos\u00fcjetind\u0259:<\/p>\n<div><iframe loading=\"lazy\" src=\"https:\/\/www.youtube.com\/embed\/6iYy4oVzMEc\" width=\"560\" height=\"315\" frameborder=\"0\" allowfullscreen=\"allowfullscreen\" data-mce-fragment=\"1\"><\/iframe><\/div>\n<\/div>\n<\/article>\n<h2 class=\"news-share-title\"><\/h2>\n","protected":false},"excerpt":{"rendered":"<p>\u201cAssociated Press News\u201d agentliyi az\u0259rbaycanl\u0131 m\u0259cburi k\u00f6\u00e7k\u00fcnl\u0259rl\u0259 ba\u011fl\u0131 m\u0259qal\u0259 yay\u0131mlay\u0131b. \u201cM\u00fcharib\u0259 s\u0259b\u0259bind\u0259n k\u00f6\u00e7k\u00fcn d\u00fc\u015f\u0259n az\u0259rbaycanl\u0131lar evl\u0259rin\u0259 geri qay\u0131tmaq ist\u0259yirl\u0259r, \u0259g\u0259r bel\u0259 bir ev qal\u0131bsa\u201d s\u0259rl\u00f6vh\u0259li reportajda \u0259vv\u0259lc\u0259 Az\u0259rbaycan\u0131n Qaraba\u011fda alt\u0131 h\u0259ft\u0259 davam ed\u0259n u\u011furlu h\u0259rbi \u0259m\u0259liyyatlar\u0131ndan b\u0259hs olunub. Bildirilib ki, 1990-c\u0131 ill\u0259rd\u0259 m\u00fcharib\u0259 zaman\u0131 az\u0259rbaycanl\u0131lar Qaraba\u011fdan v\u0259 \u0259traf \u0259razil\u0259rd\u0259n \u00e7\u0131xar\u0131l\u0131blar. Alt\u0131 h\u0259ft\u0259lik h\u0259rbi \u0259m\u0259liyyatlardan sonra noyabr\u0131n 10-da Az\u0259rbaycan h\u0259min \u0259razil\u0259r\u0259 n\u0259zar\u0259ti b\u0259rpa etdi. H\u0259rbi \u0259m\u0259liyyatlara son qoyan raz\u0131la\u015fmaya \u0259sas\u0259n qalan \u0259razil\u0259r d\u0259 Az\u0259rbaycana qaytar\u0131l\u0131r. Az\u0259rbaycan h\u0259rb\u00e7il\u0259ri s\u00fclh yolu il\u0259 qaytar\u0131lan \u0259razil\u0259rd\u0259n birincisi olan A\u011fdama girdikd\u0259 is\u0259 \u015f\u0259h\u0259rin tam bir xarabal\u0131\u011fa&hellip;<\/p>\n","protected":false},"author":2,"featured_media":240741,"comment_status":"closed","ping_status":"closed","sticky":false,"template":"","format":"standard","meta":{"om_disable_all_campaigns":false,"_monsterinsights_skip_tracking":false,"_monsterinsights_sitenote_active":false,"_monsterinsights_sitenote_note":"","_monsterinsights_sitenote_category":0},"categories":[26],"tags":[],"aioseo_notices":[],"gutentor_comment":0,"rttpg_featured_image_url":{"full":["https:\/\/arantv.az\/wp-content\/uploads\/2020\/11\/a\u00c4_dam-3.jpg",620,413,false],"landscape":["https:\/\/arantv.az\/wp-content\/uploads\/2020\/11\/a\u00c4_dam-3.jpg",620,413,false],"portraits":["https:\/\/arantv.az\/wp-content\/uploads\/2020\/11\/a\u00c4_dam-3.jpg",620,413,false],"thumbnail":["https:\/\/arantv.az\/wp-content\/uploads\/2020\/11\/a\u00c4_dam-3-150x150.jpg",150,150,true],"medium":["https:\/\/arantv.az\/wp-content\/uploads\/2020\/11\/a\u00c4_dam-3-300x200.jpg",300,200,true],"large":["https:\/\/arantv.az\/wp-content\/uploads\/2020\/11\/a\u00c4_dam-3.jpg",620,413,false],"1536x1536":["https:\/\/arantv.az\/wp-content\/uploads\/2020\/11\/a\u00c4_dam-3.jpg",620,413,false],"2048x2048":["https:\/\/arantv.az\/wp-content\/uploads\/2020\/11\/a\u00c4_dam-3.jpg",620,413,false],"post-thumbnail":["https:\/\/arantv.az\/wp-content\/uploads\/2020\/11\/a\u00c4_dam-3-240x172.jpg",240,172,true],"advps-thumb-one":["https:\/\/arantv.az\/wp-content\/uploads\/2020\/11\/a\u00c4_dam-3.jpg",620,413,false]},"rttpg_author":{"display_name":"V\u00fcsal Rafiqo\u011flu","author_link":"https:\/\/arantv.az\/?author=2"},"rttpg_comment":0,"rttpg_category":"<a href=\"https:\/\/arantv.az\/?cat=26\" rel=\"category\">Sosial<\/a>","rttpg_excerpt":"\u201cAssociated Press News\u201d agentliyi az\u0259rbaycanl\u0131 m\u0259cburi k\u00f6\u00e7k\u00fcnl\u0259rl\u0259 ba\u011fl\u0131 m\u0259qal\u0259 yay\u0131mlay\u0131b. \u201cM\u00fcharib\u0259 s\u0259b\u0259bind\u0259n k\u00f6\u00e7k\u00fcn d\u00fc\u015f\u0259n az\u0259rbaycanl\u0131lar evl\u0259rin\u0259 geri qay\u0131tmaq ist\u0259yirl\u0259r, \u0259g\u0259r bel\u0259 bir ev qal\u0131bsa\u201d s\u0259rl\u00f6vh\u0259li reportajda \u0259vv\u0259lc\u0259 Az\u0259rbaycan\u0131n Qaraba\u011fda alt\u0131 h\u0259ft\u0259 davam ed\u0259n u\u011furlu h\u0259rbi \u0259m\u0259liyyatlar\u0131ndan b\u0259hs olunub. Bildirilib ki, 1990-c\u0131 ill\u0259rd\u0259 m\u00fcharib\u0259 zaman\u0131 az\u0259rbaycanl\u0131lar Qaraba\u011fdan v\u0259 \u0259traf \u0259razil\u0259rd\u0259n \u00e7\u0131xar\u0131l\u0131blar. Alt\u0131 h\u0259ft\u0259lik h\u0259rbi \u0259m\u0259liyyatlardan sonra&hellip;","_links":{"self":[{"href":"https:\/\/arantv.az\/index.php?rest_route=\/wp\/v2\/posts\/240740"}],"collection":[{"href":"https:\/\/arantv.az\/index.php?rest_route=\/wp\/v2\/posts"}],"about":[{"href":"https:\/\/arantv.az\/index.php?rest_route=\/wp\/v2\/types\/post"}],"author":[{"embeddable":true,"href":"https:\/\/arantv.az\/index.php?rest_route=\/wp\/v2\/users\/2"}],"replies":[{"embeddable":true,"href":"https:\/\/arantv.az\/index.php?rest_route=%2Fwp%2Fv2%2Fcomments&post=240740"}],"version-history":[{"count":0,"href":"https:\/\/arantv.az\/index.php?rest_route=\/wp\/v2\/posts\/240740\/revisions"}],"wp:featuredmedia":[{"embeddable":true,"href":"https:\/\/arantv.az\/index.php?rest_route=\/wp\/v2\/media\/240741"}],"wp:attachment":[{"href":"https:\/\/arantv.az\/index.php?rest_route=%2Fwp%2Fv2%2Fmedia&parent=240740"}],"wp:term":[{"taxonomy":"category","embeddable":true,"href":"https:\/\/arantv.az\/index.php?rest_route=%2Fwp%2Fv2%2Fcategories&post=240740"},{"taxonomy":"post_tag","embeddable":true,"href":"https:\/\/arantv.az\/index.php?rest_route=%2Fwp%2Fv2%2Ftags&post=240740"}],"curies":[{"name":"wp","href":"https:\/\/api.w.org\/{rel}","templated":true}]}}