{"id":240748,"date":"2020-11-23T11:04:28","date_gmt":"2020-11-23T08:04:28","guid":{"rendered":"http:\/\/arantv.az\/?p=240748"},"modified":"2020-11-23T11:04:28","modified_gmt":"2020-11-23T08:04:28","slug":"v%c9%99t%c9%99n-muharib%c9%99si-s%c9%99hidinin-yarimciq-qalan-evini-nazirlik-tik%c9%99c%c9%99k-foto","status":"publish","type":"post","link":"https:\/\/arantv.az\/?p=240748","title":{"rendered":"V\u0259t\u0259n M\u00fcharib\u0259si \u015f\u0259hidinin yar\u0131m\u00e7\u0131q qalan evini nazirlik tik\u0259c\u0259k &#8211; FOTO"},"content":{"rendered":"<p>\u201c\u018fm\u0259k v\u0259 \u018fhalinin Sosial M\u00fcdafi\u0259si Nazirliyi V\u0259t\u0259n M\u00fcharib\u0259sind\u0259 \u015f\u0259hid olmu\u015f q\u0259hr\u0259man\u0131m\u0131z\u0131n tikintisi yar\u0131m\u00e7\u0131q qalm\u0131\u015f evinin in\u015fas\u0131n\u0131 ba\u015fa \u00e7atd\u0131racaq\u201d.<\/p>\n<p>Bu bar\u0259d\u0259 nazirliyin \u0130ctimaiyy\u0259tl\u0259 \u0259laq\u0259l\u0259r v\u0259 kommunikasiya \u015f\u00f6b\u0259sinin m\u00fcdiri Fazil Tal\u0131bov m\u0259lumat verib.<\/p>\n<p>O bildirib ki, V\u0259t\u0259n M\u00fcharib\u0259sind\u0259 \u015f\u0259hidlik zirv\u0259sin\u0259 ucalm\u0131\u015f Q\u0259ribov Asif S\u0259xav\u0259t o\u011flunun ail\u0259sinin maddi v\u0259ziyy\u0259ti, a\u011f\u0131r ev \u015f\u0259raiti bar\u0259d\u0259 sosial \u015f\u0259b\u0259k\u0259\u00a0<a href=\"https:\/\/www.facebook.com\/azerbaijanreality89\/photos\/a.165659680463006\/1301496940212602\/\" target=\"_blank\" rel=\"noopener\">s\u0259hif\u0259l\u0259rind\u0259n<\/a>\u00a0birind\u0259n m\u0259lumat \u0259ld\u0259 edilib:<\/p>\n<p>\u201cM\u0259lumatla \u0259laq\u0259dar nazirliyin\u00a0\u0259m\u0259kda\u015flar\u0131 \u015eirvan \u015f\u0259h\u0259rind\u0259 ya\u015fayan h\u0259min ail\u0259 il\u0259 g\u00f6r\u00fc\u015fd\u00fcl\u0259r. \u015e\u0259hidimizin ail\u0259si \u00fc\u00e7 n\u0259f\u0259rd\u0259n (anas\u0131 Q\u0259ribova M\u0259rm\u0259r Q\u0259rib q\u0131z\u0131ndan v\u0259\u00a0azya\u015fl\u0131 bac\u0131 v\u0259 qarda\u015f\u0131ndan) ibar\u0259tdir.<\/p>\n<p>V\u0259t\u0259n M\u00fcharib\u0259sin\u0259 getm\u0259zd\u0259n \u00f6nc\u0259 Asif i\u015fl\u0259y\u0259r\u0259k, ail\u0259si \u00fc\u00e7\u00fcn ev tikdirirmi\u015f. Nazirlik V\u0259t\u0259n M\u00fcharib\u0259sind\u0259 \u015f\u0259hid olmu\u015f q\u0259hr\u0259man\u0131m\u0131z\u0131n tikintisi yar\u0131m\u00e7\u0131q qalm\u0131\u015f evinin in\u015fas\u0131n\u0131 sosial t\u0259r\u0259fda\u015flarla birg\u0259 ba\u015fa \u00e7atd\u0131racaq\u201d.<\/p>\n<p>\u201cHaz\u0131rda ail\u0259y\u0259 ail\u0259 ba\u015f\u00e7\u0131s\u0131n\u0131 itirm\u0259y\u0259 g\u00f6r\u0259 m\u00fcavin\u0259t v\u0259 \u00fcnvanl\u0131 sosial yard\u0131m formas\u0131nda sosial \u00f6d\u0259ni\u015fl\u0259r (\u00fcmumilikd\u0259 ayl\u0131q 445 manat) verilir. Z\u0259ruri s\u0259n\u0259dl\u0259\u015fm\u0259d\u0259n sonra onlara Prezidentin ayl\u0131q t\u0259qa\u00fcd\u00fc (300 manat) d\u0259 t\u0259yin olunacaq.<\/p>\n<p>Eyni zamanda, \u00f6z\u00fcn\u00fcm\u0259\u015f\u011fulluq proqram\u0131 \u00e7\u0259r\u00e7iv\u0259sind\u0259 \u015f\u0259hidin anas\u0131 M.Q\u0259ribova \u00fc\u00e7\u00fcn ki\u00e7ik m\u00fc\u0259ssis\u0259 yarad\u0131lmas\u0131 da q\u0259rara al\u0131n\u0131b\u201d, &#8211; dey\u0259 F.Tal\u0131bov \u0259lav\u0259 edib.<\/p>\n<div class=\"gallery\">\n<div class=\"gallery-i\"><img src=\"https:\/\/cdn.oxu.az\/uploads\/W1siZiIsIjIwMjAvMTEvMjMvMTEvMzMvNDcvMTYwZTdjMmMtNjYwOS00NDcyLWJmOTQtNTJlNWZlY2UyNjQ1L2V2IHNla2lsIDMuanBnIl0sWyJwIiwiZW5jb2RlIiwianBnIiwiLXF1YWxpdHkgODAiXSxbInAiLCJ0aHVtYiIsIjU5MHg1OTBcdTAwM2UiXV0?sha=8abefd0a32fff606\" alt=\"\" \/><\/p>\n<div class=\"gallery-i-caption\"><\/div>\n<\/div>\n<div class=\"gallery-i\"><img src=\"https:\/\/cdn.oxu.az\/uploads\/W1siZiIsIjIwMjAvMTEvMjMvMTEvMzMvNDcvNzI3MDRiMDQtMmZhMy00MGY2LTg1ZmQtY2M3MjlhNTI3YjkyL2V2IGJhcyBzZWtpbC5qcGciXSxbInAiLCJlbmNvZGUiLCJqcGciLCItcXVhbGl0eSA4MCJdLFsicCIsInRodW1iIiwiNTkweDU5MFx1MDAzZSJdXQ?sha=7bfd5b01d8d795c9\" alt=\"\" \/><\/p>\n<div class=\"gallery-i-caption\"><\/div>\n<\/div>\n<div class=\"gallery-i\"><img src=\"https:\/\/cdn.oxu.az\/uploads\/W1siZiIsIjIwMjAvMTEvMjMvMTEvMzMvNDcvNmNiYjQ4NWEtYjQ4ZS00NjFlLTkzZTktNDEyOGQzMTU5ZjdlL2V2IHNla2lsaSAxLmpwZyJdLFsicCIsImVuY29kZSIsImpwZyIsIi1xdWFsaXR5IDgwIl0sWyJwIiwidGh1bWIiLCI1OTB4NTkwXHUwMDNlIl1d?sha=86c30c099b6ede36\" alt=\"\" \/><\/p>\n<div class=\"gallery-i-caption\"><\/div>\n<\/div>\n<div class=\"gallery-i\"><img src=\"https:\/\/cdn.oxu.az\/uploads\/W1siZiIsIjIwMjAvMTEvMjMvMTEvMzMvNDcvMDkwZGI2NWQtOGQ3NC00ODQ3LTgwMjAtN2E5YzY3NmQ4YmY0L2V2dnYgc2VraWxpLmpwZyJdLFsicCIsImVuY29kZSIsImpwZyIsIi1xdWFsaXR5IDgwIl0sWyJwIiwidGh1bWIiLCI1OTB4NTkwXHUwMDNlIl1d?sha=6713701790855798\" alt=\"\" \/><\/div>\n<\/div>\n","protected":false},"excerpt":{"rendered":"<p>\u201c\u018fm\u0259k v\u0259 \u018fhalinin Sosial M\u00fcdafi\u0259si Nazirliyi V\u0259t\u0259n M\u00fcharib\u0259sind\u0259 \u015f\u0259hid olmu\u015f q\u0259hr\u0259man\u0131m\u0131z\u0131n tikintisi yar\u0131m\u00e7\u0131q qalm\u0131\u015f evinin in\u015fas\u0131n\u0131 ba\u015fa \u00e7atd\u0131racaq\u201d. Bu bar\u0259d\u0259 nazirliyin \u0130ctimaiyy\u0259tl\u0259 \u0259laq\u0259l\u0259r v\u0259 kommunikasiya \u015f\u00f6b\u0259sinin m\u00fcdiri Fazil Tal\u0131bov m\u0259lumat verib. O bildirib ki, V\u0259t\u0259n M\u00fcharib\u0259sind\u0259 \u015f\u0259hidlik zirv\u0259sin\u0259 ucalm\u0131\u015f Q\u0259ribov Asif S\u0259xav\u0259t o\u011flunun ail\u0259sinin maddi v\u0259ziyy\u0259ti, a\u011f\u0131r ev \u015f\u0259raiti bar\u0259d\u0259 sosial \u015f\u0259b\u0259k\u0259\u00a0s\u0259hif\u0259l\u0259rind\u0259n\u00a0birind\u0259n m\u0259lumat \u0259ld\u0259 edilib: \u201cM\u0259lumatla \u0259laq\u0259dar nazirliyin\u00a0\u0259m\u0259kda\u015flar\u0131 \u015eirvan \u015f\u0259h\u0259rind\u0259 ya\u015fayan h\u0259min ail\u0259 il\u0259 g\u00f6r\u00fc\u015fd\u00fcl\u0259r. \u015e\u0259hidimizin ail\u0259si \u00fc\u00e7 n\u0259f\u0259rd\u0259n (anas\u0131 Q\u0259ribova M\u0259rm\u0259r Q\u0259rib q\u0131z\u0131ndan v\u0259\u00a0azya\u015fl\u0131 bac\u0131 v\u0259 qarda\u015f\u0131ndan) ibar\u0259tdir. V\u0259t\u0259n M\u00fcharib\u0259sin\u0259 getm\u0259zd\u0259n \u00f6nc\u0259 Asif i\u015fl\u0259y\u0259r\u0259k, ail\u0259si \u00fc\u00e7\u00fcn ev tikdirirmi\u015f. Nazirlik&hellip;<\/p>\n","protected":false},"author":2,"featured_media":240749,"comment_status":"closed","ping_status":"closed","sticky":false,"template":"","format":"standard","meta":{"om_disable_all_campaigns":false,"_monsterinsights_skip_tracking":false,"_monsterinsights_sitenote_active":false,"_monsterinsights_sitenote_note":"","_monsterinsights_sitenote_category":0},"categories":[26],"tags":[],"aioseo_notices":[],"gutentor_comment":0,"rttpg_featured_image_url":{"full":["https:\/\/arantv.az\/wp-content\/uploads\/2020\/11\/ev-bas-sekil.jpg",620,465,false],"landscape":["https:\/\/arantv.az\/wp-content\/uploads\/2020\/11\/ev-bas-sekil.jpg",620,465,false],"portraits":["https:\/\/arantv.az\/wp-content\/uploads\/2020\/11\/ev-bas-sekil.jpg",620,465,false],"thumbnail":["https:\/\/arantv.az\/wp-content\/uploads\/2020\/11\/ev-bas-sekil-150x150.jpg",150,150,true],"medium":["https:\/\/arantv.az\/wp-content\/uploads\/2020\/11\/ev-bas-sekil-300x225.jpg",300,225,true],"large":["https:\/\/arantv.az\/wp-content\/uploads\/2020\/11\/ev-bas-sekil.jpg",620,465,false],"1536x1536":["https:\/\/arantv.az\/wp-content\/uploads\/2020\/11\/ev-bas-sekil.jpg",620,465,false],"2048x2048":["https:\/\/arantv.az\/wp-content\/uploads\/2020\/11\/ev-bas-sekil.jpg",620,465,false],"post-thumbnail":["https:\/\/arantv.az\/wp-content\/uploads\/2020\/11\/ev-bas-sekil-240x172.jpg",240,172,true],"advps-thumb-one":["https:\/\/arantv.az\/wp-content\/uploads\/2020\/11\/ev-bas-sekil.jpg",620,465,false]},"rttpg_author":{"display_name":"V\u00fcsal Rafiqo\u011flu","author_link":"https:\/\/arantv.az\/?author=2"},"rttpg_comment":0,"rttpg_category":"<a href=\"https:\/\/arantv.az\/?cat=26\" rel=\"category\">Sosial<\/a>","rttpg_excerpt":"\u201c\u018fm\u0259k v\u0259 \u018fhalinin Sosial M\u00fcdafi\u0259si Nazirliyi V\u0259t\u0259n M\u00fcharib\u0259sind\u0259 \u015f\u0259hid olmu\u015f q\u0259hr\u0259man\u0131m\u0131z\u0131n tikintisi yar\u0131m\u00e7\u0131q qalm\u0131\u015f evinin in\u015fas\u0131n\u0131 ba\u015fa \u00e7atd\u0131racaq\u201d. Bu bar\u0259d\u0259 nazirliyin \u0130ctimaiyy\u0259tl\u0259 \u0259laq\u0259l\u0259r v\u0259 kommunikasiya \u015f\u00f6b\u0259sinin m\u00fcdiri Fazil Tal\u0131bov m\u0259lumat verib. O bildirib ki, V\u0259t\u0259n M\u00fcharib\u0259sind\u0259 \u015f\u0259hidlik zirv\u0259sin\u0259 ucalm\u0131\u015f Q\u0259ribov Asif S\u0259xav\u0259t o\u011flunun ail\u0259sinin maddi v\u0259ziyy\u0259ti, a\u011f\u0131r ev \u015f\u0259raiti bar\u0259d\u0259 sosial \u015f\u0259b\u0259k\u0259\u00a0s\u0259hif\u0259l\u0259rind\u0259n\u00a0birind\u0259n m\u0259lumat \u0259ld\u0259 edilib:&hellip;","_links":{"self":[{"href":"https:\/\/arantv.az\/index.php?rest_route=\/wp\/v2\/posts\/240748"}],"collection":[{"href":"https:\/\/arantv.az\/index.php?rest_route=\/wp\/v2\/posts"}],"about":[{"href":"https:\/\/arantv.az\/index.php?rest_route=\/wp\/v2\/types\/post"}],"author":[{"embeddable":true,"href":"https:\/\/arantv.az\/index.php?rest_route=\/wp\/v2\/users\/2"}],"replies":[{"embeddable":true,"href":"https:\/\/arantv.az\/index.php?rest_route=%2Fwp%2Fv2%2Fcomments&post=240748"}],"version-history":[{"count":0,"href":"https:\/\/arantv.az\/index.php?rest_route=\/wp\/v2\/posts\/240748\/revisions"}],"wp:featuredmedia":[{"embeddable":true,"href":"https:\/\/arantv.az\/index.php?rest_route=\/wp\/v2\/media\/240749"}],"wp:attachment":[{"href":"https:\/\/arantv.az\/index.php?rest_route=%2Fwp%2Fv2%2Fmedia&parent=240748"}],"wp:term":[{"taxonomy":"category","embeddable":true,"href":"https:\/\/arantv.az\/index.php?rest_route=%2Fwp%2Fv2%2Fcategories&post=240748"},{"taxonomy":"post_tag","embeddable":true,"href":"https:\/\/arantv.az\/index.php?rest_route=%2Fwp%2Fv2%2Ftags&post=240748"}],"curies":[{"name":"wp","href":"https:\/\/api.w.org\/{rel}","templated":true}]}}