{"id":240752,"date":"2020-11-23T11:10:30","date_gmt":"2020-11-23T08:10:30","guid":{"rendered":"http:\/\/arantv.az\/?p=240752"},"modified":"2020-11-23T11:10:30","modified_gmt":"2020-11-23T08:10:30","slug":"bu-s%c9%99xsl%c9%99r%c9%99-qaz-isiq-su-pulsuz-veril%c9%99c%c9%99k","status":"publish","type":"post","link":"https:\/\/arantv.az\/?p=240752","title":{"rendered":"Bu \u015f\u0259xsl\u0259r\u0259 qaz, i\u015f\u0131q, su pulsuz veril\u0259c\u0259k?"},"content":{"rendered":"<p>44 g\u00fcnl\u00fck davam V\u0259t\u0259n M\u00fcharib\u0259si Az\u0259rbaycan\u0131n q\u0259l\u0259b\u0259si il\u0259 n\u0259tic\u0259l\u0259ndi. Bu g\u00fcn t\u0259klif olunan m\u0259s\u0259l\u0259l\u0259rd\u0259n biri d\u0259 \u015f\u0259hid v\u0259 qazi ail\u0259l\u0259rinin kommunl xidm\u0259td\u0259n pulsuz yararlanmas\u0131d\u0131r. M\u00fcharib\u0259d\u0259n sonra kommunl xidm\u0259tl\u0259r \u015f\u0259hid v\u0259 qazi ail\u0259l\u0259ri \u00fc\u00e7\u00fcn pulsuz ola bil\u0259rmi?<\/p>\n<p><strong>ARNTV.AZ<\/strong>\u00a0\u00a0<a title=\"xeberler son xeberler 2020\" href=\"https:\/\/big.az\/\" target=\"_blank\" rel=\"noopener\">x\u0259b\u0259r<\/a>\u00a0verir ki, bununla ba\u011fl\u0131\u00a0<a title=\"en son xeberler 2020\" href=\"https:\/\/sonxeber.az\/\" target=\"_blank\" rel=\"noopener\">Sonxeber.az<\/a>-a dan\u0131\u015fan deputat Ceyhun M\u0259mm\u0259dov bildirib ki, Az\u0259rbaycan d\u00f6vl\u0259ti \u015f\u0259hid ail\u0259l\u0259rin\u0259 b\u00f6y\u00fck diqq\u0259t v\u0259 qay\u011f\u0131 g\u00f6st\u0259rib:<\/p>\n<p>&#8220;Onlar\u0131n sosial probleml\u0259ri il\u0259 ba\u011fl\u0131 ard\u0131c\u0131l m\u0259qs\u0259d\u0259uy\u011fun add\u0131mlar at\u0131lmaqdad\u0131r. Evl\u0259 t\u0259minat\u0131 istiqam\u0259tind\u0259 i\u015fl\u0259r g\u00f6r\u00fcl\u00fcr, sosial durumlar\u0131 daha da yax\u015f\u0131la\u015fd\u0131r\u0131l\u0131r.<\/p>\n<p>\u015e\u0259hid ail\u0259l\u0259ri v\u0259 m\u00fcharib\u0259 i\u015ftirak\u00e7\u0131lar\u0131 il\u0259 ba\u011fl\u0131 d\u00f6vl\u0259tin ad\u0131c\u0131l layih\u0259l\u0259ri olub. Bu sah\u0259y\u0259 d\u00f6vl\u0259timiz x\u00fcsusi qay\u011f\u0131 g\u00f6st\u0259rib. Bildiyiniz kimi, bu yax\u0131nlarda Nazirl\u0259r Kabineti \u0130kinci Qaraba\u011f M\u00fcharib\u0259si d\u00f6vr\u00fcnd\u0259 G\u0259nc\u0259y\u0259 v\u0259 dig\u0259r \u015f\u0259h\u0259rl\u0259r\u0259 h\u00fccum zaman\u0131 \u00f6ld\u00fcr\u00fcl\u0259n v\u0259t\u0259nda\u015flar\u0131n \u015f\u0259hid statusu verilm\u0259si il\u0259 ba\u011fl\u0131 q\u0259rar verdi.Art\u0131q \u0130kinci Qaraba\u011f M\u00fcharib\u0259si h\u0259rbi yolla h\u0259yata ke\u00e7irilm\u0259si dayand\u0131r\u0131l\u0131b. Haz\u0131rda siyasi m\u00fcst\u0259vid\u0259yik&#8221;.<\/p>\n<p>Deputat vur\u011fulay\u0131b ki, haz\u0131rda d\u00f6vl\u0259t qurumlar\u0131 ard\u0131c\u0131l v\u0259 m\u0259qs\u0259dy\u00f6n\u00fcnl\u00fc add\u0131mlar\u0131 davam etdirir:<\/p>\n<p>&#8220;Y\u0259ni hans\u0131 g\u00fcz\u0259\u015f\u0259tl\u0259r edil\u0259 bil\u0259r v\u0259 bununla ba\u011fl\u0131 yax\u0131n g\u00fcnl\u0259rd\u0259 add\u0131mlar\u0131n at\u0131lmas\u0131 n\u0259z\u0259rd\u0259 tutulur. Kommunal x\u0259rcl\u0259rin pulsuz olmas\u0131 m\u0259s\u0259l\u0259si d\u0259 t\u0259klif kimi ir\u0259li s\u00fcr\u00fcl\u0259 bil\u0259r. Bu katoqoriyadan olan insanlara d\u00f6vl\u0259t t\u0259r\u0259fd\u0259n g\u00fcz\u0259\u015ftl\u0259r edilir. 44 g\u00fcnl\u00fck V\u0259t\u0259n m\u00fcharib\u0259sind\u0259 \u015f\u0259hid olan v\u0259 yaralanan o\u011fullar\u0131m\u0131z oldu. Onlarla ba\u011fl\u0131 d\u00f6vl\u0259t m\u00fc\u0259yy\u0259n layih\u0259l\u0259 \u00fczr\u0259 i\u015fl\u0259yir. Ham\u0131 \u0259min olsun ki, \u0130kinci Qaraba\u011f M\u00fcharib\u0259si d\u00f6vr\u00fcnd\u0259 d\u0259 \u015f\u0259hid olan ail\u0259l\u0259rin sosial t\u0259minat\u0131n\u0131n yax\u015f\u0131la\u015fd\u0131r\u0131lmas\u0131 v\u0259 g\u00fcz\u0259\u015ftl\u0259rin t\u0259dbirl\u0259rin g\u00f6r\u00fclm\u0259si istiqam\u0259tind\u0259 ard\u0131c\u0131l t\u0259dbirl\u0259ri g\u00f6rm\u0259y\u0259 davam ed\u0259c\u0259k. Komunal x\u0259rcl\u0259rl\u0259 ba\u011fl\u0131 m\u0259s\u0259l\u0259 t\u0259klif kimi n\u0259z\u0259rd\u0259n ke\u00e7iril\u0259 bil\u0259r. Haz\u0131rsa c\u0259nab pezident g\u00f6st\u0259ri\u015f verib. Ali Ba\u015f Komandan \u00e7\u0131x\u0131\u015flar\u0131nda da qeyd edib ki, \u015f\u0259hid ail\u0259l\u0259rin evl\u0259 t\u0259min olunmas\u0131 istiqam\u0259tind\u0259 d\u00f6vl\u0259t m\u00fc\u0259yy\u0259n i\u015fl\u0259r g\u00f6r\u00fcr. \u00dcmumiyy\u0259tl\u0259 \u015f\u0259hidl\u0259rimizin v\u0259 qazil\u0259rimizin r\u0259\u015fad\u0259tini y\u00fcks\u0259k qiym\u0259tl\u0259ndirir. Onlar\u0131n sosial durumunu yax\u015f\u0131la\u015fd\u0131r\u0131lmas\u0131 il\u0259 ba\u011fl\u0131 m\u00fcvafiq strukturlara g\u00f6st\u0259ri\u015f verilib. Ham\u0131 \u0259min olsun bu insanlar\u0131n r\u0259\u015fad\u0259ti, q\u0259hr\u0259manl\u0131\u011f\u0131 v\u0259 g\u00f6rd\u00fcy\u00fc i\u015fl\u0259ri y\u00fcks\u0259k qiym\u0259tl\u0259ndiril\u0259c\u0259k, ail\u0259 \u00fczvl\u0259rinin hans\u0131sa \u00e7\u0259tinlik ya\u015famamas\u0131 \u00fc\u00e7\u00fcn laz\u0131m olan add\u0131mlar at\u0131lacaq&#8221;.<\/p>\n","protected":false},"excerpt":{"rendered":"<p>44 g\u00fcnl\u00fck davam V\u0259t\u0259n M\u00fcharib\u0259si Az\u0259rbaycan\u0131n q\u0259l\u0259b\u0259si il\u0259 n\u0259tic\u0259l\u0259ndi. Bu g\u00fcn t\u0259klif olunan m\u0259s\u0259l\u0259l\u0259rd\u0259n biri d\u0259 \u015f\u0259hid v\u0259 qazi ail\u0259l\u0259rinin kommunl xidm\u0259td\u0259n pulsuz yararlanmas\u0131d\u0131r. M\u00fcharib\u0259d\u0259n sonra kommunl xidm\u0259tl\u0259r \u015f\u0259hid v\u0259 qazi ail\u0259l\u0259ri \u00fc\u00e7\u00fcn pulsuz ola bil\u0259rmi? ARNTV.AZ\u00a0\u00a0x\u0259b\u0259r\u00a0verir ki, bununla ba\u011fl\u0131\u00a0Sonxeber.az-a dan\u0131\u015fan deputat Ceyhun M\u0259mm\u0259dov bildirib ki, Az\u0259rbaycan d\u00f6vl\u0259ti \u015f\u0259hid ail\u0259l\u0259rin\u0259 b\u00f6y\u00fck diqq\u0259t v\u0259 qay\u011f\u0131 g\u00f6st\u0259rib: &#8220;Onlar\u0131n sosial probleml\u0259ri il\u0259 ba\u011fl\u0131 ard\u0131c\u0131l m\u0259qs\u0259d\u0259uy\u011fun add\u0131mlar at\u0131lmaqdad\u0131r. Evl\u0259 t\u0259minat\u0131 istiqam\u0259tind\u0259 i\u015fl\u0259r g\u00f6r\u00fcl\u00fcr, sosial durumlar\u0131 daha da yax\u015f\u0131la\u015fd\u0131r\u0131l\u0131r. \u015e\u0259hid ail\u0259l\u0259ri v\u0259 m\u00fcharib\u0259 i\u015ftirak\u00e7\u0131lar\u0131 il\u0259 ba\u011fl\u0131 d\u00f6vl\u0259tin ad\u0131c\u0131l layih\u0259l\u0259ri olub. Bu sah\u0259y\u0259 d\u00f6vl\u0259timiz x\u00fcsusi qay\u011f\u0131&hellip;<\/p>\n","protected":false},"author":2,"featured_media":240753,"comment_status":"closed","ping_status":"closed","sticky":false,"template":"","format":"standard","meta":{"om_disable_all_campaigns":false,"_monsterinsights_skip_tracking":false,"_monsterinsights_sitenote_active":false,"_monsterinsights_sitenote_note":"","_monsterinsights_sitenote_category":0},"categories":[26],"tags":[],"aioseo_notices":[],"gutentor_comment":0,"rttpg_featured_image_url":{"full":["https:\/\/arantv.az\/wp-content\/uploads\/2020\/11\/pulsuz.jpg",550,366,false],"landscape":["https:\/\/arantv.az\/wp-content\/uploads\/2020\/11\/pulsuz.jpg",550,366,false],"portraits":["https:\/\/arantv.az\/wp-content\/uploads\/2020\/11\/pulsuz.jpg",550,366,false],"thumbnail":["https:\/\/arantv.az\/wp-content\/uploads\/2020\/11\/pulsuz-150x150.jpg",150,150,true],"medium":["https:\/\/arantv.az\/wp-content\/uploads\/2020\/11\/pulsuz-300x200.jpg",300,200,true],"large":["https:\/\/arantv.az\/wp-content\/uploads\/2020\/11\/pulsuz.jpg",550,366,false],"1536x1536":["https:\/\/arantv.az\/wp-content\/uploads\/2020\/11\/pulsuz.jpg",550,366,false],"2048x2048":["https:\/\/arantv.az\/wp-content\/uploads\/2020\/11\/pulsuz.jpg",550,366,false],"post-thumbnail":["https:\/\/arantv.az\/wp-content\/uploads\/2020\/11\/pulsuz-240x172.jpg",240,172,true],"advps-thumb-one":["https:\/\/arantv.az\/wp-content\/uploads\/2020\/11\/pulsuz.jpg",550,366,false]},"rttpg_author":{"display_name":"V\u00fcsal Rafiqo\u011flu","author_link":"https:\/\/arantv.az\/?author=2"},"rttpg_comment":0,"rttpg_category":"<a href=\"https:\/\/arantv.az\/?cat=26\" rel=\"category\">Sosial<\/a>","rttpg_excerpt":"44 g\u00fcnl\u00fck davam V\u0259t\u0259n M\u00fcharib\u0259si Az\u0259rbaycan\u0131n q\u0259l\u0259b\u0259si il\u0259 n\u0259tic\u0259l\u0259ndi. Bu g\u00fcn t\u0259klif olunan m\u0259s\u0259l\u0259l\u0259rd\u0259n biri d\u0259 \u015f\u0259hid v\u0259 qazi ail\u0259l\u0259rinin kommunl xidm\u0259td\u0259n pulsuz yararlanmas\u0131d\u0131r. M\u00fcharib\u0259d\u0259n sonra kommunl xidm\u0259tl\u0259r \u015f\u0259hid v\u0259 qazi ail\u0259l\u0259ri \u00fc\u00e7\u00fcn pulsuz ola bil\u0259rmi? ARNTV.AZ\u00a0\u00a0x\u0259b\u0259r\u00a0verir ki, bununla ba\u011fl\u0131\u00a0Sonxeber.az-a dan\u0131\u015fan deputat Ceyhun M\u0259mm\u0259dov bildirib ki, Az\u0259rbaycan d\u00f6vl\u0259ti \u015f\u0259hid ail\u0259l\u0259rin\u0259 b\u00f6y\u00fck diqq\u0259t v\u0259 qay\u011f\u0131 g\u00f6st\u0259rib:&hellip;","_links":{"self":[{"href":"https:\/\/arantv.az\/index.php?rest_route=\/wp\/v2\/posts\/240752"}],"collection":[{"href":"https:\/\/arantv.az\/index.php?rest_route=\/wp\/v2\/posts"}],"about":[{"href":"https:\/\/arantv.az\/index.php?rest_route=\/wp\/v2\/types\/post"}],"author":[{"embeddable":true,"href":"https:\/\/arantv.az\/index.php?rest_route=\/wp\/v2\/users\/2"}],"replies":[{"embeddable":true,"href":"https:\/\/arantv.az\/index.php?rest_route=%2Fwp%2Fv2%2Fcomments&post=240752"}],"version-history":[{"count":0,"href":"https:\/\/arantv.az\/index.php?rest_route=\/wp\/v2\/posts\/240752\/revisions"}],"wp:featuredmedia":[{"embeddable":true,"href":"https:\/\/arantv.az\/index.php?rest_route=\/wp\/v2\/media\/240753"}],"wp:attachment":[{"href":"https:\/\/arantv.az\/index.php?rest_route=%2Fwp%2Fv2%2Fmedia&parent=240752"}],"wp:term":[{"taxonomy":"category","embeddable":true,"href":"https:\/\/arantv.az\/index.php?rest_route=%2Fwp%2Fv2%2Fcategories&post=240752"},{"taxonomy":"post_tag","embeddable":true,"href":"https:\/\/arantv.az\/index.php?rest_route=%2Fwp%2Fv2%2Ftags&post=240752"}],"curies":[{"name":"wp","href":"https:\/\/api.w.org\/{rel}","templated":true}]}}