{"id":240764,"date":"2020-11-23T11:15:18","date_gmt":"2020-11-23T08:15:18","guid":{"rendered":"http:\/\/arantv.az\/?p=240764"},"modified":"2020-11-23T11:15:18","modified_gmt":"2020-11-23T08:15:18","slug":"baydenin-kimi-abs-in-bmt-d%c9%99ki-daimi-numay%c9%99nd%c9%99si-t%c9%99yin-ed%c9%99c%c9%99yi-m%c9%99lum-oldu","status":"publish","type":"post","link":"https:\/\/arantv.az\/?p=240764","title":{"rendered":"Baydenin kimi AB\u015e-\u0131n BMT-d\u0259ki daimi n\u00fcmay\u0259nd\u0259si t\u0259yin ed\u0259c\u0259yi m\u0259lum oldu"},"content":{"rendered":"<p>M\u0259tbuatda yer alan m\u0259lumatlara \u0259sas\u0259n AB\u015e prezidenti se\u00e7il\u0259n Co Bayden \u00f6lk\u0259nin BMT-d\u0259ki daimi n\u00fcmay\u0259nd\u0259si v\u0259zif\u0259sin\u0259 Linda Tomas-Qrinfildin namiz\u0259dliyini ir\u0259li s\u00fcrm\u0259k ist\u0259yir.<\/p>\n<div id=\"AdviadNativeVideo0\" class=\"AdviadNativeVideo\"><\/div>\n<p>CBS News bu bar\u0259d\u0259 x\u0259b\u0259r yay\u0131b.<\/p>\n<p>Amerikal\u0131 diplomat Tomas-Qrinfild\u00a0Barak Obaman\u0131n prezidentliyi d\u00f6vr\u00fcnd\u0259 AB\u015e D\u00f6vl\u0259t katibinin Afrika m\u0259s\u0259l\u0259l\u0259ri \u00fczr\u0259 k\u00f6m\u0259k\u00e7isi olub.<\/p>\n","protected":false},"excerpt":{"rendered":"<p>M\u0259tbuatda yer alan m\u0259lumatlara \u0259sas\u0259n AB\u015e prezidenti se\u00e7il\u0259n Co Bayden \u00f6lk\u0259nin BMT-d\u0259ki daimi n\u00fcmay\u0259nd\u0259si v\u0259zif\u0259sin\u0259 Linda Tomas-Qrinfildin namiz\u0259dliyini ir\u0259li s\u00fcrm\u0259k ist\u0259yir. CBS News bu bar\u0259d\u0259 x\u0259b\u0259r yay\u0131b. Amerikal\u0131 diplomat Tomas-Qrinfild\u00a0Barak Obaman\u0131n prezidentliyi d\u00f6vr\u00fcnd\u0259 AB\u015e D\u00f6vl\u0259t katibinin Afrika m\u0259s\u0259l\u0259l\u0259ri \u00fczr\u0259 k\u00f6m\u0259k\u00e7isi olub.<\/p>\n","protected":false},"author":2,"featured_media":240765,"comment_status":"closed","ping_status":"closed","sticky":false,"template":"","format":"standard","meta":{"om_disable_all_campaigns":false,"_monsterinsights_skip_tracking":false,"_monsterinsights_sitenote_active":false,"_monsterinsights_sitenote_note":"","_monsterinsights_sitenote_category":0},"categories":[7],"tags":[],"aioseo_notices":[],"gutentor_comment":0,"rttpg_featured_image_url":{"full":["https:\/\/arantv.az\/wp-content\/uploads\/2020\/11\/AP824043736598_ED.jpg",620,439,false],"landscape":["https:\/\/arantv.az\/wp-content\/uploads\/2020\/11\/AP824043736598_ED.jpg",620,439,false],"portraits":["https:\/\/arantv.az\/wp-content\/uploads\/2020\/11\/AP824043736598_ED.jpg",620,439,false],"thumbnail":["https:\/\/arantv.az\/wp-content\/uploads\/2020\/11\/AP824043736598_ED-150x150.jpg",150,150,true],"medium":["https:\/\/arantv.az\/wp-content\/uploads\/2020\/11\/AP824043736598_ED-300x212.jpg",300,212,true],"large":["https:\/\/arantv.az\/wp-content\/uploads\/2020\/11\/AP824043736598_ED.jpg",620,439,false],"1536x1536":["https:\/\/arantv.az\/wp-content\/uploads\/2020\/11\/AP824043736598_ED.jpg",620,439,false],"2048x2048":["https:\/\/arantv.az\/wp-content\/uploads\/2020\/11\/AP824043736598_ED.jpg",620,439,false],"post-thumbnail":["https:\/\/arantv.az\/wp-content\/uploads\/2020\/11\/AP824043736598_ED-240x172.jpg",240,172,true],"advps-thumb-one":["https:\/\/arantv.az\/wp-content\/uploads\/2020\/11\/AP824043736598_ED.jpg",620,439,false]},"rttpg_author":{"display_name":"V\u00fcsal Rafiqo\u011flu","author_link":"https:\/\/arantv.az\/?author=2"},"rttpg_comment":0,"rttpg_category":"<a href=\"https:\/\/arantv.az\/?cat=7\" rel=\"category\">D\u00fcnya<\/a>","rttpg_excerpt":"M\u0259tbuatda yer alan m\u0259lumatlara \u0259sas\u0259n AB\u015e prezidenti se\u00e7il\u0259n Co Bayden \u00f6lk\u0259nin BMT-d\u0259ki daimi n\u00fcmay\u0259nd\u0259si v\u0259zif\u0259sin\u0259 Linda Tomas-Qrinfildin namiz\u0259dliyini ir\u0259li s\u00fcrm\u0259k ist\u0259yir. CBS News bu bar\u0259d\u0259 x\u0259b\u0259r yay\u0131b. Amerikal\u0131 diplomat Tomas-Qrinfild\u00a0Barak Obaman\u0131n prezidentliyi d\u00f6vr\u00fcnd\u0259 AB\u015e D\u00f6vl\u0259t katibinin Afrika m\u0259s\u0259l\u0259l\u0259ri \u00fczr\u0259 k\u00f6m\u0259k\u00e7isi olub.","_links":{"self":[{"href":"https:\/\/arantv.az\/index.php?rest_route=\/wp\/v2\/posts\/240764"}],"collection":[{"href":"https:\/\/arantv.az\/index.php?rest_route=\/wp\/v2\/posts"}],"about":[{"href":"https:\/\/arantv.az\/index.php?rest_route=\/wp\/v2\/types\/post"}],"author":[{"embeddable":true,"href":"https:\/\/arantv.az\/index.php?rest_route=\/wp\/v2\/users\/2"}],"replies":[{"embeddable":true,"href":"https:\/\/arantv.az\/index.php?rest_route=%2Fwp%2Fv2%2Fcomments&post=240764"}],"version-history":[{"count":0,"href":"https:\/\/arantv.az\/index.php?rest_route=\/wp\/v2\/posts\/240764\/revisions"}],"wp:featuredmedia":[{"embeddable":true,"href":"https:\/\/arantv.az\/index.php?rest_route=\/wp\/v2\/media\/240765"}],"wp:attachment":[{"href":"https:\/\/arantv.az\/index.php?rest_route=%2Fwp%2Fv2%2Fmedia&parent=240764"}],"wp:term":[{"taxonomy":"category","embeddable":true,"href":"https:\/\/arantv.az\/index.php?rest_route=%2Fwp%2Fv2%2Fcategories&post=240764"},{"taxonomy":"post_tag","embeddable":true,"href":"https:\/\/arantv.az\/index.php?rest_route=%2Fwp%2Fv2%2Ftags&post=240764"}],"curies":[{"name":"wp","href":"https:\/\/api.w.org\/{rel}","templated":true}]}}