{"id":240780,"date":"2020-11-23T11:20:28","date_gmt":"2020-11-23T08:20:28","guid":{"rendered":"http:\/\/arantv.az\/?p=240780"},"modified":"2020-11-23T11:20:28","modified_gmt":"2020-11-23T08:20:28","slug":"masallida-covid-19-x%c9%99st%c9%99si-dukanda-%c9%99t-satark%c9%99n-yaxalandi","status":"publish","type":"post","link":"https:\/\/arantv.az\/?p=240780","title":{"rendered":"Masall\u0131da COVID-19 x\u0259st\u0259si d\u00fckanda \u0259t satark\u0259n yaxaland\u0131"},"content":{"rendered":"<p>Masall\u0131 Rayon Polis \u015e\u00f6b\u0259sinin \u0259m\u0259kda\u015flar\u0131n\u0131n ke\u00e7irdiyi m\u00fcvafiq t\u0259dbirl\u0259rl\u0259 COVID-19 infeksiyas\u0131na yoluxmu\u015f rayon sakininin ya\u015fay\u0131\u015f yerini t\u0259rk ed\u0259r\u0259k i\u015fl\u0259diyi \u0259t d\u00fckan\u0131nda oldu\u011fu m\u00fc\u0259yy\u0259n edilib.<\/p>\n<p>Daxili \u0130\u015fl\u0259r Nazirliyinin M\u0259tbuat Xidm\u0259tinin L\u0259nk\u0259ran regional qrupundan veril\u0259n m\u0259lumata g\u00f6r\u0259, Masall\u0131 rayonunun \u018frkivan q\u0259s\u0259b\u0259 sakini M\u00f6s\u00fcm Kaz\u0131mova COVID-19 infeksiyas\u0131 testinin pozitiv n\u0259tic\u0259sin\u0259 g\u00f6r\u0259 ev s\u0327\u0259raitind\u0259 mu\u0308alic\u0259 t\u0259yin edilib v\u0259 ona t\u0259tbiq olunan qaydalara riay\u0259t etm\u0259si, ya\u015fay\u0131\u015f yerini t\u0259rk etm\u0259m\u0259si tap\u015f\u0131r\u0131l\u0131b.<\/p>\n<p>Lakin Masall\u0131 Rayon Polis \u015e\u00f6b\u0259sinin \u0259m\u0259kda\u015flar\u0131n\u0131n ke\u00e7irdiyi m\u00fcvafiq t\u0259dbirl\u0259rl\u0259 h\u0259min \u015f\u0259xsin ya\u015fay\u0131\u015f yerini t\u0259rk etdiyi m\u00fc\u0259yy\u0259n edilib v\u0259 o i\u015fl\u0259diyi \u018frkivan q\u0259s\u0259b\u0259sind\u0259 yerl\u0259\u015f\u0259n \u0259t d\u00fckan\u0131nda a\u015fkarlan\u0131b.<\/p>\n<div id=\"AdviadNativeVideo0\" class=\"AdviadNativeVideo\"><\/div>\n<p>M.Kaz\u0131mov polis \u0259m\u0259kda\u015flar\u0131 t\u0259r\u0259find\u0259n n\u0259z\u0259rd\u0259 tutulmu\u015f qaydalara uy\u011fun olaraq d\u0259rhal t\u0259cili tibbi yard\u0131m vasit\u0259sil\u0259 ya\u015fad\u0131\u011f\u0131 ev\u0259 apar\u0131l\u0131b.<\/p>\n<p>\u0130\u015fl\u0259diyi ma\u011faza is\u0259 Qida t\u0259hl\u00fck\u0259sizliyi \u0130dar\u0259sinin \u0259m\u0259kda\u015flar\u0131 v\u0259 Gigiyena v\u0259 Epidemiologiya \u0130dar\u0259sinin \u0259m\u0259kda\u015flar\u0131 t\u0259r\u0259find\u0259n bax\u0131\u015f ke\u00e7irildikd\u0259n sonra ba\u011flan\u0131b.<\/p>\n<p>COVID-19 infeksiyas\u0131n\u0131n das\u0327\u0131y\u0131c\u0131s\u0131 olan M.Kaz\u0131movla profilaktik so\u0308hb\u0259tl\u0259r apar\u0131l\u0131b, onun bu h\u0259r\u0259k\u0259tl\u0259rinin dig\u0259r s\u0327\u0259xsl\u0259rin h\u0259yat v\u0259 sag\u0306laml\u0131g\u0306\u0131 u\u0308c\u0327u\u0308n t\u0259hlu\u0308k\u0259li oldug\u0306u diqq\u0259tin\u0259 c\u0327atd\u0131r\u0131l\u0131b v\u0259 tam sa\u011falanad\u0259k evd\u0259n \u00e7\u0131xmamas\u0131 bar\u0259d\u0259 ciddi x\u0259b\u0259rdarl\u0131q edilib.<\/p>\n<p>H\u0259min \u015f\u0259xsin t\u00f6r\u0259tdiyi \u0259m\u0259l\u0259 h\u00fcquqi qiym\u0259t verilm\u0259si \u00fc\u00e7\u00fcn Masall\u0131 RP\u015e-nin \u0130stintaq B\u00f6lm\u0259sind\u0259 ara\u015fd\u0131rmalar apar\u0131l\u0131r.<\/p>\n","protected":false},"excerpt":{"rendered":"<p>Masall\u0131 Rayon Polis \u015e\u00f6b\u0259sinin \u0259m\u0259kda\u015flar\u0131n\u0131n ke\u00e7irdiyi m\u00fcvafiq t\u0259dbirl\u0259rl\u0259 COVID-19 infeksiyas\u0131na yoluxmu\u015f rayon sakininin ya\u015fay\u0131\u015f yerini t\u0259rk ed\u0259r\u0259k i\u015fl\u0259diyi \u0259t d\u00fckan\u0131nda oldu\u011fu m\u00fc\u0259yy\u0259n edilib. Daxili \u0130\u015fl\u0259r Nazirliyinin M\u0259tbuat Xidm\u0259tinin L\u0259nk\u0259ran regional qrupundan veril\u0259n m\u0259lumata g\u00f6r\u0259, Masall\u0131 rayonunun \u018frkivan q\u0259s\u0259b\u0259 sakini M\u00f6s\u00fcm Kaz\u0131mova COVID-19 infeksiyas\u0131 testinin pozitiv n\u0259tic\u0259sin\u0259 g\u00f6r\u0259 ev s\u0327\u0259raitind\u0259 mu\u0308alic\u0259 t\u0259yin edilib v\u0259 ona t\u0259tbiq olunan qaydalara riay\u0259t etm\u0259si, ya\u015fay\u0131\u015f yerini t\u0259rk etm\u0259m\u0259si tap\u015f\u0131r\u0131l\u0131b. Lakin Masall\u0131 Rayon Polis \u015e\u00f6b\u0259sinin \u0259m\u0259kda\u015flar\u0131n\u0131n ke\u00e7irdiyi m\u00fcvafiq t\u0259dbirl\u0259rl\u0259 h\u0259min \u015f\u0259xsin ya\u015fay\u0131\u015f yerini t\u0259rk etdiyi m\u00fc\u0259yy\u0259n edilib v\u0259 o i\u015fl\u0259diyi \u018frkivan q\u0259s\u0259b\u0259sind\u0259 yerl\u0259\u015f\u0259n \u0259t d\u00fckan\u0131nda a\u015fkarlan\u0131b.&hellip;<\/p>\n","protected":false},"author":2,"featured_media":240781,"comment_status":"closed","ping_status":"closed","sticky":false,"template":"","format":"standard","meta":{"om_disable_all_campaigns":false,"_monsterinsights_skip_tracking":false,"_monsterinsights_sitenote_active":false,"_monsterinsights_sitenote_note":"","_monsterinsights_sitenote_category":0},"categories":[26],"tags":[],"aioseo_notices":[],"gutentor_comment":0,"rttpg_featured_image_url":{"full":["https:\/\/arantv.az\/wp-content\/uploads\/2020\/11\/cov.jpg",620,390,false],"landscape":["https:\/\/arantv.az\/wp-content\/uploads\/2020\/11\/cov.jpg",620,390,false],"portraits":["https:\/\/arantv.az\/wp-content\/uploads\/2020\/11\/cov.jpg",620,390,false],"thumbnail":["https:\/\/arantv.az\/wp-content\/uploads\/2020\/11\/cov-150x150.jpg",150,150,true],"medium":["https:\/\/arantv.az\/wp-content\/uploads\/2020\/11\/cov-300x189.jpg",300,189,true],"large":["https:\/\/arantv.az\/wp-content\/uploads\/2020\/11\/cov.jpg",620,390,false],"1536x1536":["https:\/\/arantv.az\/wp-content\/uploads\/2020\/11\/cov.jpg",620,390,false],"2048x2048":["https:\/\/arantv.az\/wp-content\/uploads\/2020\/11\/cov.jpg",620,390,false],"post-thumbnail":["https:\/\/arantv.az\/wp-content\/uploads\/2020\/11\/cov-240x172.jpg",240,172,true],"advps-thumb-one":["https:\/\/arantv.az\/wp-content\/uploads\/2020\/11\/cov.jpg",620,390,false]},"rttpg_author":{"display_name":"V\u00fcsal Rafiqo\u011flu","author_link":"https:\/\/arantv.az\/?author=2"},"rttpg_comment":0,"rttpg_category":"<a href=\"https:\/\/arantv.az\/?cat=26\" rel=\"category\">Sosial<\/a>","rttpg_excerpt":"Masall\u0131 Rayon Polis \u015e\u00f6b\u0259sinin \u0259m\u0259kda\u015flar\u0131n\u0131n ke\u00e7irdiyi m\u00fcvafiq t\u0259dbirl\u0259rl\u0259 COVID-19 infeksiyas\u0131na yoluxmu\u015f rayon sakininin ya\u015fay\u0131\u015f yerini t\u0259rk ed\u0259r\u0259k i\u015fl\u0259diyi \u0259t d\u00fckan\u0131nda oldu\u011fu m\u00fc\u0259yy\u0259n edilib. Daxili \u0130\u015fl\u0259r Nazirliyinin M\u0259tbuat Xidm\u0259tinin L\u0259nk\u0259ran regional qrupundan veril\u0259n m\u0259lumata g\u00f6r\u0259, Masall\u0131 rayonunun \u018frkivan q\u0259s\u0259b\u0259 sakini M\u00f6s\u00fcm Kaz\u0131mova COVID-19 infeksiyas\u0131 testinin pozitiv n\u0259tic\u0259sin\u0259 g\u00f6r\u0259 ev s\u0327\u0259raitind\u0259 mu\u0308alic\u0259 t\u0259yin edilib v\u0259 ona t\u0259tbiq&hellip;","_links":{"self":[{"href":"https:\/\/arantv.az\/index.php?rest_route=\/wp\/v2\/posts\/240780"}],"collection":[{"href":"https:\/\/arantv.az\/index.php?rest_route=\/wp\/v2\/posts"}],"about":[{"href":"https:\/\/arantv.az\/index.php?rest_route=\/wp\/v2\/types\/post"}],"author":[{"embeddable":true,"href":"https:\/\/arantv.az\/index.php?rest_route=\/wp\/v2\/users\/2"}],"replies":[{"embeddable":true,"href":"https:\/\/arantv.az\/index.php?rest_route=%2Fwp%2Fv2%2Fcomments&post=240780"}],"version-history":[{"count":0,"href":"https:\/\/arantv.az\/index.php?rest_route=\/wp\/v2\/posts\/240780\/revisions"}],"wp:featuredmedia":[{"embeddable":true,"href":"https:\/\/arantv.az\/index.php?rest_route=\/wp\/v2\/media\/240781"}],"wp:attachment":[{"href":"https:\/\/arantv.az\/index.php?rest_route=%2Fwp%2Fv2%2Fmedia&parent=240780"}],"wp:term":[{"taxonomy":"category","embeddable":true,"href":"https:\/\/arantv.az\/index.php?rest_route=%2Fwp%2Fv2%2Fcategories&post=240780"},{"taxonomy":"post_tag","embeddable":true,"href":"https:\/\/arantv.az\/index.php?rest_route=%2Fwp%2Fv2%2Ftags&post=240780"}],"curies":[{"name":"wp","href":"https:\/\/api.w.org\/{rel}","templated":true}]}}