{"id":240792,"date":"2020-11-23T11:43:08","date_gmt":"2020-11-23T08:43:08","guid":{"rendered":"http:\/\/arantv.az\/?p=240792"},"modified":"2020-11-23T11:43:08","modified_gmt":"2020-11-23T08:43:08","slug":"isgaldan-azad-edilmis-rayonlarimizda-dovl%c9%99t-strukturlari-f%c9%99aliyy%c9%99t%c9%99-basladi-r%c9%99smi","status":"publish","type":"post","link":"https:\/\/arantv.az\/?p=240792","title":{"rendered":"\u0130\u015f\u011faldan azad edilmi\u015f rayonlar\u0131m\u0131zda d\u00f6vl\u0259t strukturlar\u0131 f\u0259aliyy\u0259t\u0259 ba\u015flad\u0131 &#8211; R\u018fSM\u0130"},"content":{"rendered":"<p>Az\u0259rbaycan Respublikas\u0131n\u0131n F\u00f6vq\u0259lad\u0259 Hallar Nazirliyi (FHN) i\u015f\u011faldan azad edilmi\u015f \u0259razil\u0259rimizd\u0259 m\u00fcvafiq strukturlar\u0131n\u0131n t\u0259\u015fkilini davam etdirir.<\/p>\n<div id=\"AdviadNativeVideo0\" class=\"AdviadNativeVideo\"><\/div>\n<p>Bununla ba\u011fl\u0131 nazirlik m\u0259lumat yay\u0131b.<\/p>\n<p>Bu istiqam\u0259td\u0259 n\u00f6vb\u0259ti add\u0131m olaraq, F\u00f6vq\u0259lad\u0259 Hallar Nazirliyi D\u00f6vl\u0259t Yan\u011f\u0131n N\u0259zar\u0259ti Xidm\u0259tinin Qaraba\u011f Regional D\u00f6vl\u0259t Yan\u011f\u0131n N\u0259zar\u0259ti \u0130dar\u0259sinin m\u00fcvafiq b\u00f6lm\u0259l\u0259ri F\u00fczuli, C\u0259bray\u0131l, Z\u0259ngilan, Qubadl\u0131 v\u0259 Xocav\u0259nd rayonlar\u0131nda f\u0259aliyy\u0259t\u0259 ba\u015flay\u0131b.<\/p>\n","protected":false},"excerpt":{"rendered":"<p>Az\u0259rbaycan Respublikas\u0131n\u0131n F\u00f6vq\u0259lad\u0259 Hallar Nazirliyi (FHN) i\u015f\u011faldan azad edilmi\u015f \u0259razil\u0259rimizd\u0259 m\u00fcvafiq strukturlar\u0131n\u0131n t\u0259\u015fkilini davam etdirir. Bununla ba\u011fl\u0131 nazirlik m\u0259lumat yay\u0131b. Bu istiqam\u0259td\u0259 n\u00f6vb\u0259ti add\u0131m olaraq, F\u00f6vq\u0259lad\u0259 Hallar Nazirliyi D\u00f6vl\u0259t Yan\u011f\u0131n N\u0259zar\u0259ti Xidm\u0259tinin Qaraba\u011f Regional D\u00f6vl\u0259t Yan\u011f\u0131n N\u0259zar\u0259ti \u0130dar\u0259sinin m\u00fcvafiq b\u00f6lm\u0259l\u0259ri F\u00fczuli, C\u0259bray\u0131l, Z\u0259ngilan, Qubadl\u0131 v\u0259 Xocav\u0259nd rayonlar\u0131nda f\u0259aliyy\u0259t\u0259 ba\u015flay\u0131b.<\/p>\n","protected":false},"author":2,"featured_media":240793,"comment_status":"closed","ping_status":"closed","sticky":false,"template":"","format":"standard","meta":{"om_disable_all_campaigns":false,"_monsterinsights_skip_tracking":false,"_monsterinsights_sitenote_active":false,"_monsterinsights_sitenote_note":"","_monsterinsights_sitenote_category":0},"categories":[26],"tags":[],"aioseo_notices":[],"gutentor_comment":0,"rttpg_featured_image_url":{"full":["https:\/\/arantv.az\/wp-content\/uploads\/2020\/11\/13.jpg",620,433,false],"landscape":["https:\/\/arantv.az\/wp-content\/uploads\/2020\/11\/13.jpg",620,433,false],"portraits":["https:\/\/arantv.az\/wp-content\/uploads\/2020\/11\/13.jpg",620,433,false],"thumbnail":["https:\/\/arantv.az\/wp-content\/uploads\/2020\/11\/13-150x150.jpg",150,150,true],"medium":["https:\/\/arantv.az\/wp-content\/uploads\/2020\/11\/13-300x210.jpg",300,210,true],"large":["https:\/\/arantv.az\/wp-content\/uploads\/2020\/11\/13.jpg",620,433,false],"1536x1536":["https:\/\/arantv.az\/wp-content\/uploads\/2020\/11\/13.jpg",620,433,false],"2048x2048":["https:\/\/arantv.az\/wp-content\/uploads\/2020\/11\/13.jpg",620,433,false],"post-thumbnail":["https:\/\/arantv.az\/wp-content\/uploads\/2020\/11\/13-240x172.jpg",240,172,true],"advps-thumb-one":["https:\/\/arantv.az\/wp-content\/uploads\/2020\/11\/13.jpg",620,433,false]},"rttpg_author":{"display_name":"V\u00fcsal Rafiqo\u011flu","author_link":"https:\/\/arantv.az\/?author=2"},"rttpg_comment":0,"rttpg_category":"<a href=\"https:\/\/arantv.az\/?cat=26\" rel=\"category\">Sosial<\/a>","rttpg_excerpt":"Az\u0259rbaycan Respublikas\u0131n\u0131n F\u00f6vq\u0259lad\u0259 Hallar Nazirliyi (FHN) i\u015f\u011faldan azad edilmi\u015f \u0259razil\u0259rimizd\u0259 m\u00fcvafiq strukturlar\u0131n\u0131n t\u0259\u015fkilini davam etdirir. Bununla ba\u011fl\u0131 nazirlik m\u0259lumat yay\u0131b. Bu istiqam\u0259td\u0259 n\u00f6vb\u0259ti add\u0131m olaraq, F\u00f6vq\u0259lad\u0259 Hallar Nazirliyi D\u00f6vl\u0259t Yan\u011f\u0131n N\u0259zar\u0259ti Xidm\u0259tinin Qaraba\u011f Regional D\u00f6vl\u0259t Yan\u011f\u0131n N\u0259zar\u0259ti \u0130dar\u0259sinin m\u00fcvafiq b\u00f6lm\u0259l\u0259ri F\u00fczuli, C\u0259bray\u0131l, Z\u0259ngilan, Qubadl\u0131 v\u0259 Xocav\u0259nd rayonlar\u0131nda f\u0259aliyy\u0259t\u0259 ba\u015flay\u0131b.","_links":{"self":[{"href":"https:\/\/arantv.az\/index.php?rest_route=\/wp\/v2\/posts\/240792"}],"collection":[{"href":"https:\/\/arantv.az\/index.php?rest_route=\/wp\/v2\/posts"}],"about":[{"href":"https:\/\/arantv.az\/index.php?rest_route=\/wp\/v2\/types\/post"}],"author":[{"embeddable":true,"href":"https:\/\/arantv.az\/index.php?rest_route=\/wp\/v2\/users\/2"}],"replies":[{"embeddable":true,"href":"https:\/\/arantv.az\/index.php?rest_route=%2Fwp%2Fv2%2Fcomments&post=240792"}],"version-history":[{"count":0,"href":"https:\/\/arantv.az\/index.php?rest_route=\/wp\/v2\/posts\/240792\/revisions"}],"wp:featuredmedia":[{"embeddable":true,"href":"https:\/\/arantv.az\/index.php?rest_route=\/wp\/v2\/media\/240793"}],"wp:attachment":[{"href":"https:\/\/arantv.az\/index.php?rest_route=%2Fwp%2Fv2%2Fmedia&parent=240792"}],"wp:term":[{"taxonomy":"category","embeddable":true,"href":"https:\/\/arantv.az\/index.php?rest_route=%2Fwp%2Fv2%2Fcategories&post=240792"},{"taxonomy":"post_tag","embeddable":true,"href":"https:\/\/arantv.az\/index.php?rest_route=%2Fwp%2Fv2%2Ftags&post=240792"}],"curies":[{"name":"wp","href":"https:\/\/api.w.org\/{rel}","templated":true}]}}