{"id":240796,"date":"2020-11-23T11:43:43","date_gmt":"2020-11-23T08:43:43","guid":{"rendered":"http:\/\/arantv.az\/?p=240796"},"modified":"2020-11-23T11:43:43","modified_gmt":"2020-11-23T08:43:43","slug":"goycayda-daha-bir-qazimiz-izdihamla-qarsilandi-video","status":"publish","type":"post","link":"https:\/\/arantv.az\/?p=240796","title":{"rendered":"G\u00f6y\u00e7ayda daha bir qazimiz izdihamla qar\u015f\u0131land\u0131 &#8211; V\u0130DEO"},"content":{"rendered":"<article class=\"news\">\n<div class=\"news-inner\">\n<p>Qaraba\u011f d\u00f6y\u00fc\u015fl\u0259rind\u0259 yaralanan qazimiz Asif M\u0259mm\u0259dov b\u00f6y\u00fcy\u00fcb boya-ba\u015fa \u00e7atd\u0131\u011f\u0131 G\u00f6y\u00e7ay rayonunun \u015eahsoltan k\u0259ndin\u0259 qay\u0131d\u0131b.<\/p>\n<div id=\"AdviadNativeVideo0\" class=\"AdviadNativeVideo\"><\/div>\n<p>Baku TV x\u0259b\u0259r verir ki, d\u00f6y\u00fc\u015f\u00e7\u00fcm\u00fcz\u00fcn qay\u0131d\u0131\u015f\u0131 k\u0259nd camaat\u0131 aras\u0131nda b\u00f6y\u00fck t\u0259nt\u0259n\u0259 il\u0259 qeyd olunub.<\/p>\n<p>Qazimiz Asif M\u0259mm\u0259dov k\u0259nd q\u0259biristanl\u0131\u011f\u0131na g\u0259l\u0259r\u0259k, V\u0259t\u0259n M\u00fcharib\u0259sind\u0259 \u015f\u0259hid olmu\u015f d\u00f6y\u00fc\u015f\u00e7\u00fc yolda\u015flar\u0131n\u0131 ziyar\u0259t edib.<\/p>\n<div><iframe loading=\"lazy\" src=\"https:\/\/www.youtube.com\/embed\/G1EQfYKzaGg\" width=\"560\" height=\"315\" frameborder=\"0\" allowfullscreen=\"allowfullscreen\" data-mce-fragment=\"1\"><\/iframe><\/div>\n<\/div>\n<\/article>\n<h2 class=\"news-share-title\"><\/h2>\n","protected":false},"excerpt":{"rendered":"<p>Qaraba\u011f d\u00f6y\u00fc\u015fl\u0259rind\u0259 yaralanan qazimiz Asif M\u0259mm\u0259dov b\u00f6y\u00fcy\u00fcb boya-ba\u015fa \u00e7atd\u0131\u011f\u0131 G\u00f6y\u00e7ay rayonunun \u015eahsoltan k\u0259ndin\u0259 qay\u0131d\u0131b. Baku TV x\u0259b\u0259r verir ki, d\u00f6y\u00fc\u015f\u00e7\u00fcm\u00fcz\u00fcn qay\u0131d\u0131\u015f\u0131 k\u0259nd camaat\u0131 aras\u0131nda b\u00f6y\u00fck t\u0259nt\u0259n\u0259 il\u0259 qeyd olunub. Qazimiz Asif M\u0259mm\u0259dov k\u0259nd q\u0259biristanl\u0131\u011f\u0131na g\u0259l\u0259r\u0259k, V\u0259t\u0259n M\u00fcharib\u0259sind\u0259 \u015f\u0259hid olmu\u015f d\u00f6y\u00fc\u015f\u00e7\u00fc yolda\u015flar\u0131n\u0131 ziyar\u0259t edib.<\/p>\n","protected":false},"author":2,"featured_media":240797,"comment_status":"closed","ping_status":"closed","sticky":false,"template":"","format":"standard","meta":{"om_disable_all_campaigns":false,"_monsterinsights_skip_tracking":false,"_monsterinsights_sitenote_active":false,"_monsterinsights_sitenote_note":"","_monsterinsights_sitenote_category":0},"categories":[26],"tags":[],"aioseo_notices":[],"gutentor_comment":0,"rttpg_featured_image_url":{"full":["https:\/\/arantv.az\/wp-content\/uploads\/2020\/11\/qazi-1.jpg",620,384,false],"landscape":["https:\/\/arantv.az\/wp-content\/uploads\/2020\/11\/qazi-1.jpg",620,384,false],"portraits":["https:\/\/arantv.az\/wp-content\/uploads\/2020\/11\/qazi-1.jpg",620,384,false],"thumbnail":["https:\/\/arantv.az\/wp-content\/uploads\/2020\/11\/qazi-1-150x150.jpg",150,150,true],"medium":["https:\/\/arantv.az\/wp-content\/uploads\/2020\/11\/qazi-1-300x186.jpg",300,186,true],"large":["https:\/\/arantv.az\/wp-content\/uploads\/2020\/11\/qazi-1.jpg",620,384,false],"1536x1536":["https:\/\/arantv.az\/wp-content\/uploads\/2020\/11\/qazi-1.jpg",620,384,false],"2048x2048":["https:\/\/arantv.az\/wp-content\/uploads\/2020\/11\/qazi-1.jpg",620,384,false],"post-thumbnail":["https:\/\/arantv.az\/wp-content\/uploads\/2020\/11\/qazi-1-240x172.jpg",240,172,true],"advps-thumb-one":["https:\/\/arantv.az\/wp-content\/uploads\/2020\/11\/qazi-1.jpg",620,384,false]},"rttpg_author":{"display_name":"V\u00fcsal Rafiqo\u011flu","author_link":"https:\/\/arantv.az\/?author=2"},"rttpg_comment":0,"rttpg_category":"<a href=\"https:\/\/arantv.az\/?cat=26\" rel=\"category\">Sosial<\/a>","rttpg_excerpt":"Qaraba\u011f d\u00f6y\u00fc\u015fl\u0259rind\u0259 yaralanan qazimiz Asif M\u0259mm\u0259dov b\u00f6y\u00fcy\u00fcb boya-ba\u015fa \u00e7atd\u0131\u011f\u0131 G\u00f6y\u00e7ay rayonunun \u015eahsoltan k\u0259ndin\u0259 qay\u0131d\u0131b. Baku TV x\u0259b\u0259r verir ki, d\u00f6y\u00fc\u015f\u00e7\u00fcm\u00fcz\u00fcn qay\u0131d\u0131\u015f\u0131 k\u0259nd camaat\u0131 aras\u0131nda b\u00f6y\u00fck t\u0259nt\u0259n\u0259 il\u0259 qeyd olunub. Qazimiz Asif M\u0259mm\u0259dov k\u0259nd q\u0259biristanl\u0131\u011f\u0131na g\u0259l\u0259r\u0259k, V\u0259t\u0259n M\u00fcharib\u0259sind\u0259 \u015f\u0259hid olmu\u015f d\u00f6y\u00fc\u015f\u00e7\u00fc yolda\u015flar\u0131n\u0131 ziyar\u0259t edib.","_links":{"self":[{"href":"https:\/\/arantv.az\/index.php?rest_route=\/wp\/v2\/posts\/240796"}],"collection":[{"href":"https:\/\/arantv.az\/index.php?rest_route=\/wp\/v2\/posts"}],"about":[{"href":"https:\/\/arantv.az\/index.php?rest_route=\/wp\/v2\/types\/post"}],"author":[{"embeddable":true,"href":"https:\/\/arantv.az\/index.php?rest_route=\/wp\/v2\/users\/2"}],"replies":[{"embeddable":true,"href":"https:\/\/arantv.az\/index.php?rest_route=%2Fwp%2Fv2%2Fcomments&post=240796"}],"version-history":[{"count":0,"href":"https:\/\/arantv.az\/index.php?rest_route=\/wp\/v2\/posts\/240796\/revisions"}],"wp:featuredmedia":[{"embeddable":true,"href":"https:\/\/arantv.az\/index.php?rest_route=\/wp\/v2\/media\/240797"}],"wp:attachment":[{"href":"https:\/\/arantv.az\/index.php?rest_route=%2Fwp%2Fv2%2Fmedia&parent=240796"}],"wp:term":[{"taxonomy":"category","embeddable":true,"href":"https:\/\/arantv.az\/index.php?rest_route=%2Fwp%2Fv2%2Fcategories&post=240796"},{"taxonomy":"post_tag","embeddable":true,"href":"https:\/\/arantv.az\/index.php?rest_route=%2Fwp%2Fv2%2Ftags&post=240796"}],"curies":[{"name":"wp","href":"https:\/\/api.w.org\/{rel}","templated":true}]}}