{"id":24080,"date":"2018-11-20T08:40:37","date_gmt":"2018-11-20T05:40:37","guid":{"rendered":"http:\/\/arantv.az\/?p=24080"},"modified":"2018-11-20T08:40:37","modified_gmt":"2018-11-20T05:40:37","slug":"s%c9%99kid%c9%99-toyda-qidadan-z%c9%99h%c9%99rl%c9%99nm%c9%99-hadis%c9%99si-bas-verib","status":"publish","type":"post","link":"https:\/\/arantv.az\/?p=24080","title":{"rendered":"\u015e\u0259kid\u0259 toyda qidadan z\u0259h\u0259rl\u0259nm\u0259 hadis\u0259si ba\u015f verib"},"content":{"rendered":"<p><strong>\u015e\u0259ki rayonunda qidadan z\u0259h\u0259rl\u0259nm\u0259 hadis\u0259si ba\u015f verib.<\/strong><\/p>\n<p><strong>ARANTV.AZ<\/strong> Report-a istinad\u0259n x\u0259b\u0259r verir ki, noyabr\u0131n 19-dan 20-\u0259 ke\u00e7\u0259n gec\u0259 rayonun \u00d6yr\u0259t k\u0259nd sakini, 1961-ci il t\u0259v\u0259ll\u00fcdl\u00fc G\u00fclxan\u0131m Ziy\u0259ddin q\u0131z\u0131 \u0130smay\u0131lova z\u0259h\u0259rl\u0259nm\u0259 \u0259lam\u0259tl\u0259ri il\u0259 \u015e\u0259ki Rayon M\u0259rk\u0259zi X\u0259st\u0259xanas\u0131na daxil olub.<\/p>\n<p>X\u0259st\u0259xanadan bildirilib ki, m\u00fcayin\u0259 zaman\u0131 G.\u0130smay\u0131lovan\u0131n noyabr\u0131n 19-u ax\u015fam saatlar\u0131nda i\u015ftirak etdiyi toy m\u0259clisind\u0259 qidadan z\u0259h\u0259rl\u0259ndiyi m\u0259lum olub. G.\u0130smay\u0131lovaya laz\u0131mi tibbi yard\u0131m g\u00f6st\u0259rildikd\u0259n sonra v\u0259ziyy\u0259ti q\u0259na\u0259tb\u0259x\u015f oldu\u011fundan ambulator m\u00fcalic\u0259 almaq \u015f\u0259rti il\u0259 ev\u0259 burax\u0131l\u0131b.<\/p>\n<div id=\"AdributorNativeVideo0\" class=\"AdributorNativeVideo\"><\/div>\n<p>Bundan \u0259vv\u0259l Zaqatala rayonunda k\u00fctl\u0259vi z\u0259h\u0259rl\u0259nm\u0259 hadis\u0259si ba\u015f verib.<\/p>\n","protected":false},"excerpt":{"rendered":"<p>\u015e\u0259ki rayonunda qidadan z\u0259h\u0259rl\u0259nm\u0259 hadis\u0259si ba\u015f verib. ARANTV.AZ Report-a istinad\u0259n x\u0259b\u0259r verir ki, noyabr\u0131n 19-dan 20-\u0259 ke\u00e7\u0259n gec\u0259 rayonun \u00d6yr\u0259t k\u0259nd sakini, 1961-ci il t\u0259v\u0259ll\u00fcdl\u00fc G\u00fclxan\u0131m Ziy\u0259ddin q\u0131z\u0131 \u0130smay\u0131lova z\u0259h\u0259rl\u0259nm\u0259 \u0259lam\u0259tl\u0259ri il\u0259 \u015e\u0259ki Rayon M\u0259rk\u0259zi X\u0259st\u0259xanas\u0131na daxil olub. X\u0259st\u0259xanadan bildirilib ki, m\u00fcayin\u0259 zaman\u0131 G.\u0130smay\u0131lovan\u0131n noyabr\u0131n 19-u ax\u015fam saatlar\u0131nda i\u015ftirak etdiyi toy m\u0259clisind\u0259 qidadan z\u0259h\u0259rl\u0259ndiyi m\u0259lum olub. G.\u0130smay\u0131lovaya laz\u0131mi tibbi yard\u0131m g\u00f6st\u0259rildikd\u0259n sonra v\u0259ziyy\u0259ti q\u0259na\u0259tb\u0259x\u015f oldu\u011fundan ambulator m\u00fcalic\u0259 almaq \u015f\u0259rti il\u0259 ev\u0259 burax\u0131l\u0131b. Bundan \u0259vv\u0259l Zaqatala rayonunda k\u00fctl\u0259vi z\u0259h\u0259rl\u0259nm\u0259 hadis\u0259si ba\u015f verib.<\/p>\n","protected":false},"author":2,"featured_media":24081,"comment_status":"closed","ping_status":"closed","sticky":false,"template":"","format":"standard","meta":{"om_disable_all_campaigns":false,"_monsterinsights_skip_tracking":false,"_monsterinsights_sitenote_active":false,"_monsterinsights_sitenote_note":"","_monsterinsights_sitenote_category":0},"categories":[5],"tags":[],"aioseo_notices":[],"gutentor_comment":0,"rttpg_featured_image_url":{"full":["https:\/\/arantv.az\/wp-content\/uploads\/2018\/11\/tecili_yardim_05-2.jpg",482,361,false],"landscape":["https:\/\/arantv.az\/wp-content\/uploads\/2018\/11\/tecili_yardim_05-2.jpg",482,361,false],"portraits":["https:\/\/arantv.az\/wp-content\/uploads\/2018\/11\/tecili_yardim_05-2.jpg",482,361,false],"thumbnail":["https:\/\/arantv.az\/wp-content\/uploads\/2018\/11\/tecili_yardim_05-2-150x150.jpg",150,150,true],"medium":["https:\/\/arantv.az\/wp-content\/uploads\/2018\/11\/tecili_yardim_05-2-300x225.jpg",300,225,true],"large":["https:\/\/arantv.az\/wp-content\/uploads\/2018\/11\/tecili_yardim_05-2.jpg",482,361,false],"1536x1536":["https:\/\/arantv.az\/wp-content\/uploads\/2018\/11\/tecili_yardim_05-2.jpg",482,361,false],"2048x2048":["https:\/\/arantv.az\/wp-content\/uploads\/2018\/11\/tecili_yardim_05-2.jpg",482,361,false],"post-thumbnail":["https:\/\/arantv.az\/wp-content\/uploads\/2018\/11\/tecili_yardim_05-2-240x172.jpg",240,172,true],"advps-thumb-one":["https:\/\/arantv.az\/wp-content\/uploads\/2018\/11\/tecili_yardim_05-2.jpg",482,361,false]},"rttpg_author":{"display_name":"V\u00fcsal Rafiqo\u011flu","author_link":"https:\/\/arantv.az\/?author=2"},"rttpg_comment":0,"rttpg_category":"<a href=\"https:\/\/arantv.az\/?cat=5\" rel=\"category\">Hadis\u0259<\/a>","rttpg_excerpt":"\u015e\u0259ki rayonunda qidadan z\u0259h\u0259rl\u0259nm\u0259 hadis\u0259si ba\u015f verib. ARANTV.AZ Report-a istinad\u0259n x\u0259b\u0259r verir ki, noyabr\u0131n 19-dan 20-\u0259 ke\u00e7\u0259n gec\u0259 rayonun \u00d6yr\u0259t k\u0259nd sakini, 1961-ci il t\u0259v\u0259ll\u00fcdl\u00fc G\u00fclxan\u0131m Ziy\u0259ddin q\u0131z\u0131 \u0130smay\u0131lova z\u0259h\u0259rl\u0259nm\u0259 \u0259lam\u0259tl\u0259ri il\u0259 \u015e\u0259ki Rayon M\u0259rk\u0259zi X\u0259st\u0259xanas\u0131na daxil olub. X\u0259st\u0259xanadan bildirilib ki, m\u00fcayin\u0259 zaman\u0131 G.\u0130smay\u0131lovan\u0131n noyabr\u0131n 19-u ax\u015fam saatlar\u0131nda i\u015ftirak etdiyi toy m\u0259clisind\u0259 qidadan z\u0259h\u0259rl\u0259ndiyi m\u0259lum&hellip;","_links":{"self":[{"href":"https:\/\/arantv.az\/index.php?rest_route=\/wp\/v2\/posts\/24080"}],"collection":[{"href":"https:\/\/arantv.az\/index.php?rest_route=\/wp\/v2\/posts"}],"about":[{"href":"https:\/\/arantv.az\/index.php?rest_route=\/wp\/v2\/types\/post"}],"author":[{"embeddable":true,"href":"https:\/\/arantv.az\/index.php?rest_route=\/wp\/v2\/users\/2"}],"replies":[{"embeddable":true,"href":"https:\/\/arantv.az\/index.php?rest_route=%2Fwp%2Fv2%2Fcomments&post=24080"}],"version-history":[{"count":0,"href":"https:\/\/arantv.az\/index.php?rest_route=\/wp\/v2\/posts\/24080\/revisions"}],"wp:featuredmedia":[{"embeddable":true,"href":"https:\/\/arantv.az\/index.php?rest_route=\/wp\/v2\/media\/24081"}],"wp:attachment":[{"href":"https:\/\/arantv.az\/index.php?rest_route=%2Fwp%2Fv2%2Fmedia&parent=24080"}],"wp:term":[{"taxonomy":"category","embeddable":true,"href":"https:\/\/arantv.az\/index.php?rest_route=%2Fwp%2Fv2%2Fcategories&post=24080"},{"taxonomy":"post_tag","embeddable":true,"href":"https:\/\/arantv.az\/index.php?rest_route=%2Fwp%2Fv2%2Ftags&post=24080"}],"curies":[{"name":"wp","href":"https:\/\/api.w.org\/{rel}","templated":true}]}}