{"id":240800,"date":"2020-11-23T11:44:17","date_gmt":"2020-11-23T08:44:17","guid":{"rendered":"http:\/\/arantv.az\/?p=240800"},"modified":"2020-11-23T11:44:17","modified_gmt":"2020-11-23T08:44:17","slug":"erm%c9%99nil%c9%99r-sahbulagi-da-saxtalasdirdi-qalaya-xac-isar%c9%99si-vuruldu-r%c9%99smi-foto","status":"publish","type":"post","link":"https:\/\/arantv.az\/?p=240800","title":{"rendered":"Erm\u0259nil\u0259r \u015eahbula\u011f\u0131 da saxtala\u015fd\u0131rd\u0131: Qalaya xa\u00e7 i\u015far\u0259si vuruldu &#8211; R\u018fSM\u0130 + FOTO"},"content":{"rendered":"<p>M\u0259d\u0259niyy\u0259t nazirinin birinci m\u00fcavini, M\u0259d\u0259niyy\u0259t nazirinin v\u0259zif\u0259l\u0259rini icra ed\u0259n Anar K\u0259rimov \u015eahbulaq qalas\u0131 bar\u0259d\u0259 payla\u015f\u0131m edib.<\/p>\n<p>O, bu bar\u0259d\u0259 \u201cTwitter\u201d hesab\u0131nda yaz\u0131b.<\/p>\n<div id=\"AdviadNativeVideo0\" class=\"AdviadNativeVideo\"><\/div>\n<p>\u201cBu, 1752-ci ild\u0259 Qaraba\u011f h\u00f6kmdar\u0131 P\u0259nah\u0259li Xan t\u0259r\u0259find\u0259n in\u015fa edil\u0259n, bu yax\u0131nlarda azad edilmi\u015f A\u011fdamda yerl\u0259\u015f\u0259n \u015eahbulaq qalas\u0131d\u0131r.<\/p>\n<p>\u015eahbulaq \u0259n yax\u015f\u0131 memarl\u0131q m\u00fcdafi\u0259 n\u00fcmun\u0259si\u00a0 kimi tan\u0131n\u0131b. Erm\u0259ni i\u015f\u011fal\u0131 zaman\u0131 d\u0259yi\u015fikliy\u0259 m\u0259ruz qal\u0131b, divara xa\u00e7 i\u015far\u0259si qura\u015fd\u0131r\u0131ld\u0131\u201d, &#8211; dey\u0259 A.K\u0259rimov qeyd edib.<\/p>\n<div>\n<div class=\"twitter-tweet twitter-tweet-rendered\"><iframe id=\"twitter-widget-0\" class=\"\" title=\"Twitter Tweet\" src=\"https:\/\/platform.twitter.com\/embed\/index.html?creatorScreenName=oxuaz&amp;dnt=false&amp;embedId=twitter-widget-0&amp;frame=false&amp;hideCard=false&amp;hideThread=false&amp;id=1330786872063369216&amp;lang=en&amp;origin=https%3A%2F%2Foxu.az%2Fwar%2F442988&amp;siteScreenName=oxuaz&amp;theme=light&amp;widgetsVersion=ed20a2b%3A1601588405575&amp;width=550px\" frameborder=\"0\" scrolling=\"no\" allowfullscreen=\"allowfullscreen\" data-tweet-id=\"1330786872063369216\" data-mce-fragment=\"1\"><\/iframe><\/div>\n<\/div>\n","protected":false},"excerpt":{"rendered":"<p>M\u0259d\u0259niyy\u0259t nazirinin birinci m\u00fcavini, M\u0259d\u0259niyy\u0259t nazirinin v\u0259zif\u0259l\u0259rini icra ed\u0259n Anar K\u0259rimov \u015eahbulaq qalas\u0131 bar\u0259d\u0259 payla\u015f\u0131m edib. O, bu bar\u0259d\u0259 \u201cTwitter\u201d hesab\u0131nda yaz\u0131b. \u201cBu, 1752-ci ild\u0259 Qaraba\u011f h\u00f6kmdar\u0131 P\u0259nah\u0259li Xan t\u0259r\u0259find\u0259n in\u015fa edil\u0259n, bu yax\u0131nlarda azad edilmi\u015f A\u011fdamda yerl\u0259\u015f\u0259n \u015eahbulaq qalas\u0131d\u0131r. \u015eahbulaq \u0259n yax\u015f\u0131 memarl\u0131q m\u00fcdafi\u0259 n\u00fcmun\u0259si\u00a0 kimi tan\u0131n\u0131b. Erm\u0259ni i\u015f\u011fal\u0131 zaman\u0131 d\u0259yi\u015fikliy\u0259 m\u0259ruz qal\u0131b, divara xa\u00e7 i\u015far\u0259si qura\u015fd\u0131r\u0131ld\u0131\u201d, &#8211; dey\u0259 A.K\u0259rimov qeyd edib.<\/p>\n","protected":false},"author":2,"featured_media":240801,"comment_status":"closed","ping_status":"closed","sticky":false,"template":"","format":"standard","meta":{"om_disable_all_campaigns":false,"_monsterinsights_skip_tracking":false,"_monsterinsights_sitenote_active":false,"_monsterinsights_sitenote_note":"","_monsterinsights_sitenote_category":0},"categories":[19],"tags":[],"aioseo_notices":[],"gutentor_comment":0,"rttpg_featured_image_url":{"full":["https:\/\/arantv.az\/wp-content\/uploads\/2020\/11\/qala.jpg",620,355,false],"landscape":["https:\/\/arantv.az\/wp-content\/uploads\/2020\/11\/qala.jpg",620,355,false],"portraits":["https:\/\/arantv.az\/wp-content\/uploads\/2020\/11\/qala.jpg",620,355,false],"thumbnail":["https:\/\/arantv.az\/wp-content\/uploads\/2020\/11\/qala-150x150.jpg",150,150,true],"medium":["https:\/\/arantv.az\/wp-content\/uploads\/2020\/11\/qala-300x172.jpg",300,172,true],"large":["https:\/\/arantv.az\/wp-content\/uploads\/2020\/11\/qala.jpg",620,355,false],"1536x1536":["https:\/\/arantv.az\/wp-content\/uploads\/2020\/11\/qala.jpg",620,355,false],"2048x2048":["https:\/\/arantv.az\/wp-content\/uploads\/2020\/11\/qala.jpg",620,355,false],"post-thumbnail":["https:\/\/arantv.az\/wp-content\/uploads\/2020\/11\/qala-240x172.jpg",240,172,true],"advps-thumb-one":["https:\/\/arantv.az\/wp-content\/uploads\/2020\/11\/qala.jpg",620,355,false]},"rttpg_author":{"display_name":"V\u00fcsal Rafiqo\u011flu","author_link":"https:\/\/arantv.az\/?author=2"},"rttpg_comment":0,"rttpg_category":"<a href=\"https:\/\/arantv.az\/?cat=19\" rel=\"category\">G\u00fcnd\u0259m<\/a>","rttpg_excerpt":"M\u0259d\u0259niyy\u0259t nazirinin birinci m\u00fcavini, M\u0259d\u0259niyy\u0259t nazirinin v\u0259zif\u0259l\u0259rini icra ed\u0259n Anar K\u0259rimov \u015eahbulaq qalas\u0131 bar\u0259d\u0259 payla\u015f\u0131m edib. O, bu bar\u0259d\u0259 \u201cTwitter\u201d hesab\u0131nda yaz\u0131b. \u201cBu, 1752-ci ild\u0259 Qaraba\u011f h\u00f6kmdar\u0131 P\u0259nah\u0259li Xan t\u0259r\u0259find\u0259n in\u015fa edil\u0259n, bu yax\u0131nlarda azad edilmi\u015f A\u011fdamda yerl\u0259\u015f\u0259n \u015eahbulaq qalas\u0131d\u0131r. \u015eahbulaq \u0259n yax\u015f\u0131 memarl\u0131q m\u00fcdafi\u0259 n\u00fcmun\u0259si\u00a0 kimi tan\u0131n\u0131b. Erm\u0259ni i\u015f\u011fal\u0131 zaman\u0131 d\u0259yi\u015fikliy\u0259 m\u0259ruz qal\u0131b, divara&hellip;","_links":{"self":[{"href":"https:\/\/arantv.az\/index.php?rest_route=\/wp\/v2\/posts\/240800"}],"collection":[{"href":"https:\/\/arantv.az\/index.php?rest_route=\/wp\/v2\/posts"}],"about":[{"href":"https:\/\/arantv.az\/index.php?rest_route=\/wp\/v2\/types\/post"}],"author":[{"embeddable":true,"href":"https:\/\/arantv.az\/index.php?rest_route=\/wp\/v2\/users\/2"}],"replies":[{"embeddable":true,"href":"https:\/\/arantv.az\/index.php?rest_route=%2Fwp%2Fv2%2Fcomments&post=240800"}],"version-history":[{"count":0,"href":"https:\/\/arantv.az\/index.php?rest_route=\/wp\/v2\/posts\/240800\/revisions"}],"wp:featuredmedia":[{"embeddable":true,"href":"https:\/\/arantv.az\/index.php?rest_route=\/wp\/v2\/media\/240801"}],"wp:attachment":[{"href":"https:\/\/arantv.az\/index.php?rest_route=%2Fwp%2Fv2%2Fmedia&parent=240800"}],"wp:term":[{"taxonomy":"category","embeddable":true,"href":"https:\/\/arantv.az\/index.php?rest_route=%2Fwp%2Fv2%2Fcategories&post=240800"},{"taxonomy":"post_tag","embeddable":true,"href":"https:\/\/arantv.az\/index.php?rest_route=%2Fwp%2Fv2%2Ftags&post=240800"}],"curies":[{"name":"wp","href":"https:\/\/api.w.org\/{rel}","templated":true}]}}