{"id":240808,"date":"2020-11-23T11:46:38","date_gmt":"2020-11-23T08:46:38","guid":{"rendered":"http:\/\/arantv.az\/?p=240808"},"modified":"2020-11-23T11:46:38","modified_gmt":"2020-11-23T08:46:38","slug":"qarabagin-m%c9%99shur-mu%c9%99lliml%c9%99ri-s%c9%99f%c9%99r%c9%99li-b%c9%99y-v%c9%99lib%c9%99yov","status":"publish","type":"post","link":"https:\/\/arantv.az\/?p=240808","title":{"rendered":"\u201cQaraba\u011f\u0131n m\u0259\u015fhur m\u00fc\u0259lliml\u0259ri\u201d &#8211; S\u0259f\u0259r\u0259li b\u0259y V\u0259lib\u0259yov"},"content":{"rendered":"<p>T\u0259hsil Nazirliyinin \u201cQaraba\u011f\u0131n m\u0259\u015fhur m\u00fc\u0259lliml\u0259ri\u201d layih\u0259sinin n\u00f6vb\u0259ti simas\u0131 S\u0259f\u0259r\u0259li b\u0259y V\u0259lib\u0259yovdur.<\/p>\n<p>O, 1861-ci ild\u0259 \u015eu\u015fada anadan olub.1881-ci ild\u0259 Qori M\u00fc\u0259lliml\u0259r Seminariyas\u0131n\u0131 bitir\u0259n S\u0259f\u0259r\u0259li b\u0259y m\u00fc\u0259llim kimi burada f\u0259aliyy\u0259t\u0259 ba\u015flay\u0131b v\u0259 1896-c\u0131 il\u0259 q\u0259d\u0259r seminariyada i\u015fl\u0259yib. O, Qori M\u00fc\u0259lliml\u0259r Seminariyas\u0131n\u0131 bitir\u0259n ilk \u00fc\u00e7 az\u0259rbaycanl\u0131 g\u0259ncd\u0259n biri olub. \u00d6mr\u00fcn\u00fcn t\u0259xmin\u0259n 20 ilini pedaqoji i\u015f\u0259 s\u0259rf edib, onlarla istedadl\u0131 g\u0259nc yeti\u015fdirib. T\u0259til zaman\u0131 \u015eu\u015faya dinc\u0259lm\u0259y\u0259 g\u0259l\u0259rk\u0259n u\u015faqlara pulsuz d\u0259rs deyib, onlar\u0131 orta v\u0259 ali m\u0259kt\u0259bl\u0259r\u0259 daxil olmaq \u00fc\u00e7\u00fcn haz\u0131rlay\u0131b.<\/p>\n<div id=\"AdviadNativeVideo0\" class=\"AdviadNativeVideo\"><\/div>\n<p>XIX \u0259srin 80-ci ill\u0259rind\u0259n ba\u015flayaraq qabaqc\u0131l ziyal\u0131lar\u0131n Ana dili m\u0259kt\u0259bi yaratmaq c\u0259hdl\u0259ri get-ged\u0259 art\u0131r. Bel\u0259 m\u0259kt\u0259bl\u0259rd\u0259n biri 1883-c\u00fc ild\u0259 \u015eu\u015fada S\u0259f\u0259r\u0259li b\u0259y t\u0259r\u0259find\u0259n a\u00e7\u0131l\u0131b. Onun m\u0259kt\u0259bind\u0259 m\u00fcxt\u0259lif t\u0259b\u0259q\u0259l\u0259rd\u0259n olan 25 \u015fagird oxuyub. S\u0259f\u0259r\u0259li b\u0259y 1896-c\u0131 ild\u0259 Qorid\u0259n Bak\u0131ya k\u00f6\u00e7\u00fcb. Burada iki il m\u00fc\u0259llimlik edib. C\u0259lil M\u0259mm\u0259dquluzad\u0259, N\u0259riman N\u0259rimanov, S\u00fcleyman Sani Axundov kimi g\u00f6rk\u0259mli \u015f\u0259xsiyy\u0259tl\u0259r ibtidai t\u0259hsill\u0259rini ondan al\u0131blar.<br \/>\nS\u0259f\u0259r\u0259li b\u0259y m\u00fcasirl\u0259ri aras\u0131nda t\u0259kc\u0259 yax\u015f\u0131 m\u00fc\u0259llim kimi tan\u0131nmay\u0131b. O, h\u0259m d\u0259 g\u00f6rk\u0259mli maarif xadimi, ustad metodist, bacar\u0131ql\u0131 t\u0259rc\u00fcm\u0259\u00e7i v\u0259 h\u0259rt\u0259r\u0259fli biliy\u0259 malik alim kimi \u015f\u00f6hr\u0259t qazan\u0131b.<\/p>\n<p>Qeyd ed\u0259k ki, \u201cQaraba\u011f\u0131n m\u0259\u015fhur m\u00fc\u0259lliml\u0259ri\u201d layih\u0259si \u00e7\u0259r\u00e7iv\u0259sind\u0259 Qaraba\u011fda do\u011fulan v\u0259 pedaqoji f\u0259aliyy\u0259tl\u0259 m\u0259\u015f\u011ful olan tan\u0131nm\u0131\u015f \u015f\u0259xsl\u0259r bar\u0259d\u0259 m\u0259lumatlar t\u0259qdim olunur. Layih\u0259nin m\u0259qs\u0259di \u0259sl\u0259n Qaraba\u011fdan olan m\u0259\u015fhur m\u00fc\u0259lliml\u0259ri yad etm\u0259kdir.<\/p>\n","protected":false},"excerpt":{"rendered":"<p>T\u0259hsil Nazirliyinin \u201cQaraba\u011f\u0131n m\u0259\u015fhur m\u00fc\u0259lliml\u0259ri\u201d layih\u0259sinin n\u00f6vb\u0259ti simas\u0131 S\u0259f\u0259r\u0259li b\u0259y V\u0259lib\u0259yovdur. O, 1861-ci ild\u0259 \u015eu\u015fada anadan olub.1881-ci ild\u0259 Qori M\u00fc\u0259lliml\u0259r Seminariyas\u0131n\u0131 bitir\u0259n S\u0259f\u0259r\u0259li b\u0259y m\u00fc\u0259llim kimi burada f\u0259aliyy\u0259t\u0259 ba\u015flay\u0131b v\u0259 1896-c\u0131 il\u0259 q\u0259d\u0259r seminariyada i\u015fl\u0259yib. O, Qori M\u00fc\u0259lliml\u0259r Seminariyas\u0131n\u0131 bitir\u0259n ilk \u00fc\u00e7 az\u0259rbaycanl\u0131 g\u0259ncd\u0259n biri olub. \u00d6mr\u00fcn\u00fcn t\u0259xmin\u0259n 20 ilini pedaqoji i\u015f\u0259 s\u0259rf edib, onlarla istedadl\u0131 g\u0259nc yeti\u015fdirib. T\u0259til zaman\u0131 \u015eu\u015faya dinc\u0259lm\u0259y\u0259 g\u0259l\u0259rk\u0259n u\u015faqlara pulsuz d\u0259rs deyib, onlar\u0131 orta v\u0259 ali m\u0259kt\u0259bl\u0259r\u0259 daxil olmaq \u00fc\u00e7\u00fcn haz\u0131rlay\u0131b. XIX \u0259srin 80-ci ill\u0259rind\u0259n ba\u015flayaraq qabaqc\u0131l ziyal\u0131lar\u0131n Ana dili m\u0259kt\u0259bi yaratmaq c\u0259hdl\u0259ri get-ged\u0259 art\u0131r.&hellip;<\/p>\n","protected":false},"author":2,"featured_media":240809,"comment_status":"closed","ping_status":"closed","sticky":false,"template":"","format":"standard","meta":{"om_disable_all_campaigns":false,"_monsterinsights_skip_tracking":false,"_monsterinsights_sitenote_active":false,"_monsterinsights_sitenote_note":"","_monsterinsights_sitenote_category":0},"categories":[26],"tags":[],"aioseo_notices":[],"gutentor_comment":0,"rttpg_featured_image_url":{"full":["https:\/\/arantv.az\/wp-content\/uploads\/2020\/11\/sef.jpg",620,387,false],"landscape":["https:\/\/arantv.az\/wp-content\/uploads\/2020\/11\/sef.jpg",620,387,false],"portraits":["https:\/\/arantv.az\/wp-content\/uploads\/2020\/11\/sef.jpg",620,387,false],"thumbnail":["https:\/\/arantv.az\/wp-content\/uploads\/2020\/11\/sef-150x150.jpg",150,150,true],"medium":["https:\/\/arantv.az\/wp-content\/uploads\/2020\/11\/sef-300x187.jpg",300,187,true],"large":["https:\/\/arantv.az\/wp-content\/uploads\/2020\/11\/sef.jpg",620,387,false],"1536x1536":["https:\/\/arantv.az\/wp-content\/uploads\/2020\/11\/sef.jpg",620,387,false],"2048x2048":["https:\/\/arantv.az\/wp-content\/uploads\/2020\/11\/sef.jpg",620,387,false],"post-thumbnail":["https:\/\/arantv.az\/wp-content\/uploads\/2020\/11\/sef-240x172.jpg",240,172,true],"advps-thumb-one":["https:\/\/arantv.az\/wp-content\/uploads\/2020\/11\/sef.jpg",620,387,false]},"rttpg_author":{"display_name":"V\u00fcsal Rafiqo\u011flu","author_link":"https:\/\/arantv.az\/?author=2"},"rttpg_comment":0,"rttpg_category":"<a href=\"https:\/\/arantv.az\/?cat=26\" rel=\"category\">Sosial<\/a>","rttpg_excerpt":"T\u0259hsil Nazirliyinin \u201cQaraba\u011f\u0131n m\u0259\u015fhur m\u00fc\u0259lliml\u0259ri\u201d layih\u0259sinin n\u00f6vb\u0259ti simas\u0131 S\u0259f\u0259r\u0259li b\u0259y V\u0259lib\u0259yovdur. O, 1861-ci ild\u0259 \u015eu\u015fada anadan olub.1881-ci ild\u0259 Qori M\u00fc\u0259lliml\u0259r Seminariyas\u0131n\u0131 bitir\u0259n S\u0259f\u0259r\u0259li b\u0259y m\u00fc\u0259llim kimi burada f\u0259aliyy\u0259t\u0259 ba\u015flay\u0131b v\u0259 1896-c\u0131 il\u0259 q\u0259d\u0259r seminariyada i\u015fl\u0259yib. O, Qori M\u00fc\u0259lliml\u0259r Seminariyas\u0131n\u0131 bitir\u0259n ilk \u00fc\u00e7 az\u0259rbaycanl\u0131 g\u0259ncd\u0259n biri olub. \u00d6mr\u00fcn\u00fcn t\u0259xmin\u0259n 20 ilini pedaqoji i\u015f\u0259 s\u0259rf edib, onlarla&hellip;","_links":{"self":[{"href":"https:\/\/arantv.az\/index.php?rest_route=\/wp\/v2\/posts\/240808"}],"collection":[{"href":"https:\/\/arantv.az\/index.php?rest_route=\/wp\/v2\/posts"}],"about":[{"href":"https:\/\/arantv.az\/index.php?rest_route=\/wp\/v2\/types\/post"}],"author":[{"embeddable":true,"href":"https:\/\/arantv.az\/index.php?rest_route=\/wp\/v2\/users\/2"}],"replies":[{"embeddable":true,"href":"https:\/\/arantv.az\/index.php?rest_route=%2Fwp%2Fv2%2Fcomments&post=240808"}],"version-history":[{"count":0,"href":"https:\/\/arantv.az\/index.php?rest_route=\/wp\/v2\/posts\/240808\/revisions"}],"wp:featuredmedia":[{"embeddable":true,"href":"https:\/\/arantv.az\/index.php?rest_route=\/wp\/v2\/media\/240809"}],"wp:attachment":[{"href":"https:\/\/arantv.az\/index.php?rest_route=%2Fwp%2Fv2%2Fmedia&parent=240808"}],"wp:term":[{"taxonomy":"category","embeddable":true,"href":"https:\/\/arantv.az\/index.php?rest_route=%2Fwp%2Fv2%2Fcategories&post=240808"},{"taxonomy":"post_tag","embeddable":true,"href":"https:\/\/arantv.az\/index.php?rest_route=%2Fwp%2Fv2%2Ftags&post=240808"}],"curies":[{"name":"wp","href":"https:\/\/api.w.org\/{rel}","templated":true}]}}