{"id":240812,"date":"2020-11-23T11:48:04","date_gmt":"2020-11-23T08:48:04","guid":{"rendered":"http:\/\/arantv.az\/?p=240812"},"modified":"2020-11-23T11:48:04","modified_gmt":"2020-11-23T08:48:04","slug":"rusiya-m%c9%99tbuati-dagliq-qarabag-bar%c9%99d%c9%99-h%c9%99qiq%c9%99tl%c9%99ri-etiraf-etdi-video","status":"publish","type":"post","link":"https:\/\/arantv.az\/?p=240812","title":{"rendered":"Rusiya m\u0259tbuat\u0131 Da\u011fl\u0131q Qaraba\u011f bar\u0259d\u0259 h\u0259qiq\u0259tl\u0259ri etiraf etdi &#8211; V\u0130DEO"},"content":{"rendered":"<article class=\"news\">\n<div class=\"news-inner\">\n<p>Rusiyan\u0131n \u201cRossiya 1\u201d telekanal\u0131 Da\u011fl\u0131q Qaraba\u011f bar\u0259d\u0259 h\u0259qiq\u0259tl\u0259ri etiraf edib.<\/p>\n<p>Bu bar\u0259d\u0259 \u201cHaber Global\u201d m\u0259lumat verib.<\/p>\n<div id=\"AdviadNativeVideo0\" class=\"AdviadNativeVideo\"><\/div>\n<p>Bildirilir ki, 1994-c\u00fc ild\u0259 erm\u0259nil\u0259rin idar\u0259\u00e7iliyin\u0259 ke\u00e7\u0259n Da\u011fl\u0131q Qaraba\u011f v\u0259 onun \u0259traf\u0131ndak\u0131 7 rayon bu g\u00fcn\u0259 q\u0259d\u0259r Beyn\u0259lxalq h\u00fcquqa g\u00f6r\u0259 Az\u0259rbaycan torpaqlar\u0131 olaraq qal\u0131b:<\/p>\n<p>\u201cQondarma Da\u011fl\u0131q Qaraba\u011f Respublikas\u0131 he\u00e7 kim t\u0259r\u0259find\u0259n tan\u0131nmad\u0131. H\u0259tta Erm\u0259nistan t\u0259r\u0259find\u0259n d\u0259. M\u0259s\u0259l\u0259y\u0259 yenid\u0259n baxmaq \u00fc\u00e7\u00fcn he\u00e7 bir s\u0259b\u0259b yoxdur.<\/p>\n<p>Vladimir Putin\u00a0\u0130lham \u018fliyevl\u0259 telefon dan\u0131\u015f\u0131\u011f\u0131nda Az\u0259rbaycan\u0131n n\u0259zar\u0259tin\u0259 ke\u00e7\u0259n b\u00f6lg\u0259l\u0259rd\u0259 xristian m\u0259b\u0259dl\u0259rin\u0259 diqq\u0259t \u00e7\u0259kib. Bu m\u0259b\u0259dl\u0259rin qorunmas\u0131 v\u0259 normal dini f\u0259aliyy\u0259t\u0259 davam etm\u0259sini x\u00fcsusi vur\u011fulay\u0131b. \u0130lham \u018fliyev d\u0259 \u00f6z n\u00f6vb\u0259sind\u0259, Az\u0259rbaycan\u0131n m\u0259hz bu c\u00fcr davranaca\u011f\u0131n\u0131 bildirib\u201d.<\/p>\n<div><iframe loading=\"lazy\" src=\"https:\/\/www.youtube.com\/embed\/HpKySVL2Uf0\" width=\"560\" height=\"315\" frameborder=\"0\" allowfullscreen=\"allowfullscreen\" data-mce-fragment=\"1\"><\/iframe><\/div>\n<\/div>\n<\/article>\n<h2 class=\"news-share-title\"><\/h2>\n","protected":false},"excerpt":{"rendered":"<p>Rusiyan\u0131n \u201cRossiya 1\u201d telekanal\u0131 Da\u011fl\u0131q Qaraba\u011f bar\u0259d\u0259 h\u0259qiq\u0259tl\u0259ri etiraf edib. Bu bar\u0259d\u0259 \u201cHaber Global\u201d m\u0259lumat verib. Bildirilir ki, 1994-c\u00fc ild\u0259 erm\u0259nil\u0259rin idar\u0259\u00e7iliyin\u0259 ke\u00e7\u0259n Da\u011fl\u0131q Qaraba\u011f v\u0259 onun \u0259traf\u0131ndak\u0131 7 rayon bu g\u00fcn\u0259 q\u0259d\u0259r Beyn\u0259lxalq h\u00fcquqa g\u00f6r\u0259 Az\u0259rbaycan torpaqlar\u0131 olaraq qal\u0131b: \u201cQondarma Da\u011fl\u0131q Qaraba\u011f Respublikas\u0131 he\u00e7 kim t\u0259r\u0259find\u0259n tan\u0131nmad\u0131. H\u0259tta Erm\u0259nistan t\u0259r\u0259find\u0259n d\u0259. M\u0259s\u0259l\u0259y\u0259 yenid\u0259n baxmaq \u00fc\u00e7\u00fcn he\u00e7 bir s\u0259b\u0259b yoxdur. Vladimir Putin\u00a0\u0130lham \u018fliyevl\u0259 telefon dan\u0131\u015f\u0131\u011f\u0131nda Az\u0259rbaycan\u0131n n\u0259zar\u0259tin\u0259 ke\u00e7\u0259n b\u00f6lg\u0259l\u0259rd\u0259 xristian m\u0259b\u0259dl\u0259rin\u0259 diqq\u0259t \u00e7\u0259kib. Bu m\u0259b\u0259dl\u0259rin qorunmas\u0131 v\u0259 normal dini f\u0259aliyy\u0259t\u0259 davam etm\u0259sini x\u00fcsusi vur\u011fulay\u0131b. \u0130lham \u018fliyev d\u0259 \u00f6z n\u00f6vb\u0259sind\u0259, Az\u0259rbaycan\u0131n&hellip;<\/p>\n","protected":false},"author":2,"featured_media":240813,"comment_status":"closed","ping_status":"closed","sticky":false,"template":"","format":"standard","meta":{"om_disable_all_campaigns":false,"_monsterinsights_skip_tracking":false,"_monsterinsights_sitenote_active":false,"_monsterinsights_sitenote_note":"","_monsterinsights_sitenote_category":0},"categories":[4],"tags":[],"aioseo_notices":[],"gutentor_comment":0,"rttpg_featured_image_url":{"full":["https:\/\/arantv.az\/wp-content\/uploads\/2020\/11\/127223187_708092636768033_8361299584017663240_n.jpg",620,302,false],"landscape":["https:\/\/arantv.az\/wp-content\/uploads\/2020\/11\/127223187_708092636768033_8361299584017663240_n.jpg",620,302,false],"portraits":["https:\/\/arantv.az\/wp-content\/uploads\/2020\/11\/127223187_708092636768033_8361299584017663240_n.jpg",620,302,false],"thumbnail":["https:\/\/arantv.az\/wp-content\/uploads\/2020\/11\/127223187_708092636768033_8361299584017663240_n-150x150.jpg",150,150,true],"medium":["https:\/\/arantv.az\/wp-content\/uploads\/2020\/11\/127223187_708092636768033_8361299584017663240_n-300x146.jpg",300,146,true],"large":["https:\/\/arantv.az\/wp-content\/uploads\/2020\/11\/127223187_708092636768033_8361299584017663240_n.jpg",620,302,false],"1536x1536":["https:\/\/arantv.az\/wp-content\/uploads\/2020\/11\/127223187_708092636768033_8361299584017663240_n.jpg",620,302,false],"2048x2048":["https:\/\/arantv.az\/wp-content\/uploads\/2020\/11\/127223187_708092636768033_8361299584017663240_n.jpg",620,302,false],"post-thumbnail":["https:\/\/arantv.az\/wp-content\/uploads\/2020\/11\/127223187_708092636768033_8361299584017663240_n-240x172.jpg",240,172,true],"advps-thumb-one":["https:\/\/arantv.az\/wp-content\/uploads\/2020\/11\/127223187_708092636768033_8361299584017663240_n.jpg",620,302,false]},"rttpg_author":{"display_name":"V\u00fcsal Rafiqo\u011flu","author_link":"https:\/\/arantv.az\/?author=2"},"rttpg_comment":0,"rttpg_category":"<a href=\"https:\/\/arantv.az\/?cat=4\" rel=\"category\">Siyas\u0259t<\/a>","rttpg_excerpt":"Rusiyan\u0131n \u201cRossiya 1\u201d telekanal\u0131 Da\u011fl\u0131q Qaraba\u011f bar\u0259d\u0259 h\u0259qiq\u0259tl\u0259ri etiraf edib. Bu bar\u0259d\u0259 \u201cHaber Global\u201d m\u0259lumat verib. Bildirilir ki, 1994-c\u00fc ild\u0259 erm\u0259nil\u0259rin idar\u0259\u00e7iliyin\u0259 ke\u00e7\u0259n Da\u011fl\u0131q Qaraba\u011f v\u0259 onun \u0259traf\u0131ndak\u0131 7 rayon bu g\u00fcn\u0259 q\u0259d\u0259r Beyn\u0259lxalq h\u00fcquqa g\u00f6r\u0259 Az\u0259rbaycan torpaqlar\u0131 olaraq qal\u0131b: \u201cQondarma Da\u011fl\u0131q Qaraba\u011f Respublikas\u0131 he\u00e7 kim t\u0259r\u0259find\u0259n tan\u0131nmad\u0131. H\u0259tta Erm\u0259nistan t\u0259r\u0259find\u0259n d\u0259. M\u0259s\u0259l\u0259y\u0259 yenid\u0259n baxmaq&hellip;","_links":{"self":[{"href":"https:\/\/arantv.az\/index.php?rest_route=\/wp\/v2\/posts\/240812"}],"collection":[{"href":"https:\/\/arantv.az\/index.php?rest_route=\/wp\/v2\/posts"}],"about":[{"href":"https:\/\/arantv.az\/index.php?rest_route=\/wp\/v2\/types\/post"}],"author":[{"embeddable":true,"href":"https:\/\/arantv.az\/index.php?rest_route=\/wp\/v2\/users\/2"}],"replies":[{"embeddable":true,"href":"https:\/\/arantv.az\/index.php?rest_route=%2Fwp%2Fv2%2Fcomments&post=240812"}],"version-history":[{"count":0,"href":"https:\/\/arantv.az\/index.php?rest_route=\/wp\/v2\/posts\/240812\/revisions"}],"wp:featuredmedia":[{"embeddable":true,"href":"https:\/\/arantv.az\/index.php?rest_route=\/wp\/v2\/media\/240813"}],"wp:attachment":[{"href":"https:\/\/arantv.az\/index.php?rest_route=%2Fwp%2Fv2%2Fmedia&parent=240812"}],"wp:term":[{"taxonomy":"category","embeddable":true,"href":"https:\/\/arantv.az\/index.php?rest_route=%2Fwp%2Fv2%2Fcategories&post=240812"},{"taxonomy":"post_tag","embeddable":true,"href":"https:\/\/arantv.az\/index.php?rest_route=%2Fwp%2Fv2%2Ftags&post=240812"}],"curies":[{"name":"wp","href":"https:\/\/api.w.org\/{rel}","templated":true}]}}