{"id":240820,"date":"2020-11-23T11:49:37","date_gmt":"2020-11-23T08:49:37","guid":{"rendered":"http:\/\/arantv.az\/?p=240820"},"modified":"2020-11-23T11:49:37","modified_gmt":"2020-11-23T08:49:37","slug":"daha-bir-h%c9%99rbcimizin-%c9%99sirlikd%c9%99-olan-goruntusu-yayildi-atasi-danisdi-video","status":"publish","type":"post","link":"https:\/\/arantv.az\/?p=240820","title":{"rendered":"Daha bir h\u0259rb\u00e7imizin \u0259sirlikd\u0259 olan g\u00f6r\u00fcnt\u00fcs\u00fc yay\u0131ld\u0131 &#8211; Atas\u0131 DANI\u015eDI &#8211; V\u0130DEO"},"content":{"rendered":"<p>Az\u0259rbaycan ordusunun h\u0259rbi\u00e7isi Emin Bax\u015f\u0259liyev erm\u0259nil\u0259r t\u0259r\u0259find\u0259n \u0259sir g\u00f6t\u00fcr\u00fcl\u00fcb.<\/p>\n<p><strong>ARANTV.AZ<\/strong> \u00a0<a title=\"xeberler son xeberler 2020\" href=\"https:\/\/big.az\/\" target=\"_blank\" rel=\"noopener\">x\u0259b\u0259r<\/a>\u00a0verir ki, bu bar\u0259d\u0259 Unikal.org-a \u0259sirin atas\u0131 Zahir Bax\u015f\u0259liyev m\u0259lumat verib. O, qeyd edib ki, bir aydan \u00e7oxdur o\u011flu 1988-ci il t\u0259v\u0259ll\u00fcdl\u00fc Emin Bax\u015f\u0259liyev \u0259sir d\u00fc\u015f\u00fcb:<\/p>\n<div id=\"AdviadNativeVideo0\" class=\"AdviadNativeVideo\"><\/div>\n<p>&#8220;O\u011flum N sayl\u0131 h\u0259rbi hiss\u0259nin m\u00fcdd\u0259td\u0259n art\u0131q h\u0259rbi qulluq\u00e7usu kimi d\u00f6y\u00fc\u015fl\u0259rd\u0259 i\u015ftirak edib. M\u0259nd\u0259 olan m\u0259lumata g\u00f6r\u0259, T\u0259rt\u0259r rayonun Tal\u0131\u015f k\u0259ndi istiqam\u0259tind\u0259 d\u00fc\u015fm\u0259nl\u0259 d\u00f6y\u00fc\u015f zaman\u0131 erm\u0259ni h\u0259rbi\u00e7il\u0259ri t\u0259r\u0259find\u0259n \u0259sir g\u00f6t\u00fcr\u00fcl\u00fcb. Sonradan erm\u0259nil\u0259r o\u011flumun sosial \u015f\u0259b\u0259k\u0259l\u0259rd\u0259 \u0259sir g\u00f6t\u00fcr\u00fcld\u00fcy\u00fcn\u00fc s\u00fcbut ed\u0259n video payla\u015f\u0131blar. Ba\u015fqa bir videoda is\u0259 o\u011flumun aya\u011f\u0131ndan yaraland\u0131\u011f\u0131 m\u0259lum olur. M\u0259n aidiyyat\u0131 d\u00f6vl\u0259t qurumlar\u0131ndan xahi\u015f edir\u0259m ki, \u00f6vlad\u0131m\u0131n erm\u0259ni \u0259irliyind\u0259n azad olunmas\u0131 \u00fc\u00e7\u00fcn ail\u0259miz\u0259 k\u00f6m\u0259klik g\u00f6st\u0259rsinl\u0259r. Onun 1 v\u0259 5 ya\u015fl\u0131 iki \u00f6vlad\u0131 atalar\u0131n\u0131n yolunu g\u00f6zl\u0259yir. O\u011flumun taleyind\u0259n \u00e7ox narahat\u0131q&#8221;.<\/p>\n<div class=\"embed-responsive embed-responsive-16by9\"><iframe loading=\"lazy\" id=\"nmqembedid\" class=\"embed-responsive-item\" title=\"video player\" src=\"https:\/\/izle.az\/embed\/y8-2NbQwMra0NDM0tDQzNQQA\" width=\"600\" height=\"340\" frameborder=\"0\" scrolling=\"no\" allowfullscreen=\"allowfullscreen\" data-mce-fragment=\"1\"><\/iframe><\/div>\n<p><img class=\"imgbcode\" src=\"https:\/\/upload.az\/foto\/arxiv\/ndfioesf.jpg\" alt=\"Daha bir h\u0259rb\u00e7imizin \u0259sirlikd\u0259 olan g\u00f6r\u00fcnt\u00fcs\u00fc yay\u0131ld\u0131 - Atas\u0131 DANI\u015eDI - V\u0130DEO\" \/><img class=\"imgbcode\" src=\"https:\/\/upload.az\/foto\/arxiv\/fuohfj.jpg\" alt=\"Daha bir h\u0259rb\u00e7imizin \u0259sirlikd\u0259 olan g\u00f6r\u00fcnt\u00fcs\u00fc yay\u0131ld\u0131 - Atas\u0131 DANI\u015eDI - V\u0130DEO\" \/><img class=\"imgbcode\" src=\"https:\/\/upload.az\/foto\/arxiv\/jfoue.jpg\" alt=\"Daha bir h\u0259rb\u00e7imizin \u0259sirlikd\u0259 olan g\u00f6r\u00fcnt\u00fcs\u00fc yay\u0131ld\u0131 - Atas\u0131 DANI\u015eDI - V\u0130DEO\" \/><img class=\"imgbcode\" src=\"https:\/\/upload.az\/foto\/arxiv\/bjfuh.jpg\" alt=\"Daha bir h\u0259rb\u00e7imizin \u0259sirlikd\u0259 olan g\u00f6r\u00fcnt\u00fcs\u00fc yay\u0131ld\u0131 - Atas\u0131 DANI\u015eDI - V\u0130DEO\" \/><img class=\"imgbcode\" src=\"https:\/\/upload.az\/foto\/arxiv\/hq.jpg\" alt=\"Daha bir h\u0259rb\u00e7imizin \u0259sirlikd\u0259 olan g\u00f6r\u00fcnt\u00fcs\u00fc yay\u0131ld\u0131 - Atas\u0131 DANI\u015eDI - V\u0130DEO\" \/><\/p>\n","protected":false},"excerpt":{"rendered":"<p>Az\u0259rbaycan ordusunun h\u0259rbi\u00e7isi Emin Bax\u015f\u0259liyev erm\u0259nil\u0259r t\u0259r\u0259find\u0259n \u0259sir g\u00f6t\u00fcr\u00fcl\u00fcb. ARANTV.AZ \u00a0x\u0259b\u0259r\u00a0verir ki, bu bar\u0259d\u0259 Unikal.org-a \u0259sirin atas\u0131 Zahir Bax\u015f\u0259liyev m\u0259lumat verib. O, qeyd edib ki, bir aydan \u00e7oxdur o\u011flu 1988-ci il t\u0259v\u0259ll\u00fcdl\u00fc Emin Bax\u015f\u0259liyev \u0259sir d\u00fc\u015f\u00fcb: &#8220;O\u011flum N sayl\u0131 h\u0259rbi hiss\u0259nin m\u00fcdd\u0259td\u0259n art\u0131q h\u0259rbi qulluq\u00e7usu kimi d\u00f6y\u00fc\u015fl\u0259rd\u0259 i\u015ftirak edib. M\u0259nd\u0259 olan m\u0259lumata g\u00f6r\u0259, T\u0259rt\u0259r rayonun Tal\u0131\u015f k\u0259ndi istiqam\u0259tind\u0259 d\u00fc\u015fm\u0259nl\u0259 d\u00f6y\u00fc\u015f zaman\u0131 erm\u0259ni h\u0259rbi\u00e7il\u0259ri t\u0259r\u0259find\u0259n \u0259sir g\u00f6t\u00fcr\u00fcl\u00fcb. Sonradan erm\u0259nil\u0259r o\u011flumun sosial \u015f\u0259b\u0259k\u0259l\u0259rd\u0259 \u0259sir g\u00f6t\u00fcr\u00fcld\u00fcy\u00fcn\u00fc s\u00fcbut ed\u0259n video payla\u015f\u0131blar. Ba\u015fqa bir videoda is\u0259 o\u011flumun aya\u011f\u0131ndan yaraland\u0131\u011f\u0131 m\u0259lum olur. M\u0259n aidiyyat\u0131 d\u00f6vl\u0259t qurumlar\u0131ndan&hellip;<\/p>\n","protected":false},"author":2,"featured_media":240821,"comment_status":"closed","ping_status":"closed","sticky":false,"template":"","format":"standard","meta":{"om_disable_all_campaigns":false,"_monsterinsights_skip_tracking":false,"_monsterinsights_sitenote_active":false,"_monsterinsights_sitenote_note":"","_monsterinsights_sitenote_category":0},"categories":[26],"tags":[],"aioseo_notices":[],"gutentor_comment":0,"rttpg_featured_image_url":{"full":["https:\/\/arantv.az\/wp-content\/uploads\/2020\/11\/goruntu_41606119724.jpg",620,440,false],"landscape":["https:\/\/arantv.az\/wp-content\/uploads\/2020\/11\/goruntu_41606119724.jpg",620,440,false],"portraits":["https:\/\/arantv.az\/wp-content\/uploads\/2020\/11\/goruntu_41606119724.jpg",620,440,false],"thumbnail":["https:\/\/arantv.az\/wp-content\/uploads\/2020\/11\/goruntu_41606119724-150x150.jpg",150,150,true],"medium":["https:\/\/arantv.az\/wp-content\/uploads\/2020\/11\/goruntu_41606119724-300x213.jpg",300,213,true],"large":["https:\/\/arantv.az\/wp-content\/uploads\/2020\/11\/goruntu_41606119724.jpg",620,440,false],"1536x1536":["https:\/\/arantv.az\/wp-content\/uploads\/2020\/11\/goruntu_41606119724.jpg",620,440,false],"2048x2048":["https:\/\/arantv.az\/wp-content\/uploads\/2020\/11\/goruntu_41606119724.jpg",620,440,false],"post-thumbnail":["https:\/\/arantv.az\/wp-content\/uploads\/2020\/11\/goruntu_41606119724-240x172.jpg",240,172,true],"advps-thumb-one":["https:\/\/arantv.az\/wp-content\/uploads\/2020\/11\/goruntu_41606119724.jpg",620,440,false]},"rttpg_author":{"display_name":"V\u00fcsal Rafiqo\u011flu","author_link":"https:\/\/arantv.az\/?author=2"},"rttpg_comment":0,"rttpg_category":"<a href=\"https:\/\/arantv.az\/?cat=26\" rel=\"category\">Sosial<\/a>","rttpg_excerpt":"Az\u0259rbaycan ordusunun h\u0259rbi\u00e7isi Emin Bax\u015f\u0259liyev erm\u0259nil\u0259r t\u0259r\u0259find\u0259n \u0259sir g\u00f6t\u00fcr\u00fcl\u00fcb. ARANTV.AZ \u00a0x\u0259b\u0259r\u00a0verir ki, bu bar\u0259d\u0259 Unikal.org-a \u0259sirin atas\u0131 Zahir Bax\u015f\u0259liyev m\u0259lumat verib. O, qeyd edib ki, bir aydan \u00e7oxdur o\u011flu 1988-ci il t\u0259v\u0259ll\u00fcdl\u00fc Emin Bax\u015f\u0259liyev \u0259sir d\u00fc\u015f\u00fcb: &#8220;O\u011flum N sayl\u0131 h\u0259rbi hiss\u0259nin m\u00fcdd\u0259td\u0259n art\u0131q h\u0259rbi qulluq\u00e7usu kimi d\u00f6y\u00fc\u015fl\u0259rd\u0259 i\u015ftirak edib. M\u0259nd\u0259 olan m\u0259lumata g\u00f6r\u0259, T\u0259rt\u0259r rayonun&hellip;","_links":{"self":[{"href":"https:\/\/arantv.az\/index.php?rest_route=\/wp\/v2\/posts\/240820"}],"collection":[{"href":"https:\/\/arantv.az\/index.php?rest_route=\/wp\/v2\/posts"}],"about":[{"href":"https:\/\/arantv.az\/index.php?rest_route=\/wp\/v2\/types\/post"}],"author":[{"embeddable":true,"href":"https:\/\/arantv.az\/index.php?rest_route=\/wp\/v2\/users\/2"}],"replies":[{"embeddable":true,"href":"https:\/\/arantv.az\/index.php?rest_route=%2Fwp%2Fv2%2Fcomments&post=240820"}],"version-history":[{"count":0,"href":"https:\/\/arantv.az\/index.php?rest_route=\/wp\/v2\/posts\/240820\/revisions"}],"wp:featuredmedia":[{"embeddable":true,"href":"https:\/\/arantv.az\/index.php?rest_route=\/wp\/v2\/media\/240821"}],"wp:attachment":[{"href":"https:\/\/arantv.az\/index.php?rest_route=%2Fwp%2Fv2%2Fmedia&parent=240820"}],"wp:term":[{"taxonomy":"category","embeddable":true,"href":"https:\/\/arantv.az\/index.php?rest_route=%2Fwp%2Fv2%2Fcategories&post=240820"},{"taxonomy":"post_tag","embeddable":true,"href":"https:\/\/arantv.az\/index.php?rest_route=%2Fwp%2Fv2%2Ftags&post=240820"}],"curies":[{"name":"wp","href":"https:\/\/api.w.org\/{rel}","templated":true}]}}