{"id":240824,"date":"2020-11-23T11:50:29","date_gmt":"2020-11-23T08:50:29","guid":{"rendered":"http:\/\/arantv.az\/?p=240824"},"modified":"2020-11-23T11:50:29","modified_gmt":"2020-11-23T08:50:29","slug":"boyuk-%c9%99fv-s%c9%99r%c9%99ncami-gozl%c9%99nilir-aciqlama","status":"publish","type":"post","link":"https:\/\/arantv.az\/?p=240824","title":{"rendered":"B\u00f6y\u00fck \u0259fv s\u0259r\u0259ncam\u0131 g\u00f6zl\u0259nilir &#8211; A\u00c7IQLAMA"},"content":{"rendered":"<p>Sentyabr\u0131n 27-d\u0259 ba\u015flayan V\u0259t\u0259n M\u00fcharib\u0259sinin q\u0259l\u0259b\u0259 il\u0259 ba\u015fa \u00e7atmas\u0131yla ba\u011fl\u0131 \u0259fv s\u0259r\u0259ncam\u0131n\u0131n olaca\u011f\u0131 g\u00f6zl\u0259nilir.<\/p>\n<p><strong>ARANTV.AZ<\/strong> \u00a0<a title=\"xeberler son xeberler 2020\" href=\"https:\/\/big.az\/\" target=\"_blank\" rel=\"noopener\">x\u0259b\u0259r<\/a>\u00a0verir ki, bu bar\u0259d\u0259 Unikal.org-a a\u00e7\u0131qlama ver\u0259n \u018ffv Komissiyas\u0131n\u0131n \u00fczv\u00fc \u018flim\u0259mm\u0259d Nuriyev deyib ki, V\u0259t\u0259n M\u00fcharib\u0259sind\u0259 qazan\u0131lan q\u0259l\u0259b\u0259 b\u00f6y\u00fck hadis\u0259dir v\u0259 bu m\u00fcnasib\u0259tl\u0259 \u0259fv s\u0259r\u0259ncam\u0131, b\u00f6y\u00fck amnistiya da ola bil\u0259r.<\/p>\n<div id=\"AdviadNativeVideo0\" class=\"AdviadNativeVideo\"><\/div>\n<p>Onun s\u00f6zl\u0259rin\u0259 g\u00f6r\u0259, komissiya \u00fczv\u00fc kimi bel\u0259 bir t\u0259klifl\u0259 \u00e7\u0131x\u0131\u015f etm\u0259k niyy\u0259tind\u0259dir: &#8220;\u00dcmid edir\u0259m ki, c\u0259nab Prezident bu b\u00f6y\u00fck q\u0259l\u0259b\u0259 il\u0259 ba\u011fl\u0131 bel\u0259 bir hunmanist add\u0131m atacaq&#8221;.<\/p>\n","protected":false},"excerpt":{"rendered":"<p>Sentyabr\u0131n 27-d\u0259 ba\u015flayan V\u0259t\u0259n M\u00fcharib\u0259sinin q\u0259l\u0259b\u0259 il\u0259 ba\u015fa \u00e7atmas\u0131yla ba\u011fl\u0131 \u0259fv s\u0259r\u0259ncam\u0131n\u0131n olaca\u011f\u0131 g\u00f6zl\u0259nilir. ARANTV.AZ \u00a0x\u0259b\u0259r\u00a0verir ki, bu bar\u0259d\u0259 Unikal.org-a a\u00e7\u0131qlama ver\u0259n \u018ffv Komissiyas\u0131n\u0131n \u00fczv\u00fc \u018flim\u0259mm\u0259d Nuriyev deyib ki, V\u0259t\u0259n M\u00fcharib\u0259sind\u0259 qazan\u0131lan q\u0259l\u0259b\u0259 b\u00f6y\u00fck hadis\u0259dir v\u0259 bu m\u00fcnasib\u0259tl\u0259 \u0259fv s\u0259r\u0259ncam\u0131, b\u00f6y\u00fck amnistiya da ola bil\u0259r. Onun s\u00f6zl\u0259rin\u0259 g\u00f6r\u0259, komissiya \u00fczv\u00fc kimi bel\u0259 bir t\u0259klifl\u0259 \u00e7\u0131x\u0131\u015f etm\u0259k niyy\u0259tind\u0259dir: &#8220;\u00dcmid edir\u0259m ki, c\u0259nab Prezident bu b\u00f6y\u00fck q\u0259l\u0259b\u0259 il\u0259 ba\u011fl\u0131 bel\u0259 bir hunmanist add\u0131m atacaq&#8221;.<\/p>\n","protected":false},"author":2,"featured_media":240825,"comment_status":"closed","ping_status":"closed","sticky":false,"template":"","format":"standard","meta":{"om_disable_all_campaigns":false,"_monsterinsights_skip_tracking":false,"_monsterinsights_sitenote_active":false,"_monsterinsights_sitenote_note":"","_monsterinsights_sitenote_category":0},"categories":[26],"tags":[],"aioseo_notices":[],"gutentor_comment":0,"rttpg_featured_image_url":{"full":["https:\/\/arantv.az\/wp-content\/uploads\/2020\/11\/efv_61606120585.jpg",585,390,false],"landscape":["https:\/\/arantv.az\/wp-content\/uploads\/2020\/11\/efv_61606120585.jpg",585,390,false],"portraits":["https:\/\/arantv.az\/wp-content\/uploads\/2020\/11\/efv_61606120585.jpg",585,390,false],"thumbnail":["https:\/\/arantv.az\/wp-content\/uploads\/2020\/11\/efv_61606120585-150x150.jpg",150,150,true],"medium":["https:\/\/arantv.az\/wp-content\/uploads\/2020\/11\/efv_61606120585-300x200.jpg",300,200,true],"large":["https:\/\/arantv.az\/wp-content\/uploads\/2020\/11\/efv_61606120585.jpg",585,390,false],"1536x1536":["https:\/\/arantv.az\/wp-content\/uploads\/2020\/11\/efv_61606120585.jpg",585,390,false],"2048x2048":["https:\/\/arantv.az\/wp-content\/uploads\/2020\/11\/efv_61606120585.jpg",585,390,false],"post-thumbnail":["https:\/\/arantv.az\/wp-content\/uploads\/2020\/11\/efv_61606120585-240x172.jpg",240,172,true],"advps-thumb-one":["https:\/\/arantv.az\/wp-content\/uploads\/2020\/11\/efv_61606120585.jpg",585,390,false]},"rttpg_author":{"display_name":"V\u00fcsal Rafiqo\u011flu","author_link":"https:\/\/arantv.az\/?author=2"},"rttpg_comment":0,"rttpg_category":"<a href=\"https:\/\/arantv.az\/?cat=26\" rel=\"category\">Sosial<\/a>","rttpg_excerpt":"Sentyabr\u0131n 27-d\u0259 ba\u015flayan V\u0259t\u0259n M\u00fcharib\u0259sinin q\u0259l\u0259b\u0259 il\u0259 ba\u015fa \u00e7atmas\u0131yla ba\u011fl\u0131 \u0259fv s\u0259r\u0259ncam\u0131n\u0131n olaca\u011f\u0131 g\u00f6zl\u0259nilir. ARANTV.AZ \u00a0x\u0259b\u0259r\u00a0verir ki, bu bar\u0259d\u0259 Unikal.org-a a\u00e7\u0131qlama ver\u0259n \u018ffv Komissiyas\u0131n\u0131n \u00fczv\u00fc \u018flim\u0259mm\u0259d Nuriyev deyib ki, V\u0259t\u0259n M\u00fcharib\u0259sind\u0259 qazan\u0131lan q\u0259l\u0259b\u0259 b\u00f6y\u00fck hadis\u0259dir v\u0259 bu m\u00fcnasib\u0259tl\u0259 \u0259fv s\u0259r\u0259ncam\u0131, b\u00f6y\u00fck amnistiya da ola bil\u0259r. Onun s\u00f6zl\u0259rin\u0259 g\u00f6r\u0259, komissiya \u00fczv\u00fc kimi bel\u0259 bir t\u0259klifl\u0259 \u00e7\u0131x\u0131\u015f&hellip;","_links":{"self":[{"href":"https:\/\/arantv.az\/index.php?rest_route=\/wp\/v2\/posts\/240824"}],"collection":[{"href":"https:\/\/arantv.az\/index.php?rest_route=\/wp\/v2\/posts"}],"about":[{"href":"https:\/\/arantv.az\/index.php?rest_route=\/wp\/v2\/types\/post"}],"author":[{"embeddable":true,"href":"https:\/\/arantv.az\/index.php?rest_route=\/wp\/v2\/users\/2"}],"replies":[{"embeddable":true,"href":"https:\/\/arantv.az\/index.php?rest_route=%2Fwp%2Fv2%2Fcomments&post=240824"}],"version-history":[{"count":0,"href":"https:\/\/arantv.az\/index.php?rest_route=\/wp\/v2\/posts\/240824\/revisions"}],"wp:featuredmedia":[{"embeddable":true,"href":"https:\/\/arantv.az\/index.php?rest_route=\/wp\/v2\/media\/240825"}],"wp:attachment":[{"href":"https:\/\/arantv.az\/index.php?rest_route=%2Fwp%2Fv2%2Fmedia&parent=240824"}],"wp:term":[{"taxonomy":"category","embeddable":true,"href":"https:\/\/arantv.az\/index.php?rest_route=%2Fwp%2Fv2%2Fcategories&post=240824"},{"taxonomy":"post_tag","embeddable":true,"href":"https:\/\/arantv.az\/index.php?rest_route=%2Fwp%2Fv2%2Ftags&post=240824"}],"curies":[{"name":"wp","href":"https:\/\/api.w.org\/{rel}","templated":true}]}}