{"id":240861,"date":"2020-11-23T12:25:30","date_gmt":"2020-11-23T09:25:30","guid":{"rendered":"http:\/\/arantv.az\/?p=240861"},"modified":"2020-11-23T12:25:30","modified_gmt":"2020-11-23T09:25:30","slug":"dovl%c9%99t-budc%c9%99sin%c9%99-isgaldan-azad-olunmus-%c9%99razil%c9%99rin-yenid%c9%99nqurmasi-il%c9%99-bagli-duz%c9%99lisl%c9%99r-daxil-edil%c9%99c%c9%99k-r%c9%99smi","status":"publish","type":"post","link":"https:\/\/arantv.az\/?p=240861","title":{"rendered":"D\u00f6vl\u0259t b\u00fcdc\u0259sin\u0259 i\u015f\u011faldan azad olunmu\u015f \u0259razil\u0259rin yenid\u0259nqurmas\u0131 il\u0259 ba\u011fl\u0131 d\u00fcz\u0259li\u015fl\u0259r daxil edil\u0259c\u0259k &#8211; R\u018fSM\u0130"},"content":{"rendered":"<p>\u201c\u00d6lk\u0259mizd\u0259 elan olunmu\u015f h\u0259rbi v\u0259ziyy\u0259tl\u0259 \u0259laq\u0259dar Az\u0259rbaycan Respublikas\u0131n\u0131n 2021-ci il \u00fczr\u0259 d\u00f6vl\u0259t b\u00fcdc\u0259sinin v\u0259 icmal b\u00fcdc\u0259nin layih\u0259l\u0259rinin h\u0259l\u0259lik Milli M\u0259clisin m\u00fczakir\u0259sin\u0259 t\u0259qdim edilm\u0259m\u0259si anla\u015f\u0131land\u0131r\u201d.<\/p>\n<p>Bunu Report-a a\u00e7\u0131qlamas\u0131nda Az\u0259rbaycan Respublikas\u0131n\u0131n Maliyy\u0259 naziri Samir \u015e\u0259rifov deyib.<\/p>\n<p>\u015e.\u015e\u0259rifov 2021-ci il \u00fczr\u0259 haz\u0131rlanm\u0131\u015f d\u00f6vl\u0259t b\u00fcdc\u0259si layih\u0259sind\u0259 m\u00fc\u0259yy\u0259n d\u00fcz\u0259li\u015fl\u0259rin edil\u0259c\u0259yini bildirib:<\/p>\n<div id=\"AdviadNativeVideo0\" class=\"AdviadNativeVideo\"><\/div>\n<p>\u201cAz\u0259rbaycan Respublikas\u0131n\u0131n Prezidenti, Ali Ba\u015f Komandan \u0130lham \u018fliyevin r\u0259hb\u0259rliyi alt\u0131nda m\u00fcz\u0259ff\u0259r ordumuzun \u0259ks-h\u00fccum \u0259m\u0259liyyat\u0131 n\u0259tic\u0259sind\u0259 Erm\u0259nistan\u0131n m\u0259\u011flub edilm\u0259si v\u0259 onun t\u0259slimiyy\u0259t b\u0259yanat\u0131n\u0131 imzalama\u011fa m\u0259cbur edilm\u0259si n\u0259tic\u0259sind\u0259 \u00f6lk\u0259mizin \u0259z\u0259li torpaqlar\u0131n\u0131n 30 ild\u0259n b\u0259ri davam ed\u0259n i\u015f\u011fal\u0131na son qoyuldu.<\/p>\n<p>\u0130\u015f\u011faldan azad olunan b\u00fct\u00fcn \u0259razil\u0259rimizd\u0259 yenid\u0259nqurma i\u015fl\u0259rinin apar\u0131lmas\u0131, sosial-iqtisadi, enerji, kommunal, n\u0259qliyyat infrastrukturun yarad\u0131lmas\u0131, \u00f6z do\u011fma yurdlar\u0131na qay\u0131dan v\u0259t\u0259nda\u015flar\u0131m\u0131z\u0131n ya\u015fay\u0131\u015f\u0131 v\u0259 i\u015fg\u00fczar f\u0259aliyy\u0259ti \u00fc\u00e7\u00fcn \u015f\u0259raitin t\u0259\u015fkil edilm\u0259si \u0259n \u00fcmd\u0259 prioritet kimi q\u0259bul edilib.<\/p>\n<p>Prezident \u0130lham \u018fliyevin qeyd etdiyi kimi, \u201ctezlikl\u0259 b\u00fct\u00fcn Qaraba\u011fda abadl\u0131q, quruculuq, inki\u015faf ba\u015flayacaq\u201d.<\/p>\n<p>Maliyy\u0259 naziri bildirib ki, azad olunan rayonlarda ilk olaraq m\u00fcvafiq t\u0259hl\u00fck\u0259sizlik t\u0259dbirl\u0259rinin g\u00f6r\u00fclm\u0259si vacib hesab olunur. Bu is\u0259 h\u0259min \u0259razil\u0259rd\u0259 Az\u0259rbaycan ordusunun, S\u0259rh\u0259d Qo\u015funlar\u0131n\u0131n, daxili i\u015fl\u0259r, t\u0259hl\u00fck\u0259sizlik orqanlar\u0131n\u0131n f\u0259aliyy\u0259tinin t\u0259min edilm\u0259sini, minat\u0259mizl\u0259m\u0259 t\u0259dbirl\u0259rinin t\u0259\u015fkil olunmas\u0131n\u0131 \u00f6n plana \u00e7\u0131xar\u0131r.<\/p>\n<p>Qeyd olunan v\u0259zif\u0259l\u0259rin h\u0259yata ke\u00e7irilm\u0259si il\u0259 ba\u011fl\u0131 maliyy\u0259 t\u0259minat\u0131n\u0131n yarad\u0131lmas\u0131 2021-ci il \u00fc\u00e7\u00fcn haz\u0131rlanm\u0131\u015f d\u00f6vl\u0259t b\u00fcdc\u0259si layih\u0259sind\u0259 m\u00fcvafiq d\u00fcz\u0259li\u015fl\u0259rin edilm\u0259sini \u015f\u0259rtl\u0259ndirir.<\/p>\n<p>\u201cAz\u0259rbaycan Respublikas\u0131 Prezidentinin tap\u015f\u0131r\u0131\u011f\u0131na \u0259sas\u0259n, i\u015f\u011faldan azad olunmu\u015f \u0259razil\u0259rd\u0259 infrastruktur layih\u0259l\u0259rinin icras\u0131na art\u0131q ba\u015flan\u0131l\u0131b. Prezidentin s\u0259r\u0259ncam\u0131 il\u0259 Prezidentin Ehtiyat Fondundan \u018fhm\u0259db\u0259yli-Alxanl\u0131-F\u00fczuli-\u015eu\u015fa avtomobil yolunun tikilm\u0259sin\u0259 ayr\u0131lm\u0131\u015f 50 mln manat\u0131n maliyy\u0259l\u0259\u015fdirilm\u0259sin\u0259 start verilib\u201d, &#8211; S.\u015e\u0259rifov qeyd edib.<\/p>\n","protected":false},"excerpt":{"rendered":"<p>\u201c\u00d6lk\u0259mizd\u0259 elan olunmu\u015f h\u0259rbi v\u0259ziyy\u0259tl\u0259 \u0259laq\u0259dar Az\u0259rbaycan Respublikas\u0131n\u0131n 2021-ci il \u00fczr\u0259 d\u00f6vl\u0259t b\u00fcdc\u0259sinin v\u0259 icmal b\u00fcdc\u0259nin layih\u0259l\u0259rinin h\u0259l\u0259lik Milli M\u0259clisin m\u00fczakir\u0259sin\u0259 t\u0259qdim edilm\u0259m\u0259si anla\u015f\u0131land\u0131r\u201d. Bunu Report-a a\u00e7\u0131qlamas\u0131nda Az\u0259rbaycan Respublikas\u0131n\u0131n Maliyy\u0259 naziri Samir \u015e\u0259rifov deyib. \u015e.\u015e\u0259rifov 2021-ci il \u00fczr\u0259 haz\u0131rlanm\u0131\u015f d\u00f6vl\u0259t b\u00fcdc\u0259si layih\u0259sind\u0259 m\u00fc\u0259yy\u0259n d\u00fcz\u0259li\u015fl\u0259rin edil\u0259c\u0259yini bildirib: \u201cAz\u0259rbaycan Respublikas\u0131n\u0131n Prezidenti, Ali Ba\u015f Komandan \u0130lham \u018fliyevin r\u0259hb\u0259rliyi alt\u0131nda m\u00fcz\u0259ff\u0259r ordumuzun \u0259ks-h\u00fccum \u0259m\u0259liyyat\u0131 n\u0259tic\u0259sind\u0259 Erm\u0259nistan\u0131n m\u0259\u011flub edilm\u0259si v\u0259 onun t\u0259slimiyy\u0259t b\u0259yanat\u0131n\u0131 imzalama\u011fa m\u0259cbur edilm\u0259si n\u0259tic\u0259sind\u0259 \u00f6lk\u0259mizin \u0259z\u0259li torpaqlar\u0131n\u0131n 30 ild\u0259n b\u0259ri davam ed\u0259n i\u015f\u011fal\u0131na son qoyuldu. \u0130\u015f\u011faldan azad olunan b\u00fct\u00fcn \u0259razil\u0259rimizd\u0259 yenid\u0259nqurma i\u015fl\u0259rinin&hellip;<\/p>\n","protected":false},"author":2,"featured_media":240862,"comment_status":"closed","ping_status":"closed","sticky":false,"template":"","format":"standard","meta":{"om_disable_all_campaigns":false,"_monsterinsights_skip_tracking":false,"_monsterinsights_sitenote_active":false,"_monsterinsights_sitenote_note":"","_monsterinsights_sitenote_category":0},"categories":[19],"tags":[],"aioseo_notices":[],"gutentor_comment":0,"rttpg_featured_image_url":{"full":["https:\/\/arantv.az\/wp-content\/uploads\/2020\/11\/DA\u00c4_INTI.jpg",620,413,false],"landscape":["https:\/\/arantv.az\/wp-content\/uploads\/2020\/11\/DA\u00c4_INTI.jpg",620,413,false],"portraits":["https:\/\/arantv.az\/wp-content\/uploads\/2020\/11\/DA\u00c4_INTI.jpg",620,413,false],"thumbnail":["https:\/\/arantv.az\/wp-content\/uploads\/2020\/11\/DA\u00c4_INTI-150x150.jpg",150,150,true],"medium":["https:\/\/arantv.az\/wp-content\/uploads\/2020\/11\/DA\u00c4_INTI-300x200.jpg",300,200,true],"large":["https:\/\/arantv.az\/wp-content\/uploads\/2020\/11\/DA\u00c4_INTI.jpg",620,413,false],"1536x1536":["https:\/\/arantv.az\/wp-content\/uploads\/2020\/11\/DA\u00c4_INTI.jpg",620,413,false],"2048x2048":["https:\/\/arantv.az\/wp-content\/uploads\/2020\/11\/DA\u00c4_INTI.jpg",620,413,false],"post-thumbnail":["https:\/\/arantv.az\/wp-content\/uploads\/2020\/11\/DA\u00c4_INTI-240x172.jpg",240,172,true],"advps-thumb-one":["https:\/\/arantv.az\/wp-content\/uploads\/2020\/11\/DA\u00c4_INTI.jpg",620,413,false]},"rttpg_author":{"display_name":"V\u00fcsal Rafiqo\u011flu","author_link":"https:\/\/arantv.az\/?author=2"},"rttpg_comment":0,"rttpg_category":"<a href=\"https:\/\/arantv.az\/?cat=19\" rel=\"category\">G\u00fcnd\u0259m<\/a>","rttpg_excerpt":"\u201c\u00d6lk\u0259mizd\u0259 elan olunmu\u015f h\u0259rbi v\u0259ziyy\u0259tl\u0259 \u0259laq\u0259dar Az\u0259rbaycan Respublikas\u0131n\u0131n 2021-ci il \u00fczr\u0259 d\u00f6vl\u0259t b\u00fcdc\u0259sinin v\u0259 icmal b\u00fcdc\u0259nin layih\u0259l\u0259rinin h\u0259l\u0259lik Milli M\u0259clisin m\u00fczakir\u0259sin\u0259 t\u0259qdim edilm\u0259m\u0259si anla\u015f\u0131land\u0131r\u201d. Bunu Report-a a\u00e7\u0131qlamas\u0131nda Az\u0259rbaycan Respublikas\u0131n\u0131n Maliyy\u0259 naziri Samir \u015e\u0259rifov deyib. \u015e.\u015e\u0259rifov 2021-ci il \u00fczr\u0259 haz\u0131rlanm\u0131\u015f d\u00f6vl\u0259t b\u00fcdc\u0259si layih\u0259sind\u0259 m\u00fc\u0259yy\u0259n d\u00fcz\u0259li\u015fl\u0259rin edil\u0259c\u0259yini bildirib: \u201cAz\u0259rbaycan Respublikas\u0131n\u0131n Prezidenti, Ali Ba\u015f Komandan \u0130lham \u018fliyevin r\u0259hb\u0259rliyi&hellip;","_links":{"self":[{"href":"https:\/\/arantv.az\/index.php?rest_route=\/wp\/v2\/posts\/240861"}],"collection":[{"href":"https:\/\/arantv.az\/index.php?rest_route=\/wp\/v2\/posts"}],"about":[{"href":"https:\/\/arantv.az\/index.php?rest_route=\/wp\/v2\/types\/post"}],"author":[{"embeddable":true,"href":"https:\/\/arantv.az\/index.php?rest_route=\/wp\/v2\/users\/2"}],"replies":[{"embeddable":true,"href":"https:\/\/arantv.az\/index.php?rest_route=%2Fwp%2Fv2%2Fcomments&post=240861"}],"version-history":[{"count":0,"href":"https:\/\/arantv.az\/index.php?rest_route=\/wp\/v2\/posts\/240861\/revisions"}],"wp:featuredmedia":[{"embeddable":true,"href":"https:\/\/arantv.az\/index.php?rest_route=\/wp\/v2\/media\/240862"}],"wp:attachment":[{"href":"https:\/\/arantv.az\/index.php?rest_route=%2Fwp%2Fv2%2Fmedia&parent=240861"}],"wp:term":[{"taxonomy":"category","embeddable":true,"href":"https:\/\/arantv.az\/index.php?rest_route=%2Fwp%2Fv2%2Fcategories&post=240861"},{"taxonomy":"post_tag","embeddable":true,"href":"https:\/\/arantv.az\/index.php?rest_route=%2Fwp%2Fv2%2Ftags&post=240861"}],"curies":[{"name":"wp","href":"https:\/\/api.w.org\/{rel}","templated":true}]}}