{"id":240873,"date":"2020-11-23T12:28:21","date_gmt":"2020-11-23T09:28:21","guid":{"rendered":"http:\/\/arantv.az\/?p=240873"},"modified":"2020-11-23T12:28:21","modified_gmt":"2020-11-23T09:28:21","slug":"azad-olunmus-%c9%99razil%c9%99rd%c9%99-2000-d%c9%99k-agac-%c9%99kilib-nov%c9%99ti-aksiya-qubadli-v%c9%99-c%c9%99brayilda-keciril%c9%99c%c9%99k-nazir-muavini","status":"publish","type":"post","link":"https:\/\/arantv.az\/?p=240873","title":{"rendered":"&#8220;Azad olunmu\u015f \u0259razil\u0259rd\u0259 2000-d\u0259k a\u011fac \u0259kilib, n\u00f6v\u0259ti aksiya Qubadl\u0131 v\u0259 C\u0259bray\u0131lda ke\u00e7iril\u0259c\u0259k&#8221; &#8211; Nazir m\u00fcavini"},"content":{"rendered":"<blockquote><p><em><strong>Bug\u00fcn\u0259d\u0259k i\u015f\u011faldan azad olunmu\u015f F\u00fczuli, Z\u0259ngilan v\u0259 A\u011fdam rayonlar\u0131n\u0131n \u0259razil\u0259rind\u0259 \u0259sas\u0259n \u015e\u0259rq \u00e7inar\u0131 olmaqla \u00fcmumilikd\u0259 2000-d\u0259k m\u00fcxt\u0259lif cinsli a\u011fac \u0259kilib, 100 kq-dan art\u0131q pal\u0131d v\u0259 dig\u0259r me\u015f\u0259cinsli a\u011fac toxumlar\u0131 s\u0259pilib.<\/strong><\/em><\/p><\/blockquote>\n<p><strong>ARANTV.AZ<\/strong>\u00a0 bildirir ki, bunu\u00a0<a href=\"http:\/\/az.trend.az\/\" target=\"_blank\" rel=\"noopener\">Trend<\/a>-in sor\u011fusuna cavab olaraq, Ekologiya v\u0259 t\u0259bii s\u0259rv\u0259tl\u0259r nazirinin m\u00fcavini Firdovsi \u018fliyev deyib.<\/p>\n<p>Onun s\u00f6zl\u0259rin\u0259 g\u00f6r\u0259, n\u00f6vb\u0259ti a\u011fac\u0259km\u0259 aksiyalar\u0131 bu g\u00fcnl\u0259rd\u0259 Qubadl\u0131da, C\u0259bray\u0131lda ke\u00e7iril\u0259c\u0259k.<\/p>\n<p>Nazir m\u00fcavini \u0259lav\u0259 edib ki, \u00fcmumiyy\u0259tl\u0259 i\u015f\u011faldan azad olunmu\u015f \u0259razil\u0259r minalardan t\u0259mizl\u0259nib t\u0259hl\u00fck\u0259siz v\u0259ziyy\u0259t\u0259 g\u0259tirildikc\u0259 a\u011fac\u0259km\u0259 t\u0259dbirl\u0259ri b\u00fct\u00fcn Qaraba\u011f b\u00f6lg\u0259sind\u0259 hiss\u0259-hiss\u0259 davam etdiril\u0259c\u0259k:<\/p>\n<div>\n<div id=\"AdviadNativeVideo0\" class=\"AdviadNativeVideo\"><\/div>\n<\/div>\n<p>&#8220;\u0130\u015f\u011faldan azad olunmu\u015f \u0259razil\u0259rd\u0259 Ekologiya v\u0259 T\u0259bii S\u0259rv\u0259tl\u0259r Nazirliyinin \u0259m\u0259kda\u015flar\u0131 t\u0259r\u0259find\u0259n ekoloji tarazl\u0131\u011f\u0131n b\u0259rpas\u0131 istiqam\u0259tind\u0259 i\u015fl\u0259r davam etdirilir. \u0130\u015f\u011fal\u00e7\u0131 Erm\u0259nistan t\u0259r\u0259find\u0259n Qaraba\u011f b\u00f6lg\u0259sind\u0259 m\u0259hv edilmi\u015f ya\u015f\u0131ll\u0131q massivl\u0259rinin yenid\u0259n b\u0259rpas\u0131na, do\u011fma torpaqlar\u0131m\u0131za B\u00f6y\u00fck Qay\u0131d\u0131\u015f t\u0259nt\u0259n\u0259sin\u0259 h\u0259r k\u0259s b\u00f6y\u00fck ruh y\u00fcks\u0259kliyi v\u0259 q\u0259l\u0259b\u0259 sevinci il\u0259 \u00f6z t\u00f6hf\u0259sini verm\u0259y\u0259 \u00e7al\u0131\u015f\u0131r. Noyabr\u0131n 11-d\u0259n ba\u015flayaraq i\u015f\u011faldan azad olunmu\u015f v\u0259 minalardan t\u0259mizl\u0259nmi\u015f t\u0259hl\u00fck\u0259siz sah\u0259l\u0259rd\u0259 \u0259sas\u0259n \u015e\u0259rq \u00e7inarlar\u0131 olmaqla \u0259razinin relyefin\u0259 v\u0259 iqlimin\u0259 uy\u011fun m\u00fcxt\u0259lif n\u00f6v a\u011fac tingl\u0259ri \u0259kilir, pal\u0131d v\u0259 dig\u0259r me\u015f\u0259cinsli a\u011fac toxumlar\u0131 s\u0259pilir, me\u015f\u0259 \u00f6rt\u00fcy\u00fcn\u00fcn v\u0259 ya\u015f\u0131ll\u0131qlar\u0131n b\u0259rpas\u0131 istiqam\u0259tind\u0259 t\u0259dbirl\u0259r g\u00f6r\u00fcl\u00fcr&#8221;.<\/p>\n","protected":false},"excerpt":{"rendered":"<p>Bug\u00fcn\u0259d\u0259k i\u015f\u011faldan azad olunmu\u015f F\u00fczuli, Z\u0259ngilan v\u0259 A\u011fdam rayonlar\u0131n\u0131n \u0259razil\u0259rind\u0259 \u0259sas\u0259n \u015e\u0259rq \u00e7inar\u0131 olmaqla \u00fcmumilikd\u0259 2000-d\u0259k m\u00fcxt\u0259lif cinsli a\u011fac \u0259kilib, 100 kq-dan art\u0131q pal\u0131d v\u0259 dig\u0259r me\u015f\u0259cinsli a\u011fac toxumlar\u0131 s\u0259pilib. ARANTV.AZ\u00a0 bildirir ki, bunu\u00a0Trend-in sor\u011fusuna cavab olaraq, Ekologiya v\u0259 t\u0259bii s\u0259rv\u0259tl\u0259r nazirinin m\u00fcavini Firdovsi \u018fliyev deyib. Onun s\u00f6zl\u0259rin\u0259 g\u00f6r\u0259, n\u00f6vb\u0259ti a\u011fac\u0259km\u0259 aksiyalar\u0131 bu g\u00fcnl\u0259rd\u0259 Qubadl\u0131da, C\u0259bray\u0131lda ke\u00e7iril\u0259c\u0259k. Nazir m\u00fcavini \u0259lav\u0259 edib ki, \u00fcmumiyy\u0259tl\u0259 i\u015f\u011faldan azad olunmu\u015f \u0259razil\u0259r minalardan t\u0259mizl\u0259nib t\u0259hl\u00fck\u0259siz v\u0259ziyy\u0259t\u0259 g\u0259tirildikc\u0259 a\u011fac\u0259km\u0259 t\u0259dbirl\u0259ri b\u00fct\u00fcn Qaraba\u011f b\u00f6lg\u0259sind\u0259 hiss\u0259-hiss\u0259 davam etdiril\u0259c\u0259k: &#8220;\u0130\u015f\u011faldan azad olunmu\u015f \u0259razil\u0259rd\u0259 Ekologiya v\u0259 T\u0259bii S\u0259rv\u0259tl\u0259r Nazirliyinin \u0259m\u0259kda\u015flar\u0131&hellip;<\/p>\n","protected":false},"author":2,"featured_media":240874,"comment_status":"closed","ping_status":"closed","sticky":false,"template":"","format":"standard","meta":{"om_disable_all_campaigns":false,"_monsterinsights_skip_tracking":false,"_monsterinsights_sitenote_active":false,"_monsterinsights_sitenote_note":"","_monsterinsights_sitenote_category":0},"categories":[26],"tags":[],"aioseo_notices":[],"gutentor_comment":0,"rttpg_featured_image_url":{"full":["https:\/\/arantv.az\/wp-content\/uploads\/2020\/11\/899405.jpg",800,600,false],"landscape":["https:\/\/arantv.az\/wp-content\/uploads\/2020\/11\/899405.jpg",800,600,false],"portraits":["https:\/\/arantv.az\/wp-content\/uploads\/2020\/11\/899405.jpg",800,600,false],"thumbnail":["https:\/\/arantv.az\/wp-content\/uploads\/2020\/11\/899405-150x150.jpg",150,150,true],"medium":["https:\/\/arantv.az\/wp-content\/uploads\/2020\/11\/899405-300x225.jpg",300,225,true],"large":["https:\/\/arantv.az\/wp-content\/uploads\/2020\/11\/899405.jpg",640,480,false],"1536x1536":["https:\/\/arantv.az\/wp-content\/uploads\/2020\/11\/899405.jpg",800,600,false],"2048x2048":["https:\/\/arantv.az\/wp-content\/uploads\/2020\/11\/899405.jpg",800,600,false],"post-thumbnail":["https:\/\/arantv.az\/wp-content\/uploads\/2020\/11\/899405-240x172.jpg",240,172,true],"advps-thumb-one":["https:\/\/arantv.az\/wp-content\/uploads\/2020\/11\/899405.jpg",800,600,false]},"rttpg_author":{"display_name":"V\u00fcsal Rafiqo\u011flu","author_link":"https:\/\/arantv.az\/?author=2"},"rttpg_comment":0,"rttpg_category":"<a href=\"https:\/\/arantv.az\/?cat=26\" rel=\"category\">Sosial<\/a>","rttpg_excerpt":"Bug\u00fcn\u0259d\u0259k i\u015f\u011faldan azad olunmu\u015f F\u00fczuli, Z\u0259ngilan v\u0259 A\u011fdam rayonlar\u0131n\u0131n \u0259razil\u0259rind\u0259 \u0259sas\u0259n \u015e\u0259rq \u00e7inar\u0131 olmaqla \u00fcmumilikd\u0259 2000-d\u0259k m\u00fcxt\u0259lif cinsli a\u011fac \u0259kilib, 100 kq-dan art\u0131q pal\u0131d v\u0259 dig\u0259r me\u015f\u0259cinsli a\u011fac toxumlar\u0131 s\u0259pilib. ARANTV.AZ\u00a0 bildirir ki, bunu\u00a0Trend-in sor\u011fusuna cavab olaraq, Ekologiya v\u0259 t\u0259bii s\u0259rv\u0259tl\u0259r nazirinin m\u00fcavini Firdovsi \u018fliyev deyib. Onun s\u00f6zl\u0259rin\u0259 g\u00f6r\u0259, n\u00f6vb\u0259ti a\u011fac\u0259km\u0259 aksiyalar\u0131 bu g\u00fcnl\u0259rd\u0259 Qubadl\u0131da,&hellip;","_links":{"self":[{"href":"https:\/\/arantv.az\/index.php?rest_route=\/wp\/v2\/posts\/240873"}],"collection":[{"href":"https:\/\/arantv.az\/index.php?rest_route=\/wp\/v2\/posts"}],"about":[{"href":"https:\/\/arantv.az\/index.php?rest_route=\/wp\/v2\/types\/post"}],"author":[{"embeddable":true,"href":"https:\/\/arantv.az\/index.php?rest_route=\/wp\/v2\/users\/2"}],"replies":[{"embeddable":true,"href":"https:\/\/arantv.az\/index.php?rest_route=%2Fwp%2Fv2%2Fcomments&post=240873"}],"version-history":[{"count":0,"href":"https:\/\/arantv.az\/index.php?rest_route=\/wp\/v2\/posts\/240873\/revisions"}],"wp:featuredmedia":[{"embeddable":true,"href":"https:\/\/arantv.az\/index.php?rest_route=\/wp\/v2\/media\/240874"}],"wp:attachment":[{"href":"https:\/\/arantv.az\/index.php?rest_route=%2Fwp%2Fv2%2Fmedia&parent=240873"}],"wp:term":[{"taxonomy":"category","embeddable":true,"href":"https:\/\/arantv.az\/index.php?rest_route=%2Fwp%2Fv2%2Fcategories&post=240873"},{"taxonomy":"post_tag","embeddable":true,"href":"https:\/\/arantv.az\/index.php?rest_route=%2Fwp%2Fv2%2Ftags&post=240873"}],"curies":[{"name":"wp","href":"https:\/\/api.w.org\/{rel}","templated":true}]}}