{"id":24089,"date":"2018-11-20T08:59:17","date_gmt":"2018-11-20T05:59:17","guid":{"rendered":"http:\/\/arantv.az\/?p=24089"},"modified":"2018-11-20T08:59:17","modified_gmt":"2018-11-20T05:59:17","slug":"moskvada-n%c9%99siminin-bustunun-t%c9%99nt%c9%99n%c9%99li-acilis-m%c9%99rasimi-olub","status":"publish","type":"post","link":"https:\/\/arantv.az\/?p=24089","title":{"rendered":"Moskvada N\u0259siminin b\u00fcst\u00fcn\u00fcn t\u0259nt\u0259n\u0259li a\u00e7\u0131l\u0131\u015f m\u0259rasimi olub"},"content":{"rendered":"<p><strong>ARANTV.AZ<\/strong> x\u0259b\u0259r verir ki, noyabr\u0131n 19-da Moskva D\u00f6vl\u0259t Beyn\u0259lxalq M\u00fcnasib\u0259tl\u0259r \u0130nstitutunda (MDBM\u0130) XIV-XV \u0259srl\u0259rin b\u00f6y\u00fck Az\u0259rbaycan \u015fairi v\u0259 m\u00fct\u0259f\u0259kkiri \u0130mad\u0259ddin N\u0259siminin b\u00fcst\u00fcn\u00fcn t\u0259nt\u0259n\u0259li a\u00e7\u0131l\u0131\u015f m\u0259rasimi olub.<\/p>\n<p>Heyd\u0259r \u018fliyev Fondunun vitse-prezidenti Leyla \u018fliyeva a\u00e7\u0131l\u0131\u015f m\u0259rasimind\u0259 i\u015ftirak edib.<\/p>\n<p>N\u0259siminin b\u00fcst\u00fcn\u00fcn a\u00e7\u0131l\u0131\u015f\u0131 Heyd\u0259r \u018fliyev Fondunun t\u0259\u015fkilat\u00e7\u0131l\u0131\u011f\u0131 v\u0259 Az\u0259rbaycan\u0131n Rusiyadak\u0131 s\u0259firliyinin d\u0259st\u0259yi il\u0259 Moskvada ke\u00e7iril\u0259n \u201cN\u0259simi \u2013 poeziya, inc\u0259s\u0259n\u0259t v\u0259 m\u0259n\u0259viyyat festival\u0131\u201d \u00e7\u0259r\u00e7iv\u0259sind\u0259 ba\u015f tutub.<\/p>\n<p>Heyd\u0259r \u018fliyev Fondunun vitse-prezidenti Leyla \u018fL\u0130YEVA t\u0259nt\u0259n\u0259li m\u0259rasimd\u0259 \u00e7\u0131x\u0131\u015f ed\u0259r\u0259k dedi:<\/p>\n<p>-Biz bu g\u00fcn b\u00f6y\u00fck \u015fair, filosof v\u0259 m\u00fct\u0259f\u0259kkir N\u0259simiy\u0259 h\u0259sr olunmu\u015f t\u0259dbir\u0259 topla\u015fm\u0131\u015f\u0131q. N\u0259simi XIV-XV \u0259srl\u0259rd\u0259 ya\u015fay\u0131b-yarad\u0131b. O, Az\u0259rbaycan \u0259d\u0259biyyat\u0131n\u0131n inki\u015faf\u0131nda b\u00f6y\u00fck rol oynay\u0131b, Az\u0259rbaycan poeziyas\u0131n\u0131n \u015fah \u0259s\u0259rl\u0259rini yarad\u0131b, Az\u0259rbaycan \u0259d\u0259bi dilinin \u0259sas\u0131n\u0131 qoyub. N\u0259simi poeziyas\u0131 m\u00fcasir d\u00f6vr\u00fcm\u00fczd\u0259 d\u0259 ya\u015fay\u0131r v\u0259 aktuald\u0131r. Bu ilin sentyabr\u0131nda Az\u0259rbaycanda ilk d\u0259f\u0259 N\u0259simiy\u0259 h\u0259sr edilmi\u015f m\u0259n\u0259vi-poetik yarad\u0131c\u0131l\u0131q festival\u0131 ke\u00e7irilib. Festival \u00e7\u0259r\u00e7iv\u0259sind\u0259 \u00e7oxlu sayda t\u0259dbirl\u0259r \u2013 poeziya, musiqi v\u0259 r\u0259qs gec\u0259l\u0259ri, tama\u015falar, s\u0259rgil\u0259r, videoinstalyasiyalar, yoqa v\u0259 meditasiya t\u0259\u015fkil olunub. B\u00fct\u00fcn bunlar ali \u015f\u00fcurun d\u0259rinliyin\u0259 varmaq \u00fc\u00e7\u00fcn edilib.<\/p>\n<p>T\u0259dbirl\u0259r N\u0259siminin do\u011fma yurdu \u015eamax\u0131da, \u201cQala\u201d, \u201cAt\u0259\u015fgah m\u0259b\u0259di\u201d qoruqlar\u0131nda v\u0259 \u0259lb\u0259tt\u0259, Bak\u0131da ke\u00e7irilib. D\u00f6rd g\u00fcn \u0259rzind\u0259 \u00fcmum\u0259n 30 t\u0259dbir t\u0259\u015fkil olunub. N\u0259simi f\u0259ls\u0259f\u0259si o q\u0259d\u0259r d\u0259rindir ki, sonsuzlu\u011fu qavrama\u011fa, insan \u015f\u00fcurunun \u0259n d\u0259rin qatlar\u0131na n\u00fcfuz etm\u0259y\u0259 v\u0259 bir \u00e7ox hadis\u0259l\u0259ri yozma\u011fa qabildir. Biz son d\u0259r\u0259c\u0259 minn\u0259tdar\u0131q v\u0259 \u015fad\u0131q ki, bu g\u00fcn Moskva D\u00f6vl\u0259t Beyn\u0259lxalq M\u00fcnasib\u0259tl\u0259r \u0130nstitutunun binas\u0131nda bu dahi insan\u0131n b\u00fcst\u00fcn\u00fc a\u00e7\u0131r\u0131q. Bu, bizim \u00fc\u00e7\u00fcn d\u0259 \u00e7ox aktuald\u0131r. \u00c7\u00fcnki bizim v\u0259zif\u0259l\u0259rimizd\u0259n v\u0259 arzular\u0131m\u0131zdan biri budur ki, bu g\u00fcn N\u0259simini tan\u0131s\u0131nlar, onun poeziyas\u0131n\u0131 oxusunlar v\u0259 bu poeziya ya\u015fas\u0131n. H\u0259qiq\u0259t zaman\u0131n f\u00f6vq\u00fcnd\u0259 dayanan anlay\u0131\u015fd\u0131r. N\u0259siminin t\u00fck\u0259nm\u0259z ilham m\u0259nb\u0259yi g\u00f6z\u0259llik, m\u0259h\u0259bb\u0259t v\u0259 t\u0259bi\u0259tdir. B\u00f6y\u00fck \u015fair hesab edirdi ki, h\u0259qiq\u0259t\u0259 \u00e7atmaq \u00fc\u00e7\u00fcn insan q\u0259lbinin d\u0259rinliyin\u0259 n\u00fcfuz edib, onun g\u00f6z\u0259lliyini v\u0259 xeyirxahl\u0131\u011f\u0131n\u0131 g\u00f6rm\u0259k laz\u0131md\u0131r.<\/p>\n<p>Ham\u0131n\u0131za \u201c\u00c7ox sa\u011f olun!\u201d deyir\u0259m. M\u0259n Moskva D\u00f6vl\u0259t Beyn\u0259lxalq M\u00fcnasib\u0259tl\u0259r \u0130nstitutunun rektoru Anatoli Torkunova, prorektor Artyom Malgin\u0259, institut kitabxanas\u0131n\u0131n direktoru Marina Re\u015fetnikovaya, Tarix Muzeyinin r\u0259hb\u0259ri \u0130qor Pavlenkoya v\u0259 \u0259lb\u0259tt\u0259, bu g\u00f6z\u0259l \u0259s\u0259rin m\u00fc\u0259llifi Mahmud R\u00fcst\u0259mova t\u0259\u015f\u0259kk\u00fcr etm\u0259k ist\u0259yir\u0259m.<\/p>\n<p>Sonra Leyla \u018fliyeva \u00f6z \u015feirini oxudu.<\/p>\n<p>MDBM\u0130-nin rektoru, akademik Anatoli TORKUNOV \u00e7\u0131x\u0131\u015f ed\u0259r\u0259k bildirdi ki, N\u0259siminin b\u00fcst\u00fcn\u00fcn qoyulmas\u0131 universitet \u00fc\u00e7\u00fcn b\u00f6y\u00fck \u015f\u0259r\u0259fdir. O dedi: \u201cBu g\u00fcn biz Heyd\u0259r \u018fliyev Fondundan olan \u00e7oxdank\u0131 f\u0259xri, \u0259ziz v\u0259 h\u00f6rm\u0259tli dostlar\u0131m\u0131z\u0131 tamamil\u0259 qeyri-adi bir m\u00fcnasib\u0259tl\u0259 q\u0259bul edirik. Bel\u0259 ki, kitabxanam\u0131zda b\u00f6y\u00fck Az\u0259rbaycan \u015fairi v\u0259 m\u00fct\u0259f\u0259kkiri \u0130mad\u0259ddin N\u0259siminin b\u00fcst\u00fcn\u00fc a\u00e7\u0131r\u0131q. N\u0259simi yarad\u0131c\u0131l\u0131\u011f\u0131 Az\u0259rbaycan v\u0259 \u0259r\u0259b dill\u0259rind\u0259 poeziyaya v\u0259 b\u00fct\u00f6vl\u00fckd\u0259 Yax\u0131n \u015e\u0259rq regionunun m\u0259d\u0259niyy\u0259tin\u0259 b\u00f6y\u00fck t\u0259sir g\u00f6st\u0259rib. \u015e\u0259rq probleml\u0259rin\u0259 v\u0259 \u015e\u0259rq dill\u0259rin\u0259 b\u00f6y\u00fck diqq\u0259t yetir\u0259n universitetimizd\u0259 dahi m\u00fct\u0259f\u0259kkirin b\u00fcst\u00fcn\u00fcn a\u00e7\u0131l\u0131\u015f\u0131 d\u0259rin r\u0259mzi m\u0259na da\u015f\u0131y\u0131r. Rusiya \u015f\u0259rq\u015f\u00fcnasl\u0131\u011f\u0131n\u0131n \u015fanl\u0131 \u0259n\u0259n\u0259l\u0259rinin davam\u00e7\u0131s\u0131 olan MDBM\u0130 bir \u00e7ox bax\u0131mdan nadir olan v\u0259 son d\u0259r\u0259c\u0259 m\u00fcv\u0259ff\u0259qiyy\u0259tl\u0259 inki\u015faf ed\u0259n, \u00f6lk\u0259nin t\u0259r\u0259qqisin\u0259 r\u0259vac ver\u0259n yeni-yeni b\u00f6y\u00fck ustadlar yeti\u015fdir\u0259n Az\u0259rbaycan m\u0259d\u0259niyy\u0259tin\u0259 h\u0259mi\u015f\u0259 x\u00fcsusi diqq\u0259tl\u0259 yana\u015f\u0131b\u201d.<\/p>\n<p>Anatoli Torkunov \u00e7\u0131x\u0131\u015f\u0131n\u0131n sonunda dedi: \u201c\u00d6z b\u00f6y\u00fck s\u0259l\u0259fl\u0259rinin, o c\u00fcml\u0259d\u0259n \u0130mad\u0259ddin N\u0259siminin irsin\u0259 &#8211; bu \u00e7ox g\u00fccl\u00fc m\u0259d\u0259ni t\u0259b\u0259q\u0259y\u0259 s\u00f6yk\u0259n\u0259n Az\u0259rbaycan bu g\u00fcn d\u0259 m\u0259d\u0259ni inki\u015faf yolu il\u0259 durmadan s\u00fcr\u0259tl\u0259 ir\u0259lil\u0259yir. Az\u0259rbaycanda olan h\u0259r k\u0259s bununla raz\u0131la\u015fmaya bilm\u0259z. M\u0259n g\u00f6r\u00fcr\u0259m ki, respublikada b\u00f6y\u00fck d\u0259yi\u015fiklikl\u0259r, o c\u00fcml\u0259d\u0259n Az\u0259rbaycan xalq\u0131n\u0131n toplad\u0131\u011f\u0131 tarixi irs\u0259 m\u00fcnasib\u0259td\u0259 d\u0259yi\u015fiklikl\u0259r ba\u015f verir. Bizim \u00fc\u00e7\u00fcn tamamil\u0259 ayd\u0131n m\u0259s\u0259l\u0259dir ki, N\u0259simi d\u00fcnya poeziyas\u0131n\u0131n \u0259n m\u00fck\u0259mm\u0259l n\u00fcmun\u0259l\u0259ri aras\u0131nda yer tutma\u011fa layiq olan \u0259s\u0259rl\u0259rind\u0259 h\u0259mi\u015f\u0259 ilk n\u00f6vb\u0259d\u0259 insan\u0131n b\u00f6y\u00fckl\u00fcy\u00fcn\u00fc, b\u0259\u015f\u0259ri sevgini v\u0259 \u015f\u0259xsiyy\u0259t azadl\u0131\u011f\u0131n\u0131 t\u0259r\u0259nn\u00fcm edib. N\u0259siminin xalq\u0131n m\u0259n\u0259viyyat\u0131ndan qaynaqlanan parlaq \u00fcslubu orta \u0259srl\u0259r Az\u0259rbaycan dilinin m\u0259na imkanlar\u0131n\u0131 b\u00fct\u00fcn dol\u011funlu\u011fu v\u0259 m\u00fcxt\u0259lifliyi il\u0259 \u0259ks etdirib. Ustad\u0131n yarad\u0131c\u0131l\u0131\u011f\u0131 Az\u0259rbaycan xalq\u0131n\u0131n v\u0259 bir s\u0131ra dig\u0259r xalqlar\u0131n b\u0259dii-ictimai t\u0259f\u0259kk\u00fcr\u00fcn\u00fcn inki\u015faf\u0131na b\u00f6y\u00fck t\u0259sir g\u00f6st\u0259rib v\u0259 g\u00f6st\u0259rm\u0259kd\u0259dir\u201d.<\/p>\n<p>Az\u0259rbaycan Respublikas\u0131n\u0131n Rusiya Federasiyas\u0131ndak\u0131 s\u0259firi Polad B\u00fclb\u00fclo\u011flu Leyla \u018fliyevaya v\u0259 Anatoli Torkunova minn\u0259tdarl\u0131\u011f\u0131n\u0131 bildir\u0259r\u0259k dedi:<\/p>\n<p>-Bu iki parlaq \u00e7\u0131x\u0131\u015fdan sonra m\u0259n\u0259 burada b\u00f6y\u00fck Az\u0259rbaycan \u015fairi, m\u00fct\u0259f\u0259kkiri v\u0259 filosofunun b\u00fcst\u00fcn\u00fc a\u00e7maq \u00fc\u00e7\u00fcn yarad\u0131lan g\u00f6z\u0259l f\u00fcrs\u0259t\u0259 g\u00f6r\u0259, ilk n\u00f6vb\u0259d\u0259, Moskva D\u00f6vl\u0259t Beyn\u0259lxalq M\u00fcnasib\u0259tl\u0259r \u0130nstitutunun rektorlu\u011funa t\u0259\u015f\u0259kk\u00fcr\u00fcm\u00fc ifad\u0259 etm\u0259k qal\u0131r. Anatoli Vasilyevi\u00e7 \u00e7ox do\u011fru dedi ki, bu b\u00fcst burada oxuyan t\u0259l\u0259b\u0259l\u0259r\u0259 h\u0259mi\u015f\u0259 xat\u0131rladacaq ki, onlar \u00e7ox savadl\u0131 insanlar olmal\u0131d\u0131rlar. N\u0259simi f\u0259ls\u0259f\u0259sinin d\u0259rinliyini ba\u015fa d\u00fc\u015fm\u0259k onlar \u00fc\u00e7\u00fcn d\u0259 \u00e7ox faydal\u0131 olacaq.<\/p>\n<p>B\u00fcst\u00fcn yarad\u0131lmas\u0131na g\u00f6r\u0259 Heyd\u0259r \u018fliyev Fonduna v\u0259 heyk\u0259lt\u0259ra\u015fa t\u0259\u015f\u0259kk\u00fcr\u00fcn\u00fc bildir\u0259n s\u0259fir qeyd edib ki, Fondun t\u0259\u015fkilat\u00e7\u0131l\u0131\u011f\u0131 v\u0259 k\u00f6m\u0259yi olmadan bunu h\u0259yata ke\u00e7irm\u0259k \u00e7ox \u00e7\u0259tin olard\u0131. G\u00f6st\u0259rdiyi d\u0259st\u0259y\u0259 v\u0259 tez-tez Moskvaya s\u0259f\u0259r etdiyin\u0259 g\u00f6r\u0259 Leyla \u018fliyevaya t\u0259\u015f\u0259kk\u00fcr ed\u0259n Polad B\u00fclb\u00fclo\u011flu deyib: \u201cO, Rusiyan\u0131n Az\u0259rbaycanl\u0131 G\u0259ncl\u0259r Birliyin\u0259 &#8211; RAGB-a ba\u015f\u00e7\u0131l\u0131q edir, Heyd\u0259r \u018fliyev Fondunun Rusiya n\u00fcmay\u0259nd\u0259liyinin r\u0259hb\u0259ridir. Budur, bu g\u00fcn biz bu universiteti bitir\u0259n h\u00f6rm\u0259tli Prezidentimizin alma-materin\u0259 topla\u015fm\u0131\u015f\u0131q. M\u0259n x\u00fcsusi vur\u011fulamaq ist\u0259yir\u0259m ki, biz az\u0259rbaycanl\u0131lar \u00fc\u00e7\u00fcn bu universitet \u00e7ox d\u0259y\u0259rlidir, \u00e7\u00fcnki \u00dcmummilli Liderimiz, Az\u0259rbaycan siyas\u0259tinin patriarx\u0131, b\u00f6y\u00fck d\u00f6vl\u0259t xadimi Heyd\u0259r \u018flirza o\u011flu \u018fliyev v\u0259 indiki Prezidentimiz \u0130lham Heyd\u0259r o\u011flu \u018fliyev bu ali t\u0259hsil oca\u011f\u0131n\u0131n f\u0259xri doktorlar\u0131d\u0131r. Buna g\u00f6r\u0259 d\u0259 Moskva D\u00f6vl\u0259t Beyn\u0259lxalq M\u00fcnasib\u0259tl\u0259r \u0130nstitutu bizim \u00fc\u00e7\u00fcn k\u0259nar ev deyil. Biz h\u0259mi\u015f\u0259 burada olma\u011fa \u015fad\u0131q. Biz bunu y\u00fcks\u0259k qiym\u0259tl\u0259ndiririk\u201d.<\/p>\n<p>Bug\u00fcnk\u00fc t\u0259dbir Az\u0259rbaycanla Rusiya aras\u0131nda sars\u0131lmaz dostlu\u011fun daha bir t\u0259sdiqi oldu\u011funu vur\u011fulayan Polad B\u00fclb\u00fclo\u011flu universitetin r\u0259hb\u0259rliyin\u0259, m\u00fc\u0259llim v\u0259 professor hey\u0259tin\u0259 u\u011furlar arzulay\u0131b, t\u0259l\u0259b\u0259l\u0259r\u0259 m\u00fcraci\u0259tl\u0259 deyib : \u201cYax\u015f\u0131 oxuyacaqs\u0131n\u0131z, bizim Prezidentimiz kimi, \u00f6z \u00f6lk\u0259nizd\u0259 prezident olacaqs\u0131n\u0131z. Siz\u0259 u\u011furlar dil\u0259yir\u0259m\u201d.<\/p>\n<p><strong>x\u00a0 \u00a0x\u00a0 \u00a0x<\/strong><\/p>\n<p>A\u00e7\u0131l\u0131\u015f m\u0259rasimind\u0259 Yevgeni Vaxtanqov ad\u0131na Moskva D\u00f6vl\u0259t Akademik Teatr\u0131n\u0131n aktyoru Eldar Tramov tarz\u0259n Qorxmaz Axundovun m\u00fc\u015fayi\u0259ti il\u0259 N\u0259siminin \u015feirl\u0259rini oxudu.<\/p>\n<p>Xat\u0131rladaq ki, Az\u0259rbaycan Prezidenti \u0130lham \u018fliyevin S\u0259r\u0259ncam\u0131 il\u0259 \u00f6lk\u0259mizd\u0259 b\u00f6y\u00fck Az\u0259rbaycan \u015fairi \u0130mad\u0259ddin N\u0259siminin 650 illik yubileyi qeyd olunur. Moskvada \u201cN\u0259simi \u2013 poeziya, inc\u0259s\u0259n\u0259t v\u0259 m\u0259n\u0259viyyat festival\u0131\u201d dahi \u015fairin yubileyin\u0259 h\u0259sr olunmu\u015f t\u0259dbirl\u0259r plan\u0131n\u0131n bir hiss\u0259sidir. Festival\u0131n m\u0259qs\u0259di \u015e\u0259rqin \u0259n b\u00f6y\u00fck \u015fair v\u0259 m\u00fct\u0259f\u0259kkirl\u0259rind\u0259n birinin yarad\u0131c\u0131l\u0131\u011f\u0131n\u0131 t\u0259bli\u011f etm\u0259k, habel\u0259 Az\u0259rbaycan v\u0259 Rusiya aras\u0131nda m\u0259d\u0259ni-\u0259d\u0259bi \u0259laq\u0259l\u0259ri geni\u015fl\u0259ndirm\u0259kdir.<\/p>\n<p>Qeyd ed\u0259k ki, Heyd\u0259r \u018fliyev Fondunun vitse-prezidenti Leyla \u018fliyevan\u0131n t\u0259\u015f\u0259bb\u00fcs\u00fc il\u0259 sentyabr\u0131n 27-30-da Az\u0259rbaycanda ilk d\u0259f\u0259 \u201cN\u0259simi \u2013 poeziya, inc\u0259s\u0259n\u0259t v\u0259 m\u0259n\u0259viyyat festival\u0131\u201d ke\u00e7irilib. Festival \u00e7\u0259r\u00e7iv\u0259sind\u0259 \u015fairin anadan oldu\u011fu \u015eamax\u0131 \u015f\u0259h\u0259rind\u0259 v\u0259 Bak\u0131da m\u00fcxt\u0259lif inc\u0259s\u0259n\u0259t n\u00f6vl\u0259ri \u00fczr\u0259 s\u0259rgil\u0259r, musiqi layih\u0259l\u0259ri, tama\u015falar, habel\u0259 m\u00fchazir\u0259, simpozium v\u0259 seminarlar t\u0259\u015fkil edilib.<\/p>\n","protected":false},"excerpt":{"rendered":"<p>ARANTV.AZ x\u0259b\u0259r verir ki, noyabr\u0131n 19-da Moskva D\u00f6vl\u0259t Beyn\u0259lxalq M\u00fcnasib\u0259tl\u0259r \u0130nstitutunda (MDBM\u0130) XIV-XV \u0259srl\u0259rin b\u00f6y\u00fck Az\u0259rbaycan \u015fairi v\u0259 m\u00fct\u0259f\u0259kkiri \u0130mad\u0259ddin N\u0259siminin b\u00fcst\u00fcn\u00fcn t\u0259nt\u0259n\u0259li a\u00e7\u0131l\u0131\u015f m\u0259rasimi olub. Heyd\u0259r \u018fliyev Fondunun vitse-prezidenti Leyla \u018fliyeva a\u00e7\u0131l\u0131\u015f m\u0259rasimind\u0259 i\u015ftirak edib. N\u0259siminin b\u00fcst\u00fcn\u00fcn a\u00e7\u0131l\u0131\u015f\u0131 Heyd\u0259r \u018fliyev Fondunun t\u0259\u015fkilat\u00e7\u0131l\u0131\u011f\u0131 v\u0259 Az\u0259rbaycan\u0131n Rusiyadak\u0131 s\u0259firliyinin d\u0259st\u0259yi il\u0259 Moskvada ke\u00e7iril\u0259n \u201cN\u0259simi \u2013 poeziya, inc\u0259s\u0259n\u0259t v\u0259 m\u0259n\u0259viyyat festival\u0131\u201d \u00e7\u0259r\u00e7iv\u0259sind\u0259 ba\u015f tutub. Heyd\u0259r \u018fliyev Fondunun vitse-prezidenti Leyla \u018fL\u0130YEVA t\u0259nt\u0259n\u0259li m\u0259rasimd\u0259 \u00e7\u0131x\u0131\u015f ed\u0259r\u0259k dedi: -Biz bu g\u00fcn b\u00f6y\u00fck \u015fair, filosof v\u0259 m\u00fct\u0259f\u0259kkir N\u0259simiy\u0259 h\u0259sr olunmu\u015f t\u0259dbir\u0259 topla\u015fm\u0131\u015f\u0131q. N\u0259simi XIV-XV \u0259srl\u0259rd\u0259 ya\u015fay\u0131b-yarad\u0131b. O,&hellip;<\/p>\n","protected":false},"author":2,"featured_media":24090,"comment_status":"closed","ping_status":"closed","sticky":false,"template":"","format":"standard","meta":{"om_disable_all_campaigns":false,"_monsterinsights_skip_tracking":false,"_monsterinsights_sitenote_active":false,"_monsterinsights_sitenote_note":"","_monsterinsights_sitenote_category":0},"categories":[19],"tags":[],"aioseo_notices":[],"gutentor_comment":0,"rttpg_featured_image_url":{"full":["https:\/\/arantv.az\/wp-content\/uploads\/2018\/11\/fpau93oj75nmhcogjtrurvp342le.jpg",1000,667,false],"landscape":["https:\/\/arantv.az\/wp-content\/uploads\/2018\/11\/fpau93oj75nmhcogjtrurvp342le.jpg",1000,667,false],"portraits":["https:\/\/arantv.az\/wp-content\/uploads\/2018\/11\/fpau93oj75nmhcogjtrurvp342le.jpg",1000,667,false],"thumbnail":["https:\/\/arantv.az\/wp-content\/uploads\/2018\/11\/fpau93oj75nmhcogjtrurvp342le-150x150.jpg",150,150,true],"medium":["https:\/\/arantv.az\/wp-content\/uploads\/2018\/11\/fpau93oj75nmhcogjtrurvp342le-300x200.jpg",300,200,true],"large":["https:\/\/arantv.az\/wp-content\/uploads\/2018\/11\/fpau93oj75nmhcogjtrurvp342le.jpg",640,427,false],"1536x1536":["https:\/\/arantv.az\/wp-content\/uploads\/2018\/11\/fpau93oj75nmhcogjtrurvp342le.jpg",1000,667,false],"2048x2048":["https:\/\/arantv.az\/wp-content\/uploads\/2018\/11\/fpau93oj75nmhcogjtrurvp342le.jpg",1000,667,false],"post-thumbnail":["https:\/\/arantv.az\/wp-content\/uploads\/2018\/11\/fpau93oj75nmhcogjtrurvp342le-240x172.jpg",240,172,true],"advps-thumb-one":["https:\/\/arantv.az\/wp-content\/uploads\/2018\/11\/fpau93oj75nmhcogjtrurvp342le-1000x620.jpg",1000,620,true]},"rttpg_author":{"display_name":"V\u00fcsal Rafiqo\u011flu","author_link":"https:\/\/arantv.az\/?author=2"},"rttpg_comment":0,"rttpg_category":"<a href=\"https:\/\/arantv.az\/?cat=19\" rel=\"category\">G\u00fcnd\u0259m<\/a>","rttpg_excerpt":"ARANTV.AZ x\u0259b\u0259r verir ki, noyabr\u0131n 19-da Moskva D\u00f6vl\u0259t Beyn\u0259lxalq M\u00fcnasib\u0259tl\u0259r \u0130nstitutunda (MDBM\u0130) XIV-XV \u0259srl\u0259rin b\u00f6y\u00fck Az\u0259rbaycan \u015fairi v\u0259 m\u00fct\u0259f\u0259kkiri \u0130mad\u0259ddin N\u0259siminin b\u00fcst\u00fcn\u00fcn t\u0259nt\u0259n\u0259li a\u00e7\u0131l\u0131\u015f m\u0259rasimi olub. Heyd\u0259r \u018fliyev Fondunun vitse-prezidenti Leyla \u018fliyeva a\u00e7\u0131l\u0131\u015f m\u0259rasimind\u0259 i\u015ftirak edib. N\u0259siminin b\u00fcst\u00fcn\u00fcn a\u00e7\u0131l\u0131\u015f\u0131 Heyd\u0259r \u018fliyev Fondunun t\u0259\u015fkilat\u00e7\u0131l\u0131\u011f\u0131 v\u0259 Az\u0259rbaycan\u0131n Rusiyadak\u0131 s\u0259firliyinin d\u0259st\u0259yi il\u0259 Moskvada ke\u00e7iril\u0259n \u201cN\u0259simi \u2013 poeziya, inc\u0259s\u0259n\u0259t&hellip;","_links":{"self":[{"href":"https:\/\/arantv.az\/index.php?rest_route=\/wp\/v2\/posts\/24089"}],"collection":[{"href":"https:\/\/arantv.az\/index.php?rest_route=\/wp\/v2\/posts"}],"about":[{"href":"https:\/\/arantv.az\/index.php?rest_route=\/wp\/v2\/types\/post"}],"author":[{"embeddable":true,"href":"https:\/\/arantv.az\/index.php?rest_route=\/wp\/v2\/users\/2"}],"replies":[{"embeddable":true,"href":"https:\/\/arantv.az\/index.php?rest_route=%2Fwp%2Fv2%2Fcomments&post=24089"}],"version-history":[{"count":0,"href":"https:\/\/arantv.az\/index.php?rest_route=\/wp\/v2\/posts\/24089\/revisions"}],"wp:featuredmedia":[{"embeddable":true,"href":"https:\/\/arantv.az\/index.php?rest_route=\/wp\/v2\/media\/24090"}],"wp:attachment":[{"href":"https:\/\/arantv.az\/index.php?rest_route=%2Fwp%2Fv2%2Fmedia&parent=24089"}],"wp:term":[{"taxonomy":"category","embeddable":true,"href":"https:\/\/arantv.az\/index.php?rest_route=%2Fwp%2Fv2%2Fcategories&post=24089"},{"taxonomy":"post_tag","embeddable":true,"href":"https:\/\/arantv.az\/index.php?rest_route=%2Fwp%2Fv2%2Ftags&post=24089"}],"curies":[{"name":"wp","href":"https:\/\/api.w.org\/{rel}","templated":true}]}}