{"id":24095,"date":"2018-11-20T09:04:38","date_gmt":"2018-11-20T06:04:38","guid":{"rendered":"http:\/\/arantv.az\/?p=24095"},"modified":"2018-11-20T09:04:38","modified_gmt":"2018-11-20T06:04:38","slug":"berlind%c9%99-dinl%c9%99rarasi-v%c9%99-sivilizasiyalararasi-dialoqdan-%c9%99m%c9%99kdasliga-dogru-movzusunda-beyn%c9%99lxalq-konfrans-kecirilib","status":"publish","type":"post","link":"https:\/\/arantv.az\/?p=24095","title":{"rendered":"Berlind\u0259 \u201cDinl\u0259raras\u0131 v\u0259 sivilizasiyalararas\u0131 dialoqdan \u0259m\u0259kda\u015fl\u0131\u011fa do\u011fru\u201d m\u00f6vzusunda beyn\u0259lxalq konfrans ke\u00e7irilib"},"content":{"rendered":"<p><strong>ARANTV.AZ<\/strong> x\u0259b\u0259r verir ki, noyabr\u0131n 19-da Berlin \u015f\u0259h\u0259rind\u0259 Qafqaz M\u00fcs\u0259lmanlar\u0131 \u0130dar\u0259sinin (QM\u0130) n\u0259zdind\u0259 f\u0259aliyy\u0259t g\u00f6st\u0259r\u0259n Bak\u0131 Beyn\u0259lxalq Dinl\u0259raras\u0131 v\u0259 Sivilizasiyalararas\u0131 \u018fm\u0259kda\u015fl\u0131q M\u0259rk\u0259zinin, Dini Qurumlarla \u0130\u015f \u00fczr\u0259 D\u00f6vl\u0259t Komit\u0259sinin (DQ\u0130DK), Az\u0259rbaycan\u0131n Almaniyadak\u0131 s\u0259firliyinin, Almaniya-Az\u0259rbaycan Forumunun v\u0259 M\u0259d\u0259ni Diplomatiya Akademiyas\u0131n\u0131n birg\u0259 t\u0259\u015fkilat\u00e7\u0131l\u0131\u011f\u0131 il\u0259 \u201cDinl\u0259raras\u0131 v\u0259 sivilizasiyalararas\u0131 dialoqdan \u0259m\u0259kda\u015fl\u0131\u011fa do\u011fru\u201d m\u00f6vzusunda beyn\u0259lxalq konfrans ke\u00e7irilib.<\/p>\n<p>Konfrans zaman\u0131 Az\u0259rbaycan\u0131n multikultural v\u0259 tolerant h\u0259yat\u0131n\u0131 \u0259ks etdir\u0259n vizual v\u0259 \u0259yani materiallar, kitab v\u0259 albomlardan ibar\u0259t s\u0259rgi-ekspozisiya n\u00fcmayi\u015f etdirilib.<\/p>\n<p><a href=\"https:\/\/azertag.az\/\" target=\"_blank\" rel=\"noopener\">AZ\u018fRTAC<\/a>\u00a0x\u0259b\u0259r verir ki, \u00fc\u00e7 y\u00fcz\u0259 yax\u0131n n\u00fcmay\u0259nd\u0259nin qat\u0131ld\u0131\u011f\u0131 t\u0259dbird\u0259 Az\u0259rbaycan v\u0259 Almaniyan\u0131n d\u00f6vl\u0259t, ictimaiyy\u0259t, elm v\u0259 din xadiml\u0259ri, o c\u00fcml\u0259d\u0259n d\u00fcnyan\u0131n 40-a yax\u0131n \u00f6lk\u0259sind\u0259n m\u00fcxt\u0259lif dini konfessiyalar\u0131n, beyn\u0259lxalq t\u0259\u015fkilatlar\u0131n r\u0259hb\u0259rl\u0259ri, Bak\u0131 Beyn\u0259lxalq Dinl\u0259raras\u0131 v\u0259 Sivilizasiyalararas\u0131 \u018fm\u0259kda\u015fl\u0131q M\u0259rk\u0259zinin himay\u0259darlar v\u0259 m\u0259\u015fv\u0259r\u0259t \u015furalar\u0131n\u0131n \u00fczvl\u0259ri, Almaniyada akkredit\u0259 olunmu\u015f diplomatik korpusun t\u0259msil\u00e7il\u0259ri i\u015ftirak edibl\u0259r.<\/p>\n<p>T\u0259dbird\u0259 \u00e7\u0131x\u0131\u015f ed\u0259n Qafqaz M\u00fcs\u0259lmanlar\u0131 \u0130dar\u0259sinin (QM\u0130) s\u0259dri \u015feyx\u00fclislam Allah\u015f\u00fck\u00fcr Pa\u015fazad\u0259 Prezident \u0130lham \u018fliyevin salamlar\u0131n\u0131 v\u0259 xo\u015f arzular\u0131n\u0131 Almaniya d\u00f6vl\u0259tin\u0259 v\u0259 xalq\u0131na \u00e7atd\u0131r\u0131b. Az\u0259rbaycanda milli v\u0259 b\u0259\u015f\u0259ri d\u0259y\u0259rl\u0259r\u0259 h\u0259r zaman b\u00f6y\u00fck \u00f6n\u0259min verildiyini bildir\u0259n A.Pa\u015fazad\u0259 qeyd edib ki, \u00f6lk\u0259mizd\u0259 dini-m\u0259n\u0259vi irs\u0259 ehtiram, m\u00fcxt\u0259lif m\u0259d\u0259niyy\u0259tl\u0259rin dialoq v\u0259 \u0259m\u0259kda\u015fl\u0131\u011f\u0131 d\u00f6vl\u0259t s\u0259viyy\u0259sind\u0259 d\u0259st\u0259kl\u0259nir. Milli, etnik v\u0259 dini m\u00fcxt\u0259liflik \u00f6lk\u0259mizin milli s\u0259rv\u0259ti kimi d\u0259y\u0259rl\u0259ndirilir. \u201cBu, bizim q\u00fcrur m\u0259nb\u0259yimizdir. Az\u0259rbaycanda elan olunmu\u015f \u201cMultikulturalizm \u0130li\u201d v\u0259 \u201c\u0130slam H\u0259mr\u0259yliyi \u0130li\u201d \u00fcmumb\u0259\u015f\u0259ri \u0259h\u0259miyy\u0259tli d\u0259y\u0259rl\u0259r\u0259 verdiyimiz \u00f6n\u0259min bariz n\u00fcmun\u0259sidir. Az\u0259rbaycan\u0131n bu \u00f6rn\u0259k modelinin t\u0259m\u0259li \u00fcmummilli liderimiz Heyd\u0259r \u018fliyevin m\u00fcdrik z\u0259kas\u0131n\u0131n m\u0259hsulu olan az\u0259rbaycan\u00e7\u0131l\u0131q m\u0259fkur\u0259si il\u0259 qoyulub v\u0259 bu g\u00fcn Prezident \u0130lham \u018fliyevin qlobal s\u0259yl\u0259ri say\u0259sind\u0259 inki\u015faf edir, d\u00fcnyaya t\u0259qdim olunur\u201d, &#8211; dey\u0259 QM\u0130 s\u0259dri vur\u011fulay\u0131b.<\/p>\n<p>Qeyd edilib ki, d\u00fcnyada dini v\u0259 milli z\u0259mind\u0259 ekstremizm, ksenofobiya, islamofobiya, antisemitizm, radikalizm t\u0259zah\u00fcrl\u0259rinin artd\u0131\u011f\u0131, miqrant b\u00f6hran\u0131n\u0131n ya\u015fand\u0131\u011f\u0131 m\u00fcasir d\u00f6vrd\u0259 Az\u0259rbaycan Prezidenti multikulturalizm v\u0259 dini h\u0259mr\u0259ylik ideyalar\u0131n\u0131 f\u0259al t\u0259bli\u011f v\u0259 t\u0259\u015fviq etm\u0259kl\u0259 insani h\u0259mr\u0259ylik, humanizm ideallar\u0131n\u0131n b\u0259rq\u0259rar olmas\u0131na \u00f6z t\u00f6hf\u0259sini verir. Bu g\u00fcn Az\u0259rbaycan \u00f6z \u00fcz\u0259rin\u0259 tarixi missiya g\u00f6t\u00fcr\u0259r\u0259k m\u00fcxt\u0259lif beyn\u0259lxalq forumlara, qlobal h\u0259r\u0259kata \u00e7evrilmi\u015f \u201cBak\u0131 Prosesi\u201dn\u0259 r\u0259hb\u0259rlik edir. Bak\u0131 Dinl\u0259raras\u0131 v\u0259 Sivilizasiyalararas\u0131 Beyn\u0259lxalq \u018fm\u0259kda\u015fl\u0131q M\u0259rk\u0259zinin Qafqaz M\u00fcs\u0259lmanlar\u0131 \u0130dar\u0259sinin n\u0259zdind\u0259 yarad\u0131lmas\u0131 da bu \u0259n\u0259n\u0259nin davam\u0131 kimi d\u0259y\u0259rl\u0259ndirilm\u0259lidir.<\/p>\n<p>Allah\u015f\u00fck\u00fcr Pa\u015fazad\u0259 vur\u011fulay\u0131b ki, Prezident \u0130lham \u018fliyevin m\u00fcdrik d\u00f6vl\u0259t\u00e7ilik siyas\u0259ti say\u0259sind\u0259 Az\u0259rbaycan C\u0259nubi Qafqaz\u0131n lider d\u00f6vl\u0259tin\u0259 \u00e7evrilib. \u201cBiz f\u0259xr edirik ki, Az\u0259rbaycan beyn\u0259lxalq m\u00fcst\u0259vid\u0259 t\u0259kc\u0259 enerji layih\u0259l\u0259ri il\u0259 deyil, h\u0259m d\u0259 m\u0259d\u0259niyy\u0259tl\u0259ri, dinl\u0259ri bir araya g\u0259tir\u0259n qabaqc\u0131l bir \u00f6lk\u0259 kimi tan\u0131n\u0131r. Bu yax\u0131nlarda Almaniya Kansleri xan\u0131m Angela Merkelin Az\u0259rbaycan\u0131 ziyar\u0259t etm\u0259si Almaniya-Az\u0259rbaycan \u0259laq\u0259l\u0259rinin d\u0259rinl\u0259\u015fm\u0259si bax\u0131m\u0131ndan \u0259h\u0259miyy\u0259tli hadis\u0259 oldu. Tolerantl\u0131q \u0259n\u0259n\u0259l\u0259rimizin, m\u0259d\u0259ni-m\u0259n\u0259vi irsimizin t\u0259bli\u011find\u0259 m\u00fcst\u0259sna xidm\u0259tl\u0259ri olan Heyd\u0259r \u018fliyev Fondunun x\u0259ttil\u0259 Almaniyada Az\u0259rbaycan Xalq C\u00fcmhuriyy\u0259tinin 100 illiyin\u0259 h\u0259sr olunmu\u015f m\u00f6t\u0259b\u0259r t\u0259dbirin \u0259h\u0259miyy\u0259tini x\u00fcsusi vur\u011fulamaq ist\u0259rdim. Yeri g\u0259lmi\u015fk\u0259n qeyd edim ki, Az\u0259rbaycanda 200 ildir alman icmalar\u0131 m\u00f6vcuddur v\u0259 onlar bizim multikultural c\u0259miyy\u0259timizin ayr\u0131lmaz hiss\u0259sidirl\u0259r.<\/p>\n<p>Biz din xadiml\u0259ri d\u00fcnyada s\u00fclh\u00fcn, \u0259min-amanl\u0131\u011f\u0131n v\u0259 insan h\u0259yat\u0131n\u0131n qorunmas\u0131 yolunda \u00f6z s\u0259yl\u0259rimizi \u0259sirg\u0259mirik. D\u00fcnyan\u0131n bir \u00e7ox \u00f6lk\u0259l\u0259rind\u0259, o c\u00fcml\u0259d\u0259n B\u00f6y\u00fck Britaniya, \u0130sve\u00e7, Finlandiya, \u0130spaniya, Almaniyada ke\u00e7irdiyimiz beyn\u0259lxalq forumlar\u0131n \u00fcmumi m\u0259ram\u0131 d\u00fcnyam\u0131zda s\u00fclh\u00fcn, \u0259min-amanl\u0131\u011f\u0131n qorunub saxlan\u0131lmas\u0131, insan h\u0259mr\u0259yliyin\u0259 nail olunmas\u0131d\u0131r\u201d, &#8211; dey\u0259 A.Pa\u015fazad\u0259 qeyd edib.<\/p>\n<p>Bildirilib ki, insan q\u0131r\u011f\u0131n\u0131, maddi v\u0259 qeyri-maddi m\u0259d\u0259ni irsin m\u0259hvi il\u0259 m\u00fc\u015fayi\u0259t olunan b\u00fct\u00fcn m\u00fcnaqi\u015f\u0259l\u0259r, o c\u00fcml\u0259d\u0259n F\u0259l\u0259stin, Suriya, \u018ffqan\u0131stan, Y\u0259m\u0259n, Liviyadak\u0131 m\u00f6vcud v\u0259ziyy\u0259t humanitar f\u0259lak\u0259tl\u0259r\u0259 apar\u0131r. \u018fsrimizin daha bir b\u0259las\u0131 &#8211; m\u00fcharib\u0259l\u0259rin yaratd\u0131\u011f\u0131 m\u0259cburi miqrant ax\u0131n\u0131d\u0131r. Onlara qar\u015f\u0131 antihumanist, irq\u00e7i, aqressiv m\u00fcnasib\u0259t yolverilm\u0259zdir. Bel\u0259 hallar sivilizasiyalar aras\u0131nda q\u00fctbl\u0259\u015fm\u0259ni d\u0259rinl\u0259\u015fdirir, terrorizm\u0259, radikalizm\u0259 v\u0259 ekstremizm\u0259 t\u0259kan verir.<\/p>\n<p>\u0130ctimaiyy\u0259ti narahat ed\u0259n hadis\u0259l\u0259r, h\u0259m\u00e7inin dini v\u0259 milli z\u0259mind\u0259 terror aktlar\u0131n\u0131n d\u00f6vl\u0259tl\u0259rin t\u0259hl\u00fck\u0259sizliyin\u0259 v\u0259 insan h\u00fcquqlar\u0131na a\u011f\u0131r z\u0259rb\u0259 oldu\u011funu s\u00f6yl\u0259y\u0259n Allah\u015f\u00fck\u00fcr Pa\u015fazad\u0259 Erm\u0259nistan-Az\u0259rbaycan Da\u011fl\u0131q Qaraba\u011f m\u00fcnaqi\u015f\u0259sind\u0259n d\u0259 \u0259trafl\u0131 b\u0259hs edib. Erm\u0259nistan silahl\u0131 q\u00fcvv\u0259l\u0259ri t\u0259r\u0259find\u0259n t\u00f6r\u0259dil\u0259n Xocal\u0131 soyq\u0131r\u0131m\u0131 bar\u0259d\u0259 d\u0259 dan\u0131\u015fan QM\u0130 s\u0259dri bildirib ki, m\u00fcnaqi\u015f\u0259 n\u0259tic\u0259sind\u0259 bir milyondan \u00e7ox soyda\u015f\u0131m\u0131z qa\u00e7q\u0131n v\u0259 m\u0259cburi k\u00f6\u00e7k\u00fcn\u0259 \u00e7evrilib, z\u0259bt olunmu\u015f \u0259razil\u0259rimizd\u0259 m\u0259scid, kils\u0259, sinaqoq v\u0259 q\u0259biristanl\u0131qlar m\u0259hv edilib.<\/p>\n<p>Prezident Administrasiyas\u0131n\u0131n mill\u0259tl\u0259raras\u0131 m\u00fcnasib\u0259tl\u0259r, multikulturalizm v\u0259 dini m\u0259s\u0259l\u0259l\u0259r \u015f\u00f6b\u0259sinin m\u00fcdiri Etibar N\u0259c\u0259fov t\u0259dbird\u0259 \u00e7\u0131x\u0131\u015f ed\u0259r\u0259k diqq\u0259t\u0259 \u00e7atd\u0131r\u0131b ki, Az\u0259rbaycan d\u00fcnyada multikulturalizmin d\u00f6vl\u0259t siyas\u0259ti oldu\u011fu azsayl\u0131 \u00f6lk\u0259l\u0259rd\u0259n biridir. D\u00f6vl\u0259t bu siyas\u0259tin h\u0259yata ke\u00e7irilm\u0259sind\u0259, onun prinsipl\u0259rin\u0259 riay\u0259t olunmas\u0131nda, tolerantl\u0131q v\u0259 qeyri-ayr\u0131-se\u00e7kilik siyas\u0259tinin h\u0259yata ke\u00e7irilm\u0259sind\u0259 apar\u0131c\u0131 rol oynay\u0131r. Az\u0259rbaycan d\u00f6vl\u0259ti c\u0259miyy\u0259td\u0259 da\u011f\u0131d\u0131c\u0131 meyill\u0259rin qar\u015f\u0131s\u0131n\u0131 almaq m\u0259qs\u0259di il\u0259 multikulturalizm siyas\u0259tinin \u00f6lk\u0259nin suverenliyin\u0259, \u0259razi b\u00fct\u00f6vl\u00fcy\u00fcn\u0259, demokratik inki\u015faf\u0131na v\u0259 onun milli t\u0259hl\u00fck\u0259sizliyin\u0259 xidm\u0259t etm\u0259si \u00fc\u00e7\u00fcn \u0259lind\u0259n g\u0259l\u0259ni \u0259sirg\u0259mir.<\/p>\n<p>Etibar N\u0259c\u0259fov bildirib ki, demokratik inki\u015faf yolunu se\u00e7mi\u015f, multikultural m\u00fchiti v\u0259 tolerantl\u0131\u011f\u0131 il\u0259 tan\u0131nan Az\u0259rbaycan \u00fc\u00e7\u00fcn dini etiqad azadl\u0131\u011f\u0131 \u00f6lk\u0259nin daxili siyas\u0259tinin prioritet istiqam\u0259tl\u0259rind\u0259n biridir. Az\u0259rbaycan h\u00f6kum\u0259ti \u00f6lk\u0259 v\u0259t\u0259nda\u015flar\u0131n\u0131n dini etiqad azadl\u0131\u011f\u0131na onlar\u0131n h\u00fcquq v\u0259 azadl\u0131qlar\u0131n\u0131n ayr\u0131lmaz bir hiss\u0259si kimi yana\u015f\u0131r. Az\u0259rbaycan Respublikas\u0131n\u0131n Konstitusiyas\u0131, \u201cDini etiqad azadl\u0131\u011f\u0131 haqq\u0131nda\u201d Qanun v\u0259 dig\u0259r s\u0259n\u0259dl\u0259r Az\u0259rbaycan v\u0259t\u0259nda\u015flar\u0131n\u0131n dini etiqad azadl\u0131\u011f\u0131n\u0131n h\u00fcquqi \u0259saslar\u0131 kimi \u00e7\u0131x\u0131\u015f edirl\u0259r.<\/p>\n<p>B\u00fct\u00fcn dinl\u0259rin, dini icmalar\u0131n qanun qar\u015f\u0131s\u0131nda b\u0259rab\u0259r oldu\u011funu s\u00f6yl\u0259y\u0259n \u015f\u00f6b\u0259 m\u00fcdiri deyib: \u201cBuraya Az\u0259rbaycan Respublikas\u0131n\u0131n Dini Qurumlarla \u0130\u015f \u00fczr\u0259 D\u00f6vl\u0259t Komit\u0259sinin d\u00f6vl\u0259t qeydiyyat\u0131ndan ke\u00e7\u0259n dini qurumlar\u0131 aid edilir. D\u00f6vl\u0259t Komit\u0259sinin verdiyi m\u0259lumata g\u00f6r\u0259, 2009-cu ild\u0259n b\u0259ri Komit\u0259 t\u0259r\u0259find\u0259n 861 dini qurum d\u00f6vl\u0259t qeydiyyat\u0131ndan ke\u00e7ib. Onlardan 830-u m\u00fcs\u0259lman, 31-i qeyri-m\u00fcs\u0259lman t\u0259\u015fkilatlar\u0131d\u0131r. 31 qeyri-m\u00fcs\u0259lman t\u0259\u015fkilat\u0131ndan 20-si xristian, 8-i y\u0259hudi, 2-si b\u0259hayi, 1-i is\u0259 kri\u015fna \u015f\u00fcuru dini icmas\u0131d\u0131r. D\u00f6vl\u0259t dini icmalar\u0131n f\u0259aliyy\u0259tin\u0259 b\u00fct\u00fcn z\u0259ruri d\u0259st\u0259yi verir. Onlara maliyy\u0259 yard\u0131m\u0131 ay\u0131r\u0131r. X\u00fcsusil\u0259 d\u00f6vl\u0259t m\u0259scidl\u0259rin, sinaqoqlar\u0131n v\u0259 kils\u0259l\u0259rin b\u0259rpas\u0131 v\u0259 yenid\u0259n qurulmas\u0131 \u00fc\u00e7\u00fcn onlara maddi yard\u0131m g\u00f6st\u0259rir.<\/p>\n<p>Dini Qurumlarla \u0130\u015f \u00fczr\u0259 D\u00f6vl\u0259t Komit\u0259sinin s\u0259dri M\u00fcbariz Qurbanl\u0131 bildirib ki, Az\u0259rbaycan h\u0259r zaman m\u00fcxt\u0259lif dini etiqadlar\u0131n da\u015f\u0131y\u0131c\u0131lar\u0131n\u0131n s\u00fclh \u015f\u0259raitind\u0259, bir-biri il\u0259 qar\u015f\u0131l\u0131ql\u0131 h\u00f6rm\u0259t v\u0259 ehtiram ruhunda ya\u015fad\u0131\u011f\u0131 \u00f6lk\u0259l\u0259rd\u0259n biri olub. Az\u0259rbaycan xalq\u0131na xas olan tolerantl\u0131q d\u0259y\u0259rl\u0259ri \u00f6lk\u0259mizd\u0259 bu g\u00fcn\u0259 q\u0259d\u0259r s\u00fclh \u015f\u0259raitind\u0259 birg\u0259ya\u015fay\u0131\u015f\u0131n v\u0259 m\u0259d\u0259ni m\u00fcxt\u0259lifliyin qorunub saxlan\u0131lmas\u0131nda m\u00fcst\u0259sna rol oynay\u0131b. \u201cN\u0259tic\u0259d\u0259, Az\u0259rbaycan tarix\u0259n sivilizasiyalararas\u0131 dialoqa \u00f6n\u0259mli t\u00f6hf\u0259l\u0259r ver\u0259n v\u0259 d\u00f6z\u00fcms\u00fczl\u00fcy\u00fcn b\u00fct\u00fcn formalar\u0131n\u0131 r\u0259dd ed\u0259n d\u0259y\u0259rl\u0259r m\u0259kan\u0131 kimi \u00f6z m\u00f6vqeyini saxlama\u011fa m\u00fcv\u0259ff\u0259q olub\u201d, &#8211; dey\u0259 Komit\u0259 s\u0259dri vur\u011fulay\u0131b.<\/p>\n<p>Az\u0259rbaycanda d\u00f6vl\u0259t-din m\u00fcnasib\u0259tl\u0259rinin u\u011furundan dan\u0131\u015fan M\u00fcbariz Qurbanl\u0131 qeyd edib ki, \u00f6lk\u0259mizd\u0259 dini m\u0259s\u0259l\u0259l\u0259rl\u0259 ba\u011fl\u0131 d\u00fczg\u00fcn siyas\u0259t apar\u0131l\u0131r. M\u00fcst\u0259qil Az\u0259rbaycan d\u00f6vl\u0259tinin qurucusu olan ulu \u00f6nd\u0259r Heyd\u0259r \u018fliyevin m\u00fcdrik siyas\u0259ti n\u0259tic\u0259sind\u0259 \u00f6lk\u0259mizd\u0259 d\u00f6vl\u0259t-din m\u00fcnasib\u0259tl\u0259ri beyn\u0259lxalq h\u00fcququn normalar\u0131na uy\u011fun olaraq t\u0259nziml\u0259nib, el\u0259c\u0259 d\u0259 icmalar aras\u0131nda tolerantl\u0131q m\u00fchitinin qorunub saxlan\u0131lmas\u0131 \u00fc\u00e7\u00fcn h\u00fcquqi baza yarad\u0131l\u0131b.<\/p>\n<p>Az\u0259rbaycanda d\u00f6vl\u0259t-din m\u00fcnasib\u0259tl\u0259rinin modeli zaman\u0131n t\u0259l\u0259bl\u0259rin\u0259 uy\u011fun olaraq Prezident \u0130lham \u018fliyev t\u0259r\u0259find\u0259n daha da inki\u015faf etdirilib.<\/p>\n<p>Bu g\u00fcn \u00f6lk\u0259mizin tolerantl\u0131q v\u0259 multikulturalizm modelinin d\u00fcnyada y\u00fcks\u0259k qiym\u0259tl\u0259ndirildiyini qeyd ed\u0259n Komit\u0259 s\u0259dri deyib: \u201cTarixi-m\u0259d\u0259niyy\u0259t abid\u0259l\u0259rinin, m\u0259scidl\u0259rin v\u0259 ziyar\u0259tgahlar\u0131n, y\u0259hudi v\u0259 xristian m\u0259b\u0259dl\u0259rinin yenid\u0259n qurulmas\u0131 v\u0259 b\u0259rpas\u0131 Az\u0259rbaycan\u0131n dinl\u0259r\u0259 qar\u015f\u0131 m\u00f6vqeyinin, \u00f6lk\u0259mizd\u0259ki dini-m\u0259n\u0259vi \u015f\u0259raitin g\u00f6st\u0259ricisidir. \u00d6lk\u0259mizd\u0259 haz\u0131rda 2250 m\u0259scid, 14 kils\u0259, 7 sinaqoq f\u0259aliyy\u0259t g\u00f6st\u0259rir\u201d.<\/p>\n<p>Az\u0259rbaycan\u0131n h\u0259m etnik, h\u0259m dini, h\u0259m m\u0259zh\u0259b bax\u0131m\u0131ndan z\u0259ngin \u00f6lk\u0259 oldu\u011funu s\u00f6yl\u0259y\u0259n Az\u0259rbaycan\u0131n Almaniyadak\u0131 s\u0259firi Ramin H\u0259s\u0259nov bildirib ki, tarixboyu f\u0259rqli dini v\u0259 etnik icmalar\u0131n n\u00fcmay\u0259nd\u0259l\u0259ri Az\u0259rbaycan xalq\u0131 il\u0259 b\u0259rab\u0259r ya\u015fay\u0131b. Bu g\u00fcn multikulturalizmin Az\u0259rbaycan modeli ifad\u0259si siyasi leksikonumuza daxil olub.<\/p>\n<p>D\u00f6vl\u0259t-din m\u00fcnasib\u0259tl\u0259rinin \u0259dal\u0259tli \u015f\u0259kild\u0259 t\u0259nziml\u0259nm\u0259sinin ulu \u00f6nd\u0259r Heyd\u0259r \u018fliyevin ad\u0131 il\u0259 ba\u011fl\u0131 oldu\u011funu qeyd ed\u0259n s\u0259fir deyib: \u201c\u00dcmummilli Lider Az\u0259rbaycan\u0131 multikulturalizmin d\u00f6vl\u0259t siyas\u0259tinin m\u00fch\u00fcm hiss\u0259si olan nadir \u00f6lk\u0259l\u0259rd\u0259n biri s\u0259viyy\u0259sin\u0259 g\u0259tirib \u00e7\u0131xar\u0131b. Bu g\u00fcn bu siyas\u0259t Prezident \u0130lham \u018fliyev t\u0259r\u0259find\u0259n u\u011furla davam v\u0259 inki\u015faf etdirilir\u201d.<\/p>\n<p>\u201cHe\u00e7 k\u0259s dini etiqad\u0131na g\u00f6r\u0259 t\u0259hdid oluna bilm\u0259z. Biz insanlar\u0131 v\u0259 f\u0259rqliliyi sevm\u0259liyik. Bu, d\u00fcnyada s\u00fclh\u00fcn b\u0259rq\u0259rar olmas\u0131n\u0131n \u0259sas\u0131n\u0131 t\u0259\u015fkil edir. Biz h\u0259mi\u015f\u0259 \u015f\u0259r\u0259 qar\u015f\u0131 m\u00fcbariz\u0259 aparmal\u0131y\u0131q. \u015e\u0259r d\u00fcnyam\u0131zda yay\u0131lmamal\u0131d\u0131r\u201d,- dey\u0259n ISESCO-nun ba\u015f direktoru \u018fbd\u00fcl\u0259ziz bin Osman \u0259l-Tuveycri bildirib ki, m\u00fcharib\u0259l\u0259r, ksenofobiya, islamofobiya bug\u00fcnk\u00fc d\u00fcnyam\u0131z\u0131n reall\u0131\u011f\u0131d\u0131r. O, b\u00fct\u00fcn m\u00fcnaqi\u015f\u0259l\u0259rin, ziddiyy\u0259tl\u0259rin dialoq v\u0259 m\u00fczakir\u0259l\u0259r aparmaqla h\u0259ll oluna bil\u0259c\u0259yini qeyd ed\u0259r\u0259k deyib: \u201cDialoq h\u0259mi\u015f\u0259 m\u00fcdrikl\u0259rin se\u00e7imi olub. Biz vahid amal u\u011frunda \u00e7al\u0131\u015fmal\u0131, s\u00fclh yolu il\u0259 getm\u0259liyik. S\u00fclh\u00fc, \u0259min-amanl\u0131\u011f\u0131 t\u0259bli\u011f etm\u0259li v\u0259 m\u00f6hk\u0259ml\u0259ndirm\u0259liyik\u201d.<\/p>\n<p>Almaniya H\u00f6kum\u0259tinin dini azadl\u0131qlar \u00fczr\u0259 m\u00fcv\u0259kkili Markus Qrubel t\u0259\u0259ss\u00fcfl\u0259 bildirib ki, bu g\u00fcn d\u00fcnyan\u0131n bir \u00e7ox \u00f6lk\u0259l\u0259rind\u0259 m\u0259d\u0259ni m\u00fcxt\u0259liflik, ifad\u0259 azadl\u0131\u011f\u0131 yaln\u0131z s\u0259n\u0259dl\u0259rd\u0259 yer al\u0131r, c\u0259miyy\u0259t\u0259 n\u00fcfuz etmir. Almaniyada da dini v\u0259 irqi ayr\u0131-se\u00e7kiliy\u0259 c\u0259hdl\u0259r g\u00f6st\u0259rilir. Biz is\u0259 buna qar\u015f\u0131 g\u00fcc\u00fcm\u00fcz\u00fc s\u0259f\u0259rb\u0259r etmi\u015fik. Az\u0259rbaycan \u0259halisinin b\u00f6y\u00fck \u0259ks\u0259riyy\u0259tini m\u00fcs\u0259lmanlar t\u0259\u015fkil ets\u0259 d\u0259, burada he\u00e7 vaxt dini m\u00fcnaqi\u015f\u0259l\u0259r\u0259 rast g\u0259linm\u0259yib. Az\u0259rbaycanda h\u0259l\u0259 1918-ci ild\u0259 qad\u0131nlara se\u00e7ki h\u00fcququ verilib. Az\u0259rbaycan Konstitusiyas\u0131 il\u0259 dini azadl\u0131qlar tam t\u0259sbit olunur. Bu amil region v\u0259 d\u00fcnya \u00f6lk\u0259l\u0259ri \u00fc\u00e7\u00fcn b\u00f6y\u00fck n\u00fcmun\u0259dir.<\/p>\n<p>\u0130\u018fT \u0130slam tarix, inc\u0259s\u0259n\u0259t v\u0259 m\u0259d\u0259niyy\u0259t ara\u015fd\u0131rmalar m\u0259rk\u0259zinin (IRCICA) ba\u015f direktoru Xalid Eren t\u0259dbirin Az\u0259rbaycan\u0131n t\u0259\u015f\u0259bb\u00fcs\u00fc il\u0259 realla\u015fd\u0131\u011f\u0131n\u0131 x\u00fcsusi vur\u011fulay\u0131b. 2017-ci ilin Az\u0259rbaycanda \u201c\u0130slam H\u0259mr\u0259yliyi \u0130li\u201d elan olundu\u011funu xat\u0131rladan Xalid Eren deyib: \u201cBu g\u00fcn d\u00fcnyada islamofobiya, ksenofobiya meyill\u0259ri durmadan art\u0131r. Biz multikulturalizm ideyas\u0131n\u0131n ist\u0259nil\u0259n d\u00f6vl\u0259tin siyas\u0259tind\u0259 \u0259sas yeri tutmas\u0131n\u0131 ist\u0259yirik\u201d.<\/p>\n<p>\u0130sk\u0259nd\u0259riyy\u0259 v\u0259 b\u00fct\u00fcn Afrika Papas\u0131 v\u0259 Patriarx\u0131 II Teodoros konfrans\u0131n \u0259h\u0259miyy\u0259tind\u0259n b\u0259hs ed\u0259r\u0259k bu c\u00fcr konfranslar\u0131n m\u0259d\u0259niyy\u0259tl\u0259raras\u0131, sivilizasiyalararas\u0131 dialoqun t\u0259\u015fviqi bax\u0131m\u0131ndan \u00f6n\u0259mini vur\u011fulay\u0131b. O deyib: \u201cBiz \u00e7al\u0131\u015f\u0131r\u0131q ki, f\u0259aliyy\u0259timizi d\u00fcnyada m\u00f6vcud olan \u00e7a\u011f\u0131r\u0131\u015flara uy\u011fun quraq. M\u0259d\u0259niyy\u0259tl\u0259raras\u0131 dialoq i\u015fimizin t\u0259m\u0259lini t\u0259\u015fkil edir. Bu dialoq haz\u0131rk\u0131 d\u00f6vrd\u0259 x\u00fcsusil\u0259 vacibdir. Dini ayr\u0131-se\u00e7kilik b\u00fct\u00fcn b\u0259\u015f\u0259riyy\u0259t \u00fc\u00e7\u00fcn \u0259sas t\u0259hl\u00fck\u0259dir\u201d.<\/p>\n<p>Tunisin sabiq Prezidenti M\u0259h\u0259mm\u0259d Monsef Marzuki haz\u0131rda d\u00fcnyada dini ekstremizmin \u00e7ox geni\u015f yay\u0131ld\u0131\u011f\u0131n\u0131 qeyd edib. Bildirib ki, h\u0259r bir insan b\u00fct\u00fcn b\u0259\u015f\u0259riyy\u0259tin vacib v\u0259 ayr\u0131lmaz hiss\u0259sidir. Ona g\u00f6r\u0259 d\u0259 insanlar\u0131n k\u00fctl\u0259vi q\u0131r\u011f\u0131nlar\u0131na, m\u00fcharib\u0259l\u0259r\u0259 son qoyulmal\u0131d\u0131r. M\u00f6vcud ziddiyy\u0259tl\u0259r yaln\u0131z qar\u015f\u0131l\u0131ql\u0131 dialoqlar, m\u00fczakir\u0259l\u0259rl\u0259 h\u0259ll edilm\u0259lidir.<\/p>\n<p>Almaniya-Az\u0259rbaycan Forumunun idar\u0259 hey\u0259tinin s\u0259dri Hans Eberhard \u015elayer t\u0259msil etdiyi forumun \u00f6lk\u0259l\u0259rimiz aras\u0131nda \u0259laq\u0259l\u0259rin geni\u015fl\u0259ndirilm\u0259sin\u0259 xidm\u0259t etdiyini bildirib. Qeyd edib ki, haz\u0131rda d\u00fcnyada acl\u0131q, t\u0259cav\u00fcz, miqrasiya kimi iqtisadi v\u0259 sosial probleml\u0259r m\u00f6vcuddur. Bu m\u0259s\u0259l\u0259l\u0259rin h\u0259lli \u00fc\u00e7\u00fcn is\u0259 dialoq v\u0259 qar\u015f\u0131l\u0131ql\u0131 \u0259m\u0259kda\u015fl\u0131q t\u0259l\u0259b olunur. Buraya m\u00fcxt\u0259lif dinl\u0259rin n\u00fcmay\u0259nd\u0259l\u0259rinin, ictimai xadiml\u0259rin dialoqu daxildir.<\/p>\n<p>Bundestaq\u0131n \u00fczv\u00fc, \u015e\u0259rq t\u0259r\u0259fda\u015fl\u0131\u011f\u0131 \u00fczr\u0259 m\u0259ruz\u0259\u00e7i Nikolas L\u00f6bel bu il Birinci D\u00fcnya m\u00fcharib\u0259sinin bitm\u0259sinin 100 illiyinin qeyd edildiyini xat\u0131rlad\u0131b. Bildirib ki, d\u00fcnya m\u00fcharib\u0259l\u0259ri siyas\u0259tin z\u0259ifliyi idi. M\u00fcharib\u0259l\u0259rin s\u0259b\u0259bi dini, irqi, ictimai f\u0259rql\u0259rin qabard\u0131lmas\u0131 idi. Bel\u0259 faci\u0259l\u0259rin bir daha ya\u015fanmamas\u0131 \u00fc\u00e7\u00fcn biz\u0259 dialoq laz\u0131md\u0131r. Din c\u0259miyy\u0259tin birl\u0259\u015fm\u0259sind\u0259 vacib rol oynay\u0131r.<\/p>\n<p>Az\u0259rbaycan\u0131n Almaniya \u00fc\u00e7\u00fcn C\u0259nubi Qafqaz regionunda vacib t\u0259r\u0259fda\u015flardan biri oldu\u011funu qeyd ed\u0259n Nikolas L\u00f6bel deyib ki, Az\u0259rbaycan \u015e\u0259rql\u0259 Q\u0259rbin qovu\u015fu\u011funda yerl\u0259\u015f\u0259n bir p\u0259nc\u0259r\u0259dir. Az\u0259rbaycan g\u0259nc, g\u00fccl\u00fc v\u0259 demokratik prinsipl\u0259ri olan \u00f6lk\u0259dir.<\/p>\n<p>Konfrans Prezident Administrasiyas\u0131n\u0131n mill\u0259tl\u0259raras\u0131 m\u00fcnasib\u0259tl\u0259r, multikulturalizm v\u0259 dini m\u0259s\u0259l\u0259l\u0259r \u015f\u00f6b\u0259sinin m\u00fcdiri Etibar N\u0259c\u0259fovun v\u0259 Dini Qurumlarla \u0130\u015f \u00fczr\u0259 D\u00f6vl\u0259t Komit\u0259sinin s\u0259dri M\u00fcbariz Qurbanl\u0131n\u0131n moderatorluqlar\u0131 il\u0259 panel iclaslarla i\u015fini davam etdirib.<\/p>\n<p>Sonda konfrans\u0131n yekun b\u0259yannam\u0259si imzalan\u0131b. B\u0259yannam\u0259d\u0259 deyilir ki, konfrans i\u015ftirak\u00e7\u0131lar\u0131 d\u00f6vl\u0259tl\u0259ri, BMT v\u0259 dig\u0259r beyn\u0259lxalq v\u0259 regional t\u0259\u015fkilatlar\u0131, el\u0259c\u0259 d\u0259 dini liderl\u0259ri m\u0259d\u0259niyy\u0259tl\u0259r v\u0259 dinl\u0259raras\u0131 dialoqun v\u0259 qar\u015f\u0131l\u0131ql\u0131 anla\u015fman\u0131n t\u0259\u015fviq olunmas\u0131n\u0131n davam etdirilm\u0259sin\u0259 v\u0259 bu sah\u0259d\u0259 \u0259m\u0259kda\u015fl\u0131\u011f\u0131n geni\u015fl\u0259ndirilm\u0259sin\u0259, milli, dini v\u0259 etnik z\u0259mind\u0259 zorak\u0131l\u0131q hallar\u0131na r\u0259vac ver\u0259n v\u0259 z\u0259r\u0259rli ideologiyalara \u0259saslanan t\u0259bli\u011fat\u0131n qar\u015f\u0131s\u0131n\u0131n al\u0131nmas\u0131nda \u0259m\u0259kda\u015fl\u0131\u011f\u0131n art\u0131r\u0131lmas\u0131na, geni\u015f dialoqun davam etdirilm\u0259sin\u0259 v\u0259 maarif\u00e7iliyin g\u00fccl\u0259ndirilm\u0259sin\u0259 \u00e7a\u011f\u0131r\u0131rlar. H\u0259m\u00e7inin siyasi motivl\u0259r da\u015f\u0131yan v\u0259 m\u0259qs\u0259dy\u00f6nl\u00fc q\u0131z\u0131\u015fd\u0131r\u0131lan ksenofobiya, antisemitizm v\u0259 islamofobiyan\u0131n, habel\u0259 dinin ad\u0131ndan sui-istifad\u0259 etm\u0259kl\u0259 terrorizmin v\u0259 insanl\u0131q \u0259leyhin\u0259 cinay\u0259tl\u0259rin t\u00f6r\u0259dilm\u0259sinin qar\u015f\u0131s\u0131n\u0131n al\u0131nmas\u0131 \u00fc\u00e7\u00fcn t\u0259sirli t\u0259dbirl\u0259r g\u00f6rm\u0259y\u0259, Birl\u0259\u015fmi\u015f Mill\u0259tl\u0259r T\u0259\u015fkilat\u0131n\u0131n Nizamnam\u0259sin\u0259 v\u0259 beyn\u0259lxalq h\u00fcququn ham\u0131l\u0131qla tan\u0131nm\u0131\u015f prinsip v\u0259 normalar\u0131na, x\u00fcsusil\u0259 d\u00f6vl\u0259tl\u0259rin suveren b\u0259rab\u0259rliyi, \u0259razi b\u00fct\u00f6vl\u00fcy\u00fc v\u0259 s\u0259rh\u0259dl\u0259rinin toxunulmazl\u0131\u011f\u0131 prinsipl\u0259rin\u0259 sadiqlikl\u0259rini t\u0259sdiq etm\u0259kl\u0259 d\u00fcnyan\u0131n bir \u00e7ox b\u00f6lg\u0259l\u0259rind\u0259, o c\u00fcml\u0259d\u0259n Yax\u0131n \u015e\u0259rqd\u0259, F\u0259l\u0259stind\u0259, Suriyada davam ed\u0259n m\u00fcnaqi\u015f\u0259l\u0259rin, el\u0259c\u0259 d\u0259 Erm\u0259nistan-Az\u0259rbaycan Da\u011fl\u0131q Qaraba\u011f m\u00fcnaqi\u015f\u0259sinin s\u00fclh yolu il\u0259 tezlikl\u0259 h\u0259ll olunmas\u0131na t\u00f6hf\u0259 verm\u0259y\u0259, Birl\u0259\u015fmi\u015f Mill\u0259tl\u0259r T\u0259\u015fkilat\u0131n\u0131n m\u0259rk\u0259zi \u0259laq\u0259l\u0259ndirici rolu vasit\u0259sil\u0259 beyn\u0259lxalq sabitlik v\u0259 t\u0259hl\u00fck\u0259sizliy\u0259 qar\u015f\u0131 olan \u00e7a\u011f\u0131r\u0131\u015f v\u0259 t\u0259hdidl\u0259rl\u0259 m\u00fcbariz\u0259, o c\u00fcml\u0259d\u0259n m\u00fcnaqi\u015f\u0259l\u0259rin yaranmas\u0131n\u0131n, qa\u00e7q\u0131n, m\u0259cburi k\u00f6\u00e7k\u00fcnl\u0259rin v\u0259 miqrantlar\u0131n ax\u0131n\u0131na s\u0259b\u0259b olan terrorizmin, aqressiv separatizmin, ekstremizmin qar\u015f\u0131s\u0131n\u0131n al\u0131nmas\u0131 sah\u0259sind\u0259 s\u0259m\u0259r\u0259li f\u0259aliyy\u0259tin apar\u0131lmas\u0131 \u00fc\u00e7\u00fcn s\u0259yl\u0259rin birl\u0259\u015fdirilm\u0259sin\u0259 s\u0259sl\u0259yirl\u0259r.<\/p>\n<p>Konfrans \u00e7\u0259r\u00e7iv\u0259sind\u0259 \u201cB\u0259\u015f\u0259ri \u00e7a\u011f\u0131r\u0131\u015f\u201d filmi n\u00fcmayi\u015f etdirilib.<\/p>\n","protected":false},"excerpt":{"rendered":"<p>ARANTV.AZ x\u0259b\u0259r verir ki, noyabr\u0131n 19-da Berlin \u015f\u0259h\u0259rind\u0259 Qafqaz M\u00fcs\u0259lmanlar\u0131 \u0130dar\u0259sinin (QM\u0130) n\u0259zdind\u0259 f\u0259aliyy\u0259t g\u00f6st\u0259r\u0259n Bak\u0131 Beyn\u0259lxalq Dinl\u0259raras\u0131 v\u0259 Sivilizasiyalararas\u0131 \u018fm\u0259kda\u015fl\u0131q M\u0259rk\u0259zinin, Dini Qurumlarla \u0130\u015f \u00fczr\u0259 D\u00f6vl\u0259t Komit\u0259sinin (DQ\u0130DK), Az\u0259rbaycan\u0131n Almaniyadak\u0131 s\u0259firliyinin, Almaniya-Az\u0259rbaycan Forumunun v\u0259 M\u0259d\u0259ni Diplomatiya Akademiyas\u0131n\u0131n birg\u0259 t\u0259\u015fkilat\u00e7\u0131l\u0131\u011f\u0131 il\u0259 \u201cDinl\u0259raras\u0131 v\u0259 sivilizasiyalararas\u0131 dialoqdan \u0259m\u0259kda\u015fl\u0131\u011fa do\u011fru\u201d m\u00f6vzusunda beyn\u0259lxalq konfrans ke\u00e7irilib. Konfrans zaman\u0131 Az\u0259rbaycan\u0131n multikultural v\u0259 tolerant h\u0259yat\u0131n\u0131 \u0259ks etdir\u0259n vizual v\u0259 \u0259yani materiallar, kitab v\u0259 albomlardan ibar\u0259t s\u0259rgi-ekspozisiya n\u00fcmayi\u015f etdirilib. AZ\u018fRTAC\u00a0x\u0259b\u0259r verir ki, \u00fc\u00e7 y\u00fcz\u0259 yax\u0131n n\u00fcmay\u0259nd\u0259nin qat\u0131ld\u0131\u011f\u0131 t\u0259dbird\u0259 Az\u0259rbaycan v\u0259 Almaniyan\u0131n d\u00f6vl\u0259t, ictimaiyy\u0259t, elm v\u0259 din xadiml\u0259ri, o&hellip;<\/p>\n","protected":false},"author":2,"featured_media":24096,"comment_status":"closed","ping_status":"closed","sticky":false,"template":"","format":"standard","meta":{"om_disable_all_campaigns":false,"_monsterinsights_skip_tracking":false,"_monsterinsights_sitenote_active":false,"_monsterinsights_sitenote_note":"","_monsterinsights_sitenote_category":0},"categories":[4],"tags":[],"aioseo_notices":[],"gutentor_comment":0,"rttpg_featured_image_url":{"full":["https:\/\/arantv.az\/wp-content\/uploads\/2018\/11\/fpau93oj75nmhcogjtrurvp342ber.jpg",1000,666,false],"landscape":["https:\/\/arantv.az\/wp-content\/uploads\/2018\/11\/fpau93oj75nmhcogjtrurvp342ber.jpg",1000,666,false],"portraits":["https:\/\/arantv.az\/wp-content\/uploads\/2018\/11\/fpau93oj75nmhcogjtrurvp342ber.jpg",1000,666,false],"thumbnail":["https:\/\/arantv.az\/wp-content\/uploads\/2018\/11\/fpau93oj75nmhcogjtrurvp342ber-150x150.jpg",150,150,true],"medium":["https:\/\/arantv.az\/wp-content\/uploads\/2018\/11\/fpau93oj75nmhcogjtrurvp342ber-300x200.jpg",300,200,true],"large":["https:\/\/arantv.az\/wp-content\/uploads\/2018\/11\/fpau93oj75nmhcogjtrurvp342ber.jpg",640,426,false],"1536x1536":["https:\/\/arantv.az\/wp-content\/uploads\/2018\/11\/fpau93oj75nmhcogjtrurvp342ber.jpg",1000,666,false],"2048x2048":["https:\/\/arantv.az\/wp-content\/uploads\/2018\/11\/fpau93oj75nmhcogjtrurvp342ber.jpg",1000,666,false],"post-thumbnail":["https:\/\/arantv.az\/wp-content\/uploads\/2018\/11\/fpau93oj75nmhcogjtrurvp342ber-240x172.jpg",240,172,true],"advps-thumb-one":["https:\/\/arantv.az\/wp-content\/uploads\/2018\/11\/fpau93oj75nmhcogjtrurvp342ber-1000x620.jpg",1000,620,true]},"rttpg_author":{"display_name":"V\u00fcsal Rafiqo\u011flu","author_link":"https:\/\/arantv.az\/?author=2"},"rttpg_comment":0,"rttpg_category":"<a href=\"https:\/\/arantv.az\/?cat=4\" rel=\"category\">Siyas\u0259t<\/a>","rttpg_excerpt":"ARANTV.AZ x\u0259b\u0259r verir ki, noyabr\u0131n 19-da Berlin \u015f\u0259h\u0259rind\u0259 Qafqaz M\u00fcs\u0259lmanlar\u0131 \u0130dar\u0259sinin (QM\u0130) n\u0259zdind\u0259 f\u0259aliyy\u0259t g\u00f6st\u0259r\u0259n Bak\u0131 Beyn\u0259lxalq Dinl\u0259raras\u0131 v\u0259 Sivilizasiyalararas\u0131 \u018fm\u0259kda\u015fl\u0131q M\u0259rk\u0259zinin, Dini Qurumlarla \u0130\u015f \u00fczr\u0259 D\u00f6vl\u0259t Komit\u0259sinin (DQ\u0130DK), Az\u0259rbaycan\u0131n Almaniyadak\u0131 s\u0259firliyinin, Almaniya-Az\u0259rbaycan Forumunun v\u0259 M\u0259d\u0259ni Diplomatiya Akademiyas\u0131n\u0131n birg\u0259 t\u0259\u015fkilat\u00e7\u0131l\u0131\u011f\u0131 il\u0259 \u201cDinl\u0259raras\u0131 v\u0259 sivilizasiyalararas\u0131 dialoqdan \u0259m\u0259kda\u015fl\u0131\u011fa do\u011fru\u201d m\u00f6vzusunda beyn\u0259lxalq konfrans ke\u00e7irilib. Konfrans zaman\u0131 Az\u0259rbaycan\u0131n multikultural&hellip;","_links":{"self":[{"href":"https:\/\/arantv.az\/index.php?rest_route=\/wp\/v2\/posts\/24095"}],"collection":[{"href":"https:\/\/arantv.az\/index.php?rest_route=\/wp\/v2\/posts"}],"about":[{"href":"https:\/\/arantv.az\/index.php?rest_route=\/wp\/v2\/types\/post"}],"author":[{"embeddable":true,"href":"https:\/\/arantv.az\/index.php?rest_route=\/wp\/v2\/users\/2"}],"replies":[{"embeddable":true,"href":"https:\/\/arantv.az\/index.php?rest_route=%2Fwp%2Fv2%2Fcomments&post=24095"}],"version-history":[{"count":0,"href":"https:\/\/arantv.az\/index.php?rest_route=\/wp\/v2\/posts\/24095\/revisions"}],"wp:featuredmedia":[{"embeddable":true,"href":"https:\/\/arantv.az\/index.php?rest_route=\/wp\/v2\/media\/24096"}],"wp:attachment":[{"href":"https:\/\/arantv.az\/index.php?rest_route=%2Fwp%2Fv2%2Fmedia&parent=24095"}],"wp:term":[{"taxonomy":"category","embeddable":true,"href":"https:\/\/arantv.az\/index.php?rest_route=%2Fwp%2Fv2%2Fcategories&post=24095"},{"taxonomy":"post_tag","embeddable":true,"href":"https:\/\/arantv.az\/index.php?rest_route=%2Fwp%2Fv2%2Ftags&post=24095"}],"curies":[{"name":"wp","href":"https:\/\/api.w.org\/{rel}","templated":true}]}}