{"id":241012,"date":"2020-11-23T14:45:02","date_gmt":"2020-11-23T11:45:02","guid":{"rendered":"http:\/\/arantv.az\/?p=241012"},"modified":"2020-11-23T14:45:02","modified_gmt":"2020-11-23T11:45:02","slug":"federasiyadan-koronavirusa-yoluxmus-m%c9%99sqci-v%c9%99-idmancilarla-bagli-b%c9%99yanat-foto-video","status":"publish","type":"post","link":"https:\/\/arantv.az\/?p=241012","title":{"rendered":"Federasiyadan koronavirusa yoluxmu\u015f m\u0259\u015fq\u00e7i v\u0259 idman\u00e7\u0131larla ba\u011fl\u0131 B\u018fYANAT &#8211; FOTO\/V\u0130DEO"},"content":{"rendered":"<p>Koronavirus pandemiyas\u0131 b\u00fct\u00fcn d\u00fcnyada geni\u015f yay\u0131l\u0131b. T\u0259\u0259ss\u00fcf ki, \u00f6lk\u0259mizd\u0259 d\u0259 COVID-19-a yoluxanlar\u0131n say\u0131 artmaqdad\u0131r. Bu s\u0259b\u0259bd\u0259n mart ay\u0131ndan etibar\u0259n \u00f6lk\u0259d\u0259 karantin rejimi t\u0259tbiq edilib. N\u0259tic\u0259d\u0259, idman zallar\u0131 v\u0259 olimpiya kompleksl\u0259ri m\u00fcv\u0259qq\u0259ti olaraq m\u0259\u015fql\u0259r \u00fc\u00e7\u00fcn ba\u011flan\u0131b.<\/p>\n<p>Ancaq G\u0259ncl\u0259r v\u0259 \u0130dman Nazirliyinin m\u00fcraci\u0259ti \u0259sas\u0131nda Nazirl\u0259r Kabineti yan\u0131nda operativ q\u0259rargah\u0131n \u00e7\u0131xard\u0131\u011f\u0131 q\u0259rara \u0259sas\u0259n, iyun ay\u0131ndan etibar\u0259n y\u0131\u011fma komandalara t\u0259lim-m\u0259\u015fq toplan\u0131\u015f\u0131 ke\u00e7m\u0259y\u0259 icaz\u0259 verilib. Lakin m\u0259\u015fq zaman\u0131 b\u0259zi m\u0259\u015fq\u00e7il\u0259r v\u0259 g\u00fcl\u0259\u015f\u00e7il\u0259r koronavirusa yoluxub.<\/p>\n<p>Az\u0259rbaycan G\u00fcl\u0259\u015f Federasiyas\u0131 bu d\u0259f\u0259 sayt\u0131 vasit\u0259sil\u0259 bu m\u0259s\u0259l\u0259 il\u0259 ba\u011fl\u0131 b\u0259yanat yay\u0131b:<\/p>\n<div id=\"AdviadNativeVideo0\" class=\"AdviadNativeVideo\"><\/div>\n<p>\u201cPandemiya D\u00fcnya G\u00fcl\u0259\u015f Birliyinin (UWW) 2020-ci il \u00fc\u00e7\u00fcn n\u0259z\u0259rd\u0259 tutulan t\u0259qvim plan\u0131na da b\u00f6y\u00fck t\u0259sir g\u00f6st\u0259rib. \u018fvv\u0259lc\u0259 iyul ay\u0131na q\u0259d\u0259r b\u00fct\u00fcn yar\u0131\u015flar t\u0259xir\u0259 sal\u0131nd\u0131. Daha sonra sentyabr ay\u0131nda yeniyetm\u0259l\u0259r aras\u0131nda d\u00fcnya v\u0259 Avropa \u00e7empionat\u0131n\u0131n da bu il ke\u00e7irilm\u0259y\u0259c\u0259yi a\u00e7\u0131qland\u0131. Bundan sonra bu ya\u015f qrupu \u00fczr\u0259 y\u0131\u011fma komandalar\u0131m\u0131z\u0131n m\u0259\u015fql\u0259ri dayand\u0131r\u0131ld\u0131.<\/p>\n<p>Oktyabr\u0131n 12-d\u0259 ke\u00e7iril\u0259n UWW-nin \u0130craiyy\u0259 Komit\u0259sinin iclas\u0131nda 4-10 dekabr tarixl\u0259rind\u0259 Serbiyan\u0131n paytaxt\u0131 Belqradda ke\u00e7irilm\u0259si n\u0259z\u0259rd\u0259 tutulan g\u0259ncl\u0259r aras\u0131nda d\u00fcnya \u00e7empionat\u0131 da l\u0259\u011fv olundu. T\u0259bii ki, bundan sonra Az\u0259rbaycan G\u00fcl\u0259\u015f Federasiyas\u0131 g\u0259ncl\u0259rd\u0259n ibar\u0259t y\u0131\u011fma komandalar\u0131n da haz\u0131rl\u0131q prosesini dayand\u0131rmaq q\u0259rar\u0131n\u0131 verdi.<\/p>\n<p>D\u00fcn\u0259n b\u0259zi m\u0259tbu orqanlarda yerl\u0259\u015fdiril\u0259n foto is\u0259 oktyabr\u0131n 6-da \u00e7\u0259kil\u0259n g\u00f6r\u00fcnt\u00fcd\u00fcr. O zaman h\u0259l\u0259 g\u0259ncl\u0259rin d\u00fcnya \u00e7empionat\u0131 UWW-nin t\u0259qvim plan\u0131nda yer ald\u0131\u011f\u0131 \u00fc\u00e7\u00fcn bu ya\u015f qrupu \u00fczr\u0259 milli komandalar\u0131n m\u0259\u015fql\u0259ri ke\u00e7irilirdi. H\u0259min yar\u0131\u015f l\u0259\u011fv olundu\u011fu tarixd\u0259n bu g\u00fcn\u0259d\u0259k Olimpiya G\u00fcl\u0259\u015f M\u0259rk\u0259zind\u0259 yaln\u0131z b\u00f6y\u00fckl\u0259rd\u0259n ibar\u0259t milli komandalar\u0131m\u0131z t\u0259lim-m\u0259\u015fq prosesi ke\u00e7ir.<\/p>\n<p>M\u0259lumat \u00fc\u00e7\u00fcn bildiririk ki, b\u00fct\u00fcn t\u0259lim-m\u0259\u015fq toplan\u0131\u015flar\u0131ndan \u0259vv\u0259l y\u0131\u011fma komandalar\u0131n b\u00fct\u00fcn hey\u0259ti koronavirus testind\u0259n ke\u00e7irilir. Testin n\u0259tic\u0259si pozitiv \u00e7\u0131xan \u015f\u0259xsl\u0259r d\u0259rhal karantin\u0259 al\u0131n\u0131r v\u0259 m\u00fcalic\u0259sin\u0259 ba\u015flan\u0131l\u0131r. T\u0259bii ki, h\u0259min \u015f\u0259xsl\u0259r he\u00e7 bir halda m\u0259\u015fql\u0259rd\u0259 i\u015ftirak ed\u0259 bilm\u0259z.<\/p>\n<p>\u00d6t\u0259n h\u0259ft\u0259sonu s\u0259rb\u0259st g\u00fcl\u0259\u015f y\u0131\u011fmam\u0131z n\u00f6vb\u0259ti d\u0259f\u0259 testl\u0259rd\u0259n ke\u00e7irilib. N\u0259tic\u0259d\u0259, bir ne\u00e7\u0259 idman\u00e7\u0131 v\u0259 m\u0259\u015fq\u00e7id\u0259 koronavirus a\u015fkarland\u0131\u011f\u0131 \u00fc\u00e7\u00fcn h\u0259min \u015f\u0259xsl\u0259r karantin\u0259 al\u0131n\u0131b. Bu g\u00fcn is\u0259 yunan-Roma g\u00fcl\u0259\u015fi \u00fczr\u0259 milli komanda testd\u0259n ke\u00e7irilib.<\/p>\n<p>Haz\u0131rda y\u0131\u011fma komandalar\u0131m\u0131z dekabr\u0131n 12-d\u0259n 18-d\u0259k Belqradda ke\u00e7iril\u0259c\u0259k F\u0259rdi D\u00fcnya Kubokuna \u0259vv\u0259lc\u0259d\u0259n m\u00fc\u0259yy\u0259nl\u0259\u015fdiril\u0259n plan \u00fczr\u0259 haz\u0131rl\u0131q prosesini davam etdirirl\u0259r.<\/p>\n<p>\u00dcmumiyy\u0259tl\u0259, b\u00fct\u00fcn d\u00fcnya \u00fczr\u0259 y\u0131\u011fma komandalar g\u0259l\u0259n il ke\u00e7iril\u0259c\u0259k Olimpiadan\u0131n vacibliyini n\u0259z\u0259r\u0259 alaraq, gigiyenik qaydalara riay\u0259t etm\u0259kl\u0259 t\u0259lim-m\u0259\u015fq toplan\u0131\u015f\u0131 ke\u00e7irl\u0259r.<\/p>\n<p>Bir daha b\u0259yan edirik ki, Az\u0259rbaycan G\u00fcl\u0259\u015f Federasiyas\u0131 karantin qaydalar\u0131na tam riay\u0259t edir v\u0259 pandemiya il\u0259 ba\u011fl\u0131 b\u00fct\u00fcn profilaktik t\u0259dbirl\u0259r (idman\u00e7\u0131 v\u0259 m\u0259\u015fq\u00e7il\u0259rin h\u0259rar\u0259ti h\u0259r m\u0259\u015fqd\u0259n \u00f6nc\u0259 yoxlan\u0131l\u0131r, federasiyan\u0131n bazas\u0131 v\u0259 ofisi m\u00fct\u0259madi dezinfeksiya edilir v\u0259 s.) g\u00f6r\u00fcl\u00fcr.<\/p>\n<p>Sonda onu da qeyd ed\u0259k ki, \u00f6t\u0259n h\u0259ft\u0259 v\u0259fat ed\u0259n g\u0259nc v\u0259 yeniyetm\u0259 q\u0131zlardan ibar\u0259t y\u0131\u011fmam\u0131z\u0131n m\u0259\u015fq\u00e7isi \u0130sam\u0259ddin H\u00fcseynov bir ne\u00e7\u0259 ay \u00f6nc\u0259 \u00fcr\u0259k-damar sistemind\u0259n \u0259m\u0259liyyat olunmu\u015f v\u0259 bu s\u0259b\u0259bd\u0259n m\u0259\u015fql\u0259rd\u0259n azad olunmu\u015fdu\u201d.<\/p>\n<div><iframe loading=\"lazy\" src=\"https:\/\/www.youtube.com\/embed\/SWR5BVIDtIA\" width=\"685\" height=\"410\" frameborder=\"0\" allowfullscreen=\"allowfullscreen\" data-mce-fragment=\"1\"><\/iframe><\/div>\n<div><iframe loading=\"lazy\" src=\"https:\/\/www.youtube.com\/embed\/_XGb4OB9eHQ\" width=\"685\" height=\"410\" frameborder=\"0\" allowfullscreen=\"allowfullscreen\" data-mce-fragment=\"1\"><\/iframe><\/div>\n<div class=\"gallery\">\n<div class=\"gallery-i\"><img src=\"https:\/\/cdn.oxu.az\/uploads\/W1siZiIsIjIwMjAvMTEvMjMvMTUvMTUvMTIvMGU0ZTg2N2EtMTJiMS00ZWJhLTgwMDQtZDMzODNhYzM1OThhL2d1bGVzLnBuZyJdLFsicCIsImVuY29kZSIsImpwZyIsIi1xdWFsaXR5IDgwIl0sWyJwIiwidGh1bWIiLCI1OTB4NTkwXHUwMDNlIl1d?sha=c6c1ee72f8164cb2\" alt=\"\" \/><\/p>\n<div class=\"gallery-i-caption\"><\/div>\n<\/div>\n<div class=\"gallery-i\"><img src=\"https:\/\/cdn.oxu.az\/uploads\/W1siZiIsIjIwMjAvMTEvMjMvMTUvMTUvMTIvMjI3Y2JiMTYtZmQzMi00ZGM4LWJkMTEtNDVkNDY4NDAxOWE2L2d1bGVzNi5wbmciXSxbInAiLCJlbmNvZGUiLCJqcGciLCItcXVhbGl0eSA4MCJdLFsicCIsInRodW1iIiwiNTkweDU5MFx1MDAzZSJdXQ?sha=97f19957e434b96e\" alt=\"\" \/><\/p>\n<div class=\"gallery-i-caption\"><\/div>\n<\/div>\n<div class=\"gallery-i\"><img src=\"https:\/\/cdn.oxu.az\/uploads\/W1siZiIsIjIwMjAvMTEvMjMvMTUvMTUvMTMvZDg2YWJlNGUtYTdhOS00MGI4LTg0OGUtNmI1NTU2MjY4NzJjL2d1bGVzNS5qcGciXSxbInAiLCJlbmNvZGUiLCJqcGciLCItcXVhbGl0eSA4MCJdLFsicCIsInRodW1iIiwiNTkweDU5MFx1MDAzZSJdXQ?sha=bfdb1b91f263de65\" alt=\"\" \/><\/p>\n<div class=\"gallery-i-caption\"><\/div>\n<\/div>\n<div class=\"gallery-i\"><img src=\"https:\/\/cdn.oxu.az\/uploads\/W1siZiIsIjIwMjAvMTEvMjMvMTUvMTUvMTMvNjdmMDMzOTYtMmU5Zi00ZDUyLWEwYzUtNjU3NDMyMzAwOGMyL2d1bGVzNC5qcGciXSxbInAiLCJlbmNvZGUiLCJqcGciLCItcXVhbGl0eSA4MCJdLFsicCIsInRodW1iIiwiNTkweDU5MFx1MDAzZSJdXQ?sha=4ac9c0771ebecdae\" alt=\"\" \/><\/p>\n<div class=\"gallery-i-caption\"><\/div>\n<\/div>\n<div class=\"gallery-i\"><img src=\"https:\/\/cdn.oxu.az\/uploads\/W1siZiIsIjIwMjAvMTEvMjMvMTUvMTUvMTMvNGUzNzgxMWItNmZmNy00NzM5LWI1YWYtZjc0YWVhZjYzOTE0L2d1bGVzMy5qcGciXSxbInAiLCJlbmNvZGUiLCJqcGciLCItcXVhbGl0eSA4MCJdLFsicCIsInRodW1iIiwiNTkweDU5MFx1MDAzZSJdXQ?sha=19cede928180bac6\" alt=\"\" \/><\/p>\n<div class=\"gallery-i-caption\"><\/div>\n<\/div>\n<div class=\"gallery-i\"><img src=\"https:\/\/cdn.oxu.az\/uploads\/W1siZiIsIjIwMjAvMTEvMjMvMTUvMTUvMTMvNDEzMDYxNGQtNTkzNi00YTdmLThhYzAtMGMyNjhmYmVmMGYxL2d1bGVzMi5qcGciXSxbInAiLCJlbmNvZGUiLCJqcGciLCItcXVhbGl0eSA4MCJdLFsicCIsInRodW1iIiwiNTkweDU5MFx1MDAzZSJdXQ?sha=b8e5579990e05f39\" alt=\"\" \/><\/p>\n<div class=\"gallery-i-caption\"><\/div>\n<\/div>\n<div class=\"gallery-i\"><img src=\"https:\/\/cdn.oxu.az\/uploads\/W1siZiIsIjIwMjAvMTEvMjMvMTUvMTUvMTMvMTFjYzljM2MtZDU0YS00NmVmLWIyM2EtZDZjYTg5NGFjNzQyL2d1bGVzMS5qcGciXSxbInAiLCJlbmNvZGUiLCJqcGciLCItcXVhbGl0eSA4MCJdLFsicCIsInRodW1iIiwiNTkweDU5MFx1MDAzZSJdXQ?sha=76900ffd51422c12\" alt=\"\" \/><\/div>\n<\/div>\n","protected":false},"excerpt":{"rendered":"<p>Koronavirus pandemiyas\u0131 b\u00fct\u00fcn d\u00fcnyada geni\u015f yay\u0131l\u0131b. T\u0259\u0259ss\u00fcf ki, \u00f6lk\u0259mizd\u0259 d\u0259 COVID-19-a yoluxanlar\u0131n say\u0131 artmaqdad\u0131r. Bu s\u0259b\u0259bd\u0259n mart ay\u0131ndan etibar\u0259n \u00f6lk\u0259d\u0259 karantin rejimi t\u0259tbiq edilib. N\u0259tic\u0259d\u0259, idman zallar\u0131 v\u0259 olimpiya kompleksl\u0259ri m\u00fcv\u0259qq\u0259ti olaraq m\u0259\u015fql\u0259r \u00fc\u00e7\u00fcn ba\u011flan\u0131b. Ancaq G\u0259ncl\u0259r v\u0259 \u0130dman Nazirliyinin m\u00fcraci\u0259ti \u0259sas\u0131nda Nazirl\u0259r Kabineti yan\u0131nda operativ q\u0259rargah\u0131n \u00e7\u0131xard\u0131\u011f\u0131 q\u0259rara \u0259sas\u0259n, iyun ay\u0131ndan etibar\u0259n y\u0131\u011fma komandalara t\u0259lim-m\u0259\u015fq toplan\u0131\u015f\u0131 ke\u00e7m\u0259y\u0259 icaz\u0259 verilib. Lakin m\u0259\u015fq zaman\u0131 b\u0259zi m\u0259\u015fq\u00e7il\u0259r v\u0259 g\u00fcl\u0259\u015f\u00e7il\u0259r koronavirusa yoluxub. Az\u0259rbaycan G\u00fcl\u0259\u015f Federasiyas\u0131 bu d\u0259f\u0259 sayt\u0131 vasit\u0259sil\u0259 bu m\u0259s\u0259l\u0259 il\u0259 ba\u011fl\u0131 b\u0259yanat yay\u0131b: \u201cPandemiya D\u00fcnya G\u00fcl\u0259\u015f Birliyinin (UWW) 2020-ci il \u00fc\u00e7\u00fcn&hellip;<\/p>\n","protected":false},"author":2,"featured_media":241013,"comment_status":"closed","ping_status":"closed","sticky":false,"template":"","format":"standard","meta":{"om_disable_all_campaigns":false,"_monsterinsights_skip_tracking":false,"_monsterinsights_sitenote_active":false,"_monsterinsights_sitenote_note":"","_monsterinsights_sitenote_category":0},"categories":[6],"tags":[],"aioseo_notices":[],"gutentor_comment":0,"rttpg_featured_image_url":{"full":["https:\/\/arantv.az\/wp-content\/uploads\/2020\/11\/gules1.jpg",620,414,false],"landscape":["https:\/\/arantv.az\/wp-content\/uploads\/2020\/11\/gules1.jpg",620,414,false],"portraits":["https:\/\/arantv.az\/wp-content\/uploads\/2020\/11\/gules1.jpg",620,414,false],"thumbnail":["https:\/\/arantv.az\/wp-content\/uploads\/2020\/11\/gules1-150x150.jpg",150,150,true],"medium":["https:\/\/arantv.az\/wp-content\/uploads\/2020\/11\/gules1-300x200.jpg",300,200,true],"large":["https:\/\/arantv.az\/wp-content\/uploads\/2020\/11\/gules1.jpg",620,414,false],"1536x1536":["https:\/\/arantv.az\/wp-content\/uploads\/2020\/11\/gules1.jpg",620,414,false],"2048x2048":["https:\/\/arantv.az\/wp-content\/uploads\/2020\/11\/gules1.jpg",620,414,false],"post-thumbnail":["https:\/\/arantv.az\/wp-content\/uploads\/2020\/11\/gules1-240x172.jpg",240,172,true],"advps-thumb-one":["https:\/\/arantv.az\/wp-content\/uploads\/2020\/11\/gules1.jpg",620,414,false]},"rttpg_author":{"display_name":"V\u00fcsal Rafiqo\u011flu","author_link":"https:\/\/arantv.az\/?author=2"},"rttpg_comment":0,"rttpg_category":"<a href=\"https:\/\/arantv.az\/?cat=6\" rel=\"category\">\u0130dman<\/a>","rttpg_excerpt":"Koronavirus pandemiyas\u0131 b\u00fct\u00fcn d\u00fcnyada geni\u015f yay\u0131l\u0131b. T\u0259\u0259ss\u00fcf ki, \u00f6lk\u0259mizd\u0259 d\u0259 COVID-19-a yoluxanlar\u0131n say\u0131 artmaqdad\u0131r. Bu s\u0259b\u0259bd\u0259n mart ay\u0131ndan etibar\u0259n \u00f6lk\u0259d\u0259 karantin rejimi t\u0259tbiq edilib. N\u0259tic\u0259d\u0259, idman zallar\u0131 v\u0259 olimpiya kompleksl\u0259ri m\u00fcv\u0259qq\u0259ti olaraq m\u0259\u015fql\u0259r \u00fc\u00e7\u00fcn ba\u011flan\u0131b. Ancaq G\u0259ncl\u0259r v\u0259 \u0130dman Nazirliyinin m\u00fcraci\u0259ti \u0259sas\u0131nda Nazirl\u0259r Kabineti yan\u0131nda operativ q\u0259rargah\u0131n \u00e7\u0131xard\u0131\u011f\u0131 q\u0259rara \u0259sas\u0259n, iyun ay\u0131ndan etibar\u0259n y\u0131\u011fma komandalara&hellip;","_links":{"self":[{"href":"https:\/\/arantv.az\/index.php?rest_route=\/wp\/v2\/posts\/241012"}],"collection":[{"href":"https:\/\/arantv.az\/index.php?rest_route=\/wp\/v2\/posts"}],"about":[{"href":"https:\/\/arantv.az\/index.php?rest_route=\/wp\/v2\/types\/post"}],"author":[{"embeddable":true,"href":"https:\/\/arantv.az\/index.php?rest_route=\/wp\/v2\/users\/2"}],"replies":[{"embeddable":true,"href":"https:\/\/arantv.az\/index.php?rest_route=%2Fwp%2Fv2%2Fcomments&post=241012"}],"version-history":[{"count":0,"href":"https:\/\/arantv.az\/index.php?rest_route=\/wp\/v2\/posts\/241012\/revisions"}],"wp:featuredmedia":[{"embeddable":true,"href":"https:\/\/arantv.az\/index.php?rest_route=\/wp\/v2\/media\/241013"}],"wp:attachment":[{"href":"https:\/\/arantv.az\/index.php?rest_route=%2Fwp%2Fv2%2Fmedia&parent=241012"}],"wp:term":[{"taxonomy":"category","embeddable":true,"href":"https:\/\/arantv.az\/index.php?rest_route=%2Fwp%2Fv2%2Fcategories&post=241012"},{"taxonomy":"post_tag","embeddable":true,"href":"https:\/\/arantv.az\/index.php?rest_route=%2Fwp%2Fv2%2Ftags&post=241012"}],"curies":[{"name":"wp","href":"https:\/\/api.w.org\/{rel}","templated":true}]}}