{"id":241016,"date":"2020-11-23T14:45:35","date_gmt":"2020-11-23T11:45:35","guid":{"rendered":"http:\/\/arantv.az\/?p=241016"},"modified":"2020-11-23T14:45:35","modified_gmt":"2020-11-23T11:45:35","slug":"qubada-cayxananin-sahibi-v%c9%99-must%c9%99ril%c9%99ri-c%c9%99rim%c9%99l%c9%99ndi-foto","status":"publish","type":"post","link":"https:\/\/arantv.az\/?p=241016","title":{"rendered":"Qubada \u00e7ayxanan\u0131n sahibi v\u0259 m\u00fc\u015ft\u0259ril\u0259ri c\u0259rim\u0259l\u0259ndi &#8211; FOTO"},"content":{"rendered":"<p>Qubada x\u00fcsusi karantin rejimi qaydalar\u0131na zidd olaraq f\u0259aliyy\u0259t g\u00f6st\u0259r\u0259n \u00e7ayxana a\u015fkar edilib.<\/p>\n<p>Bu bar\u0259d\u0259 AZ\u018fRTAC x\u0259b\u0259r yay\u0131b.<\/p>\n<div id=\"AdviadNativeVideo0\" class=\"AdviadNativeVideo\"><\/div>\n<p>Bildirilib ki, Daxili \u0130\u015fl\u0259r Nazirliyinin M\u0259tbuat Xidm\u0259tinin Quba regional qrupundan AZ\u018fRTAC-\u0131n b\u00f6lg\u0259 m\u00fcxbirin\u0259 veril\u0259n m\u0259lumata g\u00f6r\u0259, Quba Rayon Polis \u015e\u00f6b\u0259sinin \u0259m\u0259kda\u015flar\u0131 M\u00f6h\u00fcc k\u0259ndi \u0259razisind\u0259 yerl\u0259\u015f\u0259n \u00e7ayxanaya bax\u0131\u015f zaman\u0131 yeddi\u00a0m\u00fc\u015ft\u0259rinin v\u0259 obyekt sahibi R\u00fcst\u0259m \u0130sayevin s\u0259rtl\u0259\u015fdirilmi\u015f karantin rejimi qaydalar\u0131n\u0131 pozduqlar\u0131 m\u00fc\u0259yy\u0259n edilib.<\/p>\n<p>Onlar\u0131n bar\u0259sind\u0259 \u0130nzibati X\u0259talar M\u0259c\u0259ll\u0259sinin m\u00fcvafiq madd\u0259si il\u0259 c\u0259rim\u0259 protokollar\u0131 t\u0259rtib olunub.<\/p>\n<div class=\"gallery\">\n<div class=\"gallery-i\"><img src=\"https:\/\/cdn.oxu.az\/uploads\/W1siZiIsIjIwMjAvMTEvMjMvMTUvMjAvMzAvYTYwYTcxYTctOWM2OC00ZmY0LTlmNDctZmYxNDE2OGY3NTc4L3F1YmEuanBlZyJdLFsicCIsImVuY29kZSIsImpwZyIsIi1xdWFsaXR5IDgwIl0sWyJwIiwidGh1bWIiLCI1OTB4NTkwXHUwMDNlIl1d?sha=13ef5cf8ebcec03e\" alt=\"\" \/><\/p>\n<div class=\"gallery-i-caption\"><\/div>\n<\/div>\n<div class=\"gallery-i\"><img src=\"https:\/\/cdn.oxu.az\/uploads\/W1siZiIsIjIwMjAvMTEvMjMvMTUvMjAvNDUvYTYxNmMzMDctMmFlNC00YjI5LTk4ZjMtMDMxZTA4NDhhZDE0L2NheXhhbmEuanBlZyJdLFsicCIsImVuY29kZSIsImpwZyIsIi1xdWFsaXR5IDgwIl0sWyJwIiwidGh1bWIiLCI1OTB4NTkwXHUwMDNlIl1d?sha=70d51833f9d0f1e4\" alt=\"\" \/><\/div>\n<\/div>\n","protected":false},"excerpt":{"rendered":"<p>Qubada x\u00fcsusi karantin rejimi qaydalar\u0131na zidd olaraq f\u0259aliyy\u0259t g\u00f6st\u0259r\u0259n \u00e7ayxana a\u015fkar edilib. Bu bar\u0259d\u0259 AZ\u018fRTAC x\u0259b\u0259r yay\u0131b. Bildirilib ki, Daxili \u0130\u015fl\u0259r Nazirliyinin M\u0259tbuat Xidm\u0259tinin Quba regional qrupundan AZ\u018fRTAC-\u0131n b\u00f6lg\u0259 m\u00fcxbirin\u0259 veril\u0259n m\u0259lumata g\u00f6r\u0259, Quba Rayon Polis \u015e\u00f6b\u0259sinin \u0259m\u0259kda\u015flar\u0131 M\u00f6h\u00fcc k\u0259ndi \u0259razisind\u0259 yerl\u0259\u015f\u0259n \u00e7ayxanaya bax\u0131\u015f zaman\u0131 yeddi\u00a0m\u00fc\u015ft\u0259rinin v\u0259 obyekt sahibi R\u00fcst\u0259m \u0130sayevin s\u0259rtl\u0259\u015fdirilmi\u015f karantin rejimi qaydalar\u0131n\u0131 pozduqlar\u0131 m\u00fc\u0259yy\u0259n edilib. Onlar\u0131n bar\u0259sind\u0259 \u0130nzibati X\u0259talar M\u0259c\u0259ll\u0259sinin m\u00fcvafiq madd\u0259si il\u0259 c\u0259rim\u0259 protokollar\u0131 t\u0259rtib olunub.<\/p>\n","protected":false},"author":2,"featured_media":241017,"comment_status":"closed","ping_status":"closed","sticky":false,"template":"","format":"standard","meta":{"om_disable_all_campaigns":false,"_monsterinsights_skip_tracking":false,"_monsterinsights_sitenote_active":false,"_monsterinsights_sitenote_note":"","_monsterinsights_sitenote_category":0},"categories":[26],"tags":[],"aioseo_notices":[],"gutentor_comment":0,"rttpg_featured_image_url":{"full":["https:\/\/arantv.az\/wp-content\/uploads\/2020\/11\/caaay.jpg",620,387,false],"landscape":["https:\/\/arantv.az\/wp-content\/uploads\/2020\/11\/caaay.jpg",620,387,false],"portraits":["https:\/\/arantv.az\/wp-content\/uploads\/2020\/11\/caaay.jpg",620,387,false],"thumbnail":["https:\/\/arantv.az\/wp-content\/uploads\/2020\/11\/caaay-150x150.jpg",150,150,true],"medium":["https:\/\/arantv.az\/wp-content\/uploads\/2020\/11\/caaay-300x187.jpg",300,187,true],"large":["https:\/\/arantv.az\/wp-content\/uploads\/2020\/11\/caaay.jpg",620,387,false],"1536x1536":["https:\/\/arantv.az\/wp-content\/uploads\/2020\/11\/caaay.jpg",620,387,false],"2048x2048":["https:\/\/arantv.az\/wp-content\/uploads\/2020\/11\/caaay.jpg",620,387,false],"post-thumbnail":["https:\/\/arantv.az\/wp-content\/uploads\/2020\/11\/caaay-240x172.jpg",240,172,true],"advps-thumb-one":["https:\/\/arantv.az\/wp-content\/uploads\/2020\/11\/caaay.jpg",620,387,false]},"rttpg_author":{"display_name":"V\u00fcsal Rafiqo\u011flu","author_link":"https:\/\/arantv.az\/?author=2"},"rttpg_comment":0,"rttpg_category":"<a href=\"https:\/\/arantv.az\/?cat=26\" rel=\"category\">Sosial<\/a>","rttpg_excerpt":"Qubada x\u00fcsusi karantin rejimi qaydalar\u0131na zidd olaraq f\u0259aliyy\u0259t g\u00f6st\u0259r\u0259n \u00e7ayxana a\u015fkar edilib. Bu bar\u0259d\u0259 AZ\u018fRTAC x\u0259b\u0259r yay\u0131b. Bildirilib ki, Daxili \u0130\u015fl\u0259r Nazirliyinin M\u0259tbuat Xidm\u0259tinin Quba regional qrupundan AZ\u018fRTAC-\u0131n b\u00f6lg\u0259 m\u00fcxbirin\u0259 veril\u0259n m\u0259lumata g\u00f6r\u0259, Quba Rayon Polis \u015e\u00f6b\u0259sinin \u0259m\u0259kda\u015flar\u0131 M\u00f6h\u00fcc k\u0259ndi \u0259razisind\u0259 yerl\u0259\u015f\u0259n \u00e7ayxanaya bax\u0131\u015f zaman\u0131 yeddi\u00a0m\u00fc\u015ft\u0259rinin v\u0259 obyekt sahibi R\u00fcst\u0259m \u0130sayevin s\u0259rtl\u0259\u015fdirilmi\u015f karantin rejimi qaydalar\u0131n\u0131&hellip;","_links":{"self":[{"href":"https:\/\/arantv.az\/index.php?rest_route=\/wp\/v2\/posts\/241016"}],"collection":[{"href":"https:\/\/arantv.az\/index.php?rest_route=\/wp\/v2\/posts"}],"about":[{"href":"https:\/\/arantv.az\/index.php?rest_route=\/wp\/v2\/types\/post"}],"author":[{"embeddable":true,"href":"https:\/\/arantv.az\/index.php?rest_route=\/wp\/v2\/users\/2"}],"replies":[{"embeddable":true,"href":"https:\/\/arantv.az\/index.php?rest_route=%2Fwp%2Fv2%2Fcomments&post=241016"}],"version-history":[{"count":0,"href":"https:\/\/arantv.az\/index.php?rest_route=\/wp\/v2\/posts\/241016\/revisions"}],"wp:featuredmedia":[{"embeddable":true,"href":"https:\/\/arantv.az\/index.php?rest_route=\/wp\/v2\/media\/241017"}],"wp:attachment":[{"href":"https:\/\/arantv.az\/index.php?rest_route=%2Fwp%2Fv2%2Fmedia&parent=241016"}],"wp:term":[{"taxonomy":"category","embeddable":true,"href":"https:\/\/arantv.az\/index.php?rest_route=%2Fwp%2Fv2%2Fcategories&post=241016"},{"taxonomy":"post_tag","embeddable":true,"href":"https:\/\/arantv.az\/index.php?rest_route=%2Fwp%2Fv2%2Ftags&post=241016"}],"curies":[{"name":"wp","href":"https:\/\/api.w.org\/{rel}","templated":true}]}}