{"id":241073,"date":"2020-11-23T15:30:59","date_gmt":"2020-11-23T12:30:59","guid":{"rendered":"http:\/\/arantv.az\/?p=241073"},"modified":"2020-11-23T15:30:59","modified_gmt":"2020-11-23T12:30:59","slug":"v%c9%99t%c9%99nim-ucun-n%c9%99-ets%c9%99m-azdir-oleq-krapivin","status":"publish","type":"post","link":"https:\/\/arantv.az\/?p=241073","title":{"rendered":"&#8220;V\u0259t\u0259nim \u00fc\u00e7\u00fcn n\u0259 ets\u0259m, azd\u0131r&#8221; \u2013 Oleq Krapivin"},"content":{"rendered":"<p>Krapivin Kiyevd\u0259 h\u0259m d\u0259 &#8220;Oleq Bakinski&#8221; kimi tan\u0131n\u0131r. O, Az\u0259rbaycan diasporunun liderl\u0259rind\u0259n say\u0131l\u0131r. Ukrayna Az\u0259rbaycanl\u0131lar\u0131 Konqresinin Kiyev \u015f\u0259h\u0259r t\u0259\u015fkilat\u0131n\u0131n s\u0259dridir.<\/p>\n<p>101.az\u00a0<a title=\"xeberler son xeberler 2020\" href=\"https:\/\/big.az\/\" target=\"_blank\" rel=\"noopener\">x\u0259b\u0259r<\/a>\u00a0verir ki, sentyabr\u0131n 27-si s\u0259h\u0259r saatlar\u0131ndan ba\u015flayan Az\u0259rbaycan torpaqlar\u0131 u\u011frunda d\u00f6y\u00fc\u015fl\u0259r ba\u015flayandan, bir \u00e7ox yerli sahibkar, fiziki \u015f\u0259xs \u00f6z yard\u0131mlar\u0131n\u0131 \u0259sirg\u0259m\u0259di. Orduya d\u0259st\u0259k m\u0259qs\u0259dil\u0259 xalq k\u00f6n\u00fcll\u00fc s\u0259f\u0259rb\u0259rliy\u0259 gedir, \u0259sg\u0259rl\u0259rin \u0259rzaq, su v\u0259 s. ehtiyaclar\u0131n\u0131 \u00f6d\u0259m\u0259k \u00fc\u00e7\u00fcn yard\u0131mlar edir, yaral\u0131lara k\u00f6m\u0259k \u00fc\u00e7\u00fcn qan verm\u0259y\u0259 \u00e7al\u0131\u015f\u0131rd\u0131. H\u0259r yard\u0131m etdiyind\u0259 ad\u0131n\u0131n gizli qalmas\u0131n\u0131 ist\u0259y\u0259n, \u0259sl\u0259n \u015eamax\u0131dan olan Oleq Krapivin \u0130kinci V\u0259t\u0259n m\u00fcharib\u0259sinin ilk g\u00fcn\u00fcnd\u0259n -q\u0259l\u0259b\u0259 g\u00fcn\u00fcm\u00fcz\u0259d\u0259k az\u0259rbaycanl\u0131lar\u0131m\u0131zla \u00e7iyin-\u00e7iyin\u0259 arxa c\u0259bh\u0259d\u0259 \u00f6z m\u00fcbariz\u0259sini apard\u0131.Az\u0259rbaycan ordusuna 20 min USD yard\u0131m etdi, bundan \u0259lav\u0259 yard\u0131m kampaniyalar\u0131nda da aktiv i\u015ftirak etdi.<br \/>\nH\u0259m\u00e7inin 21-ci \u0259srin h\u0259l\u0259 ki \u00e7ar\u0259si tap\u0131lmayan b\u0259las\u0131na \u00e7evril\u0259n COV\u0130D-19 virusunun 1-ci dal\u011fas\u0131 d\u00f6vr\u00fcnd\u0259, bir \u00e7ox yerli ki\u00e7ik v\u0259 orta sahibkara, habel\u0259 ehtiyac\u0131 olan ail\u0259l\u0259r\u0259 maliyy\u0259 yard\u0131mlar\u0131 ed\u0259n Ukrayna Az\u0259rbaycanl\u0131lar\u0131 Konqresinin Kiyev \u015f\u0259h\u0259r t\u0259\u015fkilat\u0131n\u0131n s\u0259dri Oleq Krapivin m\u00fcsahib\u0259l\u0259rinin birind\u0259 Krapivin dediyi: &#8220;M\u0259n b\u00fct\u00fcn imkanlar\u0131mdan Ukraynada ya\u015fayan az\u0259rbaycanl\u0131lar\u0131n m\u00fcdafi\u0259si namin\u0259 istifad\u0259 etmi\u015f\u0259m v\u0259 ed\u0259c\u0259y\u0259m! Bu, m\u0259nim bir az\u0259rbaycanl\u0131, \u015famax\u0131l\u0131 kimi borcumdur&#8221; ifad\u0259sini \u0259m\u0259ld\u0259 g\u00f6st\u0259rm\u0259kd\u0259, az\u0259rbaycanl\u0131 missiyas\u0131n\u0131 icra etm\u0259kd\u0259dir.<br \/>\n&#8220;V\u0259t\u0259nim \u00fc\u00e7\u00fcn n\u0259 ets\u0259m, azd\u0131r. Rus olsam da, \u00f6z\u00fcm\u00fc h\u0259mi\u015f\u0259 az\u0259rbaycanl\u0131 hesab etmi\u015f\u0259m. Bu torpa\u011fa, insanlara ba\u011fl\u0131l\u0131\u011f\u0131m olub. H\u0259tta toyum bel\u0259, Az\u0259rbaycan ad\u0259t-\u0259n\u0259n\u0259l\u0259rin\u0259 uy\u011fun ke\u00e7ib. U\u015faql\u0131\u011f\u0131m\u0131n \u0259n g\u00f6z\u0259l ill\u0259ri h\u0259m d\u0259 Sabun\u00e7u il\u0259 ba\u011fl\u0131d\u0131r. B\u00f6y\u00fcd\u00fcy\u00fcm m\u0259h\u0259ll\u0259nin k\u00fc\u00e7\u0259l\u0259ri, tinl\u0259ri, insanlar\u0131 h\u0259l\u0259 d\u0259 g\u00f6z\u00fcm\u00fcn \u00f6n\u00fcnd\u0259 canlan\u0131r\u2026&#8221;<br \/>\nQeyd ed\u0259k ki, Krapivin Oleq 1960-c\u0131 il sentyabr\u0131n 29-da \u015eamax\u0131 rayonunun \u015e\u0259hriyar q\u0259s\u0259b\u0259sind\u0259 anadan olub. 1966-c\u0131 ild\u0259 ail\u0259si il\u0259 birlikd\u0259 Bak\u0131ya k\u00f6\u00e7\u00fcb. \u0130lk t\u0259hsilini Sabun\u00e7u q\u0259s\u0259b\u0259si 68 sayl\u0131 orta m\u0259kt\u0259bd\u0259 alsa da, sonra t\u0259hsilini Bak\u0131xanov q\u0259s\u0259b\u0259sind\u0259 yerl\u0259\u015f\u0259n idman t\u0259may\u00fcll\u00fc internat m\u0259kt\u0259bind\u0259 davam etdirib. S\u0259rb\u0259st g\u00fcl\u0259\u015f \u00fczr\u0259 14 qat Az\u0259rbaycan \u00e7empionudur. Y\u0131\u011fma komandalar s\u0259viyy\u0259sind\u0259 m\u00fcxt\u0259lif beyn\u0259lxalq turnirl\u0259rin qalibi olub. 2007-ci il Oleqin h\u0259yat\u0131nda \u0259n \u0259lam\u0259tdar il olur. O, T\u00fcrkiy\u0259nin \u0130stanbul \u015f\u0259h\u0259rind\u0259 veteranlar aras\u0131nda ke\u00e7iril\u0259n yar\u0131\u015fda s\u0259rb\u0259st g\u00fcl\u0259\u015f \u00fczr\u0259 d\u00fcnya \u00e7empionu ad\u0131n\u0131 qazan\u0131r. 1989-cu ild\u0259n Kiyev \u015f\u0259h\u0259rind\u0259 ya\u015fay\u0131r. Ail\u0259lidir, 4 \u00f6vlad\u0131 da var.<\/p>\n<div id=\"AdviadNativeVideo0\" class=\"AdviadNativeVideo\"><\/div>\n<p><img class=\"imgbcode\" src=\"https:\/\/upload.az\/foto\/arxiv\/126791117_430386948349566_68460598990107.jpg\" alt=\"&quot;V\u0259t\u0259nim \u00fc\u00e7\u00fcn n\u0259 ets\u0259m, azd\u0131r'' \u2013 Oleq Krapivin\" \/><img class=\"imgbcode\" src=\"https:\/\/upload.az\/foto\/arxiv\/127142444_2059986310974994_3912061650196.jpg\" alt=\"&quot;V\u0259t\u0259nim \u00fc\u00e7\u00fcn n\u0259 ets\u0259m, azd\u0131r'' \u2013 Oleq Krapivin\" \/><img class=\"imgbcode\" src=\"https:\/\/upload.az\/foto\/arxiv\/126811338_424019118764118_26425461661704.jpg\" alt=\"&quot;V\u0259t\u0259nim \u00fc\u00e7\u00fcn n\u0259 ets\u0259m, azd\u0131r'' \u2013 Oleq Krapivin\" \/><\/p>\n","protected":false},"excerpt":{"rendered":"<p>Krapivin Kiyevd\u0259 h\u0259m d\u0259 &#8220;Oleq Bakinski&#8221; kimi tan\u0131n\u0131r. O, Az\u0259rbaycan diasporunun liderl\u0259rind\u0259n say\u0131l\u0131r. Ukrayna Az\u0259rbaycanl\u0131lar\u0131 Konqresinin Kiyev \u015f\u0259h\u0259r t\u0259\u015fkilat\u0131n\u0131n s\u0259dridir. 101.az\u00a0x\u0259b\u0259r\u00a0verir ki, sentyabr\u0131n 27-si s\u0259h\u0259r saatlar\u0131ndan ba\u015flayan Az\u0259rbaycan torpaqlar\u0131 u\u011frunda d\u00f6y\u00fc\u015fl\u0259r ba\u015flayandan, bir \u00e7ox yerli sahibkar, fiziki \u015f\u0259xs \u00f6z yard\u0131mlar\u0131n\u0131 \u0259sirg\u0259m\u0259di. Orduya d\u0259st\u0259k m\u0259qs\u0259dil\u0259 xalq k\u00f6n\u00fcll\u00fc s\u0259f\u0259rb\u0259rliy\u0259 gedir, \u0259sg\u0259rl\u0259rin \u0259rzaq, su v\u0259 s. ehtiyaclar\u0131n\u0131 \u00f6d\u0259m\u0259k \u00fc\u00e7\u00fcn yard\u0131mlar edir, yaral\u0131lara k\u00f6m\u0259k \u00fc\u00e7\u00fcn qan verm\u0259y\u0259 \u00e7al\u0131\u015f\u0131rd\u0131. H\u0259r yard\u0131m etdiyind\u0259 ad\u0131n\u0131n gizli qalmas\u0131n\u0131 ist\u0259y\u0259n, \u0259sl\u0259n \u015eamax\u0131dan olan Oleq Krapivin \u0130kinci V\u0259t\u0259n m\u00fcharib\u0259sinin ilk g\u00fcn\u00fcnd\u0259n -q\u0259l\u0259b\u0259 g\u00fcn\u00fcm\u00fcz\u0259d\u0259k az\u0259rbaycanl\u0131lar\u0131m\u0131zla \u00e7iyin-\u00e7iyin\u0259 arxa c\u0259bh\u0259d\u0259 \u00f6z m\u00fcbariz\u0259sini apard\u0131.Az\u0259rbaycan&hellip;<\/p>\n","protected":false},"author":2,"featured_media":241074,"comment_status":"closed","ping_status":"closed","sticky":false,"template":"","format":"standard","meta":{"om_disable_all_campaigns":false,"_monsterinsights_skip_tracking":false,"_monsterinsights_sitenote_active":false,"_monsterinsights_sitenote_note":"","_monsterinsights_sitenote_category":0},"categories":[19],"tags":[],"aioseo_notices":[],"gutentor_comment":0,"rttpg_featured_image_url":{"full":["https:\/\/arantv.az\/wp-content\/uploads\/2020\/11\/127142444_2059986310974994_3912061650196.jpg",366,249,false],"landscape":["https:\/\/arantv.az\/wp-content\/uploads\/2020\/11\/127142444_2059986310974994_3912061650196.jpg",366,249,false],"portraits":["https:\/\/arantv.az\/wp-content\/uploads\/2020\/11\/127142444_2059986310974994_3912061650196.jpg",366,249,false],"thumbnail":["https:\/\/arantv.az\/wp-content\/uploads\/2020\/11\/127142444_2059986310974994_3912061650196-150x150.jpg",150,150,true],"medium":["https:\/\/arantv.az\/wp-content\/uploads\/2020\/11\/127142444_2059986310974994_3912061650196-300x204.jpg",300,204,true],"large":["https:\/\/arantv.az\/wp-content\/uploads\/2020\/11\/127142444_2059986310974994_3912061650196.jpg",366,249,false],"1536x1536":["https:\/\/arantv.az\/wp-content\/uploads\/2020\/11\/127142444_2059986310974994_3912061650196.jpg",366,249,false],"2048x2048":["https:\/\/arantv.az\/wp-content\/uploads\/2020\/11\/127142444_2059986310974994_3912061650196.jpg",366,249,false],"post-thumbnail":["https:\/\/arantv.az\/wp-content\/uploads\/2020\/11\/127142444_2059986310974994_3912061650196-240x172.jpg",240,172,true],"advps-thumb-one":["https:\/\/arantv.az\/wp-content\/uploads\/2020\/11\/127142444_2059986310974994_3912061650196.jpg",366,249,false]},"rttpg_author":{"display_name":"V\u00fcsal Rafiqo\u011flu","author_link":"https:\/\/arantv.az\/?author=2"},"rttpg_comment":0,"rttpg_category":"<a href=\"https:\/\/arantv.az\/?cat=19\" rel=\"category\">G\u00fcnd\u0259m<\/a>","rttpg_excerpt":"Krapivin Kiyevd\u0259 h\u0259m d\u0259 &#8220;Oleq Bakinski&#8221; kimi tan\u0131n\u0131r. O, Az\u0259rbaycan diasporunun liderl\u0259rind\u0259n say\u0131l\u0131r. Ukrayna Az\u0259rbaycanl\u0131lar\u0131 Konqresinin Kiyev \u015f\u0259h\u0259r t\u0259\u015fkilat\u0131n\u0131n s\u0259dridir. 101.az\u00a0x\u0259b\u0259r\u00a0verir ki, sentyabr\u0131n 27-si s\u0259h\u0259r saatlar\u0131ndan ba\u015flayan Az\u0259rbaycan torpaqlar\u0131 u\u011frunda d\u00f6y\u00fc\u015fl\u0259r ba\u015flayandan, bir \u00e7ox yerli sahibkar, fiziki \u015f\u0259xs \u00f6z yard\u0131mlar\u0131n\u0131 \u0259sirg\u0259m\u0259di. Orduya d\u0259st\u0259k m\u0259qs\u0259dil\u0259 xalq k\u00f6n\u00fcll\u00fc s\u0259f\u0259rb\u0259rliy\u0259 gedir, \u0259sg\u0259rl\u0259rin \u0259rzaq, su v\u0259 s. ehtiyaclar\u0131n\u0131 \u00f6d\u0259m\u0259k&hellip;","_links":{"self":[{"href":"https:\/\/arantv.az\/index.php?rest_route=\/wp\/v2\/posts\/241073"}],"collection":[{"href":"https:\/\/arantv.az\/index.php?rest_route=\/wp\/v2\/posts"}],"about":[{"href":"https:\/\/arantv.az\/index.php?rest_route=\/wp\/v2\/types\/post"}],"author":[{"embeddable":true,"href":"https:\/\/arantv.az\/index.php?rest_route=\/wp\/v2\/users\/2"}],"replies":[{"embeddable":true,"href":"https:\/\/arantv.az\/index.php?rest_route=%2Fwp%2Fv2%2Fcomments&post=241073"}],"version-history":[{"count":0,"href":"https:\/\/arantv.az\/index.php?rest_route=\/wp\/v2\/posts\/241073\/revisions"}],"wp:featuredmedia":[{"embeddable":true,"href":"https:\/\/arantv.az\/index.php?rest_route=\/wp\/v2\/media\/241074"}],"wp:attachment":[{"href":"https:\/\/arantv.az\/index.php?rest_route=%2Fwp%2Fv2%2Fmedia&parent=241073"}],"wp:term":[{"taxonomy":"category","embeddable":true,"href":"https:\/\/arantv.az\/index.php?rest_route=%2Fwp%2Fv2%2Fcategories&post=241073"},{"taxonomy":"post_tag","embeddable":true,"href":"https:\/\/arantv.az\/index.php?rest_route=%2Fwp%2Fv2%2Ftags&post=241073"}],"curies":[{"name":"wp","href":"https:\/\/api.w.org\/{rel}","templated":true}]}}