{"id":241085,"date":"2020-11-23T15:35:00","date_gmt":"2020-11-23T12:35:00","guid":{"rendered":"http:\/\/arantv.az\/?p=241085"},"modified":"2020-11-23T15:35:00","modified_gmt":"2020-11-23T12:35:00","slug":"isgaldan-azad-edil%c9%99n-rayonlarda-turizm-nec%c9%99-t%c9%99skil-olunacaq-agentlik-aciqladi","status":"publish","type":"post","link":"https:\/\/arantv.az\/?p=241085","title":{"rendered":"\u0130\u015f\u011faldan azad edil\u0259n rayonlarda turizm nec\u0259 t\u0259\u015fkil olunacaq? &#8211; Agentlik a\u00e7\u0131qlad\u0131"},"content":{"rendered":"<p><strong>Erm\u0259ni i\u015f\u011fal\u0131ndan azad edil\u0259n Qaraba\u011f v\u0259 \u0259traf rayonlar\u0131n turizm imkanlar\u0131ndan tam istifad\u0259 \u00fc\u00e7 \u0259sas amil t\u0259min edildikd\u0259n sonra m\u00fcmk\u00fcn olacaq.<\/strong><\/p>\n<p><strong>ARANTV.AZ<\/strong> bildirir ki, bunu\u00a0<a href=\"http:\/\/az.trend.az\/\" target=\"_blank\" rel=\"noopener\">Trend<\/a>-\u0259\u00a0D\u00f6vl\u0259t Turizm Agentliyinin m\u0259tbuat katibi\u00a0<strong>K\u0259nan Quluzad\u0259<\/strong>\u00a0deyib.<\/p>\n<p>K.Quluzad\u0259 qeyd edib ki, bu amill\u0259r ilk n\u00f6vb\u0259d\u0259 t\u0259hl\u00fck\u0259sizlik, \u0259halinin oraya qay\u0131d\u0131\u015f\u0131 v\u0259 ya\u015fay\u0131\u015f\u0131n\u0131n t\u0259min olunmas\u0131d\u0131r:<\/p>\n<p>&#8220;Ya\u015fay\u0131\u015f olmayan yerd\u0259, \u0259slind\u0259, turizm d\u0259 olmur. \u00dc\u00e7\u00fcnc\u00fc amil is\u0259 infrastrukturun yarad\u0131lmas\u0131d\u0131r. Bu 3 amil olduqdan sonra Qaraba\u011f v\u0259 \u0259traf rayonlarda yeni turizm m\u0259hsullar\u0131 yarad\u0131lacaq v\u0259 o, yerli, xarici turistl\u0259r\u0259 t\u0259qdim edil\u0259c\u0259k&#8221;.<\/p>\n<p>Agentlik r\u0259smisi \u0259lav\u0259 edib ki, h\u0259min zonada ilk m\u0259rh\u0259l\u0259d\u0259 daxili turizmin t\u0259\u015fkili \u0259sas istiqam\u0259t olacaq.<\/p>\n<div>\n<div id=\"AdviadNativeVideo0\" class=\"AdviadNativeVideo\"><\/div>\n<\/div>\n<p>Onun s\u00f6zl\u0259rin\u0259 g\u00f6r\u0259, bu b\u00f6lg\u0259l\u0259r\u0259 ilk m\u0259rh\u0259l\u0259d\u0259 daha \u00e7ox ziyar\u0259t tipli turizmin t\u0259\u015fkili, infrastruktur tam b\u0259rpa edildikd\u0259n sonra is\u0259 istirah\u0259t turizminin t\u0259\u015fkili n\u0259z\u0259rd\u0259 tutulur.<\/p>\n","protected":false},"excerpt":{"rendered":"<p>Erm\u0259ni i\u015f\u011fal\u0131ndan azad edil\u0259n Qaraba\u011f v\u0259 \u0259traf rayonlar\u0131n turizm imkanlar\u0131ndan tam istifad\u0259 \u00fc\u00e7 \u0259sas amil t\u0259min edildikd\u0259n sonra m\u00fcmk\u00fcn olacaq. ARANTV.AZ bildirir ki, bunu\u00a0Trend-\u0259\u00a0D\u00f6vl\u0259t Turizm Agentliyinin m\u0259tbuat katibi\u00a0K\u0259nan Quluzad\u0259\u00a0deyib. K.Quluzad\u0259 qeyd edib ki, bu amill\u0259r ilk n\u00f6vb\u0259d\u0259 t\u0259hl\u00fck\u0259sizlik, \u0259halinin oraya qay\u0131d\u0131\u015f\u0131 v\u0259 ya\u015fay\u0131\u015f\u0131n\u0131n t\u0259min olunmas\u0131d\u0131r: &#8220;Ya\u015fay\u0131\u015f olmayan yerd\u0259, \u0259slind\u0259, turizm d\u0259 olmur. \u00dc\u00e7\u00fcnc\u00fc amil is\u0259 infrastrukturun yarad\u0131lmas\u0131d\u0131r. Bu 3 amil olduqdan sonra Qaraba\u011f v\u0259 \u0259traf rayonlarda yeni turizm m\u0259hsullar\u0131 yarad\u0131lacaq v\u0259 o, yerli, xarici turistl\u0259r\u0259 t\u0259qdim edil\u0259c\u0259k&#8221;. Agentlik r\u0259smisi \u0259lav\u0259 edib ki, h\u0259min zonada ilk m\u0259rh\u0259l\u0259d\u0259 daxili turizmin t\u0259\u015fkili \u0259sas&hellip;<\/p>\n","protected":false},"author":2,"featured_media":241086,"comment_status":"closed","ping_status":"closed","sticky":false,"template":"","format":"standard","meta":{"om_disable_all_campaigns":false,"_monsterinsights_skip_tracking":false,"_monsterinsights_sitenote_active":false,"_monsterinsights_sitenote_note":"","_monsterinsights_sitenote_category":0},"categories":[26],"tags":[],"aioseo_notices":[],"gutentor_comment":0,"rttpg_featured_image_url":{"full":["https:\/\/arantv.az\/wp-content\/uploads\/2020\/11\/899468.jpg",800,600,false],"landscape":["https:\/\/arantv.az\/wp-content\/uploads\/2020\/11\/899468.jpg",800,600,false],"portraits":["https:\/\/arantv.az\/wp-content\/uploads\/2020\/11\/899468.jpg",800,600,false],"thumbnail":["https:\/\/arantv.az\/wp-content\/uploads\/2020\/11\/899468-150x150.jpg",150,150,true],"medium":["https:\/\/arantv.az\/wp-content\/uploads\/2020\/11\/899468-300x225.jpg",300,225,true],"large":["https:\/\/arantv.az\/wp-content\/uploads\/2020\/11\/899468.jpg",640,480,false],"1536x1536":["https:\/\/arantv.az\/wp-content\/uploads\/2020\/11\/899468.jpg",800,600,false],"2048x2048":["https:\/\/arantv.az\/wp-content\/uploads\/2020\/11\/899468.jpg",800,600,false],"post-thumbnail":["https:\/\/arantv.az\/wp-content\/uploads\/2020\/11\/899468-240x172.jpg",240,172,true],"advps-thumb-one":["https:\/\/arantv.az\/wp-content\/uploads\/2020\/11\/899468.jpg",800,600,false]},"rttpg_author":{"display_name":"V\u00fcsal Rafiqo\u011flu","author_link":"https:\/\/arantv.az\/?author=2"},"rttpg_comment":0,"rttpg_category":"<a href=\"https:\/\/arantv.az\/?cat=26\" rel=\"category\">Sosial<\/a>","rttpg_excerpt":"Erm\u0259ni i\u015f\u011fal\u0131ndan azad edil\u0259n Qaraba\u011f v\u0259 \u0259traf rayonlar\u0131n turizm imkanlar\u0131ndan tam istifad\u0259 \u00fc\u00e7 \u0259sas amil t\u0259min edildikd\u0259n sonra m\u00fcmk\u00fcn olacaq. ARANTV.AZ bildirir ki, bunu\u00a0Trend-\u0259\u00a0D\u00f6vl\u0259t Turizm Agentliyinin m\u0259tbuat katibi\u00a0K\u0259nan Quluzad\u0259\u00a0deyib. K.Quluzad\u0259 qeyd edib ki, bu amill\u0259r ilk n\u00f6vb\u0259d\u0259 t\u0259hl\u00fck\u0259sizlik, \u0259halinin oraya qay\u0131d\u0131\u015f\u0131 v\u0259 ya\u015fay\u0131\u015f\u0131n\u0131n t\u0259min olunmas\u0131d\u0131r: &#8220;Ya\u015fay\u0131\u015f olmayan yerd\u0259, \u0259slind\u0259, turizm d\u0259 olmur. \u00dc\u00e7\u00fcnc\u00fc amil is\u0259&hellip;","_links":{"self":[{"href":"https:\/\/arantv.az\/index.php?rest_route=\/wp\/v2\/posts\/241085"}],"collection":[{"href":"https:\/\/arantv.az\/index.php?rest_route=\/wp\/v2\/posts"}],"about":[{"href":"https:\/\/arantv.az\/index.php?rest_route=\/wp\/v2\/types\/post"}],"author":[{"embeddable":true,"href":"https:\/\/arantv.az\/index.php?rest_route=\/wp\/v2\/users\/2"}],"replies":[{"embeddable":true,"href":"https:\/\/arantv.az\/index.php?rest_route=%2Fwp%2Fv2%2Fcomments&post=241085"}],"version-history":[{"count":0,"href":"https:\/\/arantv.az\/index.php?rest_route=\/wp\/v2\/posts\/241085\/revisions"}],"wp:featuredmedia":[{"embeddable":true,"href":"https:\/\/arantv.az\/index.php?rest_route=\/wp\/v2\/media\/241086"}],"wp:attachment":[{"href":"https:\/\/arantv.az\/index.php?rest_route=%2Fwp%2Fv2%2Fmedia&parent=241085"}],"wp:term":[{"taxonomy":"category","embeddable":true,"href":"https:\/\/arantv.az\/index.php?rest_route=%2Fwp%2Fv2%2Fcategories&post=241085"},{"taxonomy":"post_tag","embeddable":true,"href":"https:\/\/arantv.az\/index.php?rest_route=%2Fwp%2Fv2%2Ftags&post=241085"}],"curies":[{"name":"wp","href":"https:\/\/api.w.org\/{rel}","templated":true}]}}